{"id":3893,"date":"2014-09-17T12:48:10","date_gmt":"2014-09-17T11:48:10","guid":{"rendered":"https:\/\/www.preservons-la-nature.fr\/blog\/?p=3893"},"modified":"2014-09-17T12:48:10","modified_gmt":"2014-09-17T11:48:10","slug":"erica-ciliaris-loefl-ex-l-bruyere-ciliee","status":"publish","type":"post","link":"https:\/\/preservons-la-nature.fr\/blog\/?p=3893","title":{"rendered":"Erica ciliaris Loefl. ex L. ( Bruy\u00e8re cili\u00e9e )"},"content":{"rendered":"<p><STRONG>Une fiche plus r&eacute;cente existe, vous pouvez la consulter <a href=\"https:\/\/www.preservons-la-nature.fr\/flore\/taxon\/2290.html\">ICI<\/a><\/STRONG><div id=\"attachment_3895\" style=\"width: 543px\" class=\"wp-caption aligncenter\"><a href=\"https:\/\/www.preservons-la-nature.fr\/blog\/wp-content\/uploads\/2014\/09\/DSC00204.jpg\" target=\"_blank\"><img loading=\"lazy\" decoding=\"async\" aria-describedby=\"caption-attachment-3895\" class=\"wp-image-3895 size-large\" title=\"Erica ciliaris Loefl. ex L. ( Bruy\u00e8re cili\u00e9e )\" src=\"https:\/\/www.preservons-la-nature.fr\/blog\/wp-content\/uploads\/2014\/09\/DSC00204-533x800.jpg\" alt=\"Erica ciliaris Loefl. ex L. ( Bruy\u00e8re cili\u00e9e )\" width=\"533\" height=\"800\" srcset=\"https:\/\/preservons-la-nature.fr\/blog\/wp-content\/uploads\/2014\/09\/DSC00204-533x800.jpg 533w, https:\/\/preservons-la-nature.fr\/blog\/wp-content\/uploads\/2014\/09\/DSC00204-200x300.jpg 200w, https:\/\/preservons-la-nature.fr\/blog\/wp-content\/uploads\/2014\/09\/DSC00204.jpg 667w\" sizes=\"auto, (max-width: 533px) 100vw, 533px\" \/><\/a><p id=\"caption-attachment-3895\" class=\"wp-caption-text\">Erica ciliaris Loefl. ex L. ( Bruy\u00e8re cili\u00e9e )<\/p><\/div><\/p>\n<p><strong><span style=\"text-decoration: underline;\">Nom :<\/span><\/strong> <i>Erica ciliaris Loefl. ex L.<\/i> ( Bruy\u00e8re cili\u00e9e )<\/p>\n<p><strong><span style=\"text-decoration: underline;\">Autre(s) nom(s) :<\/span><\/strong><br \/>\nBruy\u00e8re cili\u00e9e.<\/p>\n<p><strong><span style=\"text-decoration: underline;\">Famille :<\/span><\/strong> ERICACEAE<\/p>\n<p><strong><span style=\"text-decoration: underline;\">Floraison :<\/span><\/strong> Juin &#8211; Octobre<\/p>\n<p><strong><span style=\"text-decoration: underline;\">Protection :<\/span><\/strong><br \/>\n&#8211; Liste des esp\u00e8ces v\u00e9g\u00e9tales prot\u00e9g\u00e9es en r\u00e9gion Basse-Normandie Article 1 (1995)<br \/>\n&#8211; Liste des esp\u00e8ces v\u00e9g\u00e9tales prot\u00e9g\u00e9es en r\u00e9gion Centre Article 1 (1993)<br \/>\n&#8211; Liste des esp\u00e8ces v\u00e9g\u00e9tales prot\u00e9g\u00e9es en r\u00e9gion \u00cele-de-France Article 1 (1991)<br \/>\n&#8211; Liste des esp\u00e8ces v\u00e9g\u00e9tales prot\u00e9g\u00e9es en r\u00e9gion Midi-Pyr\u00e9n\u00e9es Article 6 (2004)<\/p>\n<p><strong><span style=\"text-decoration: underline;\">Description dans la flore de Coste :<\/span><\/strong><br \/>\nSous-arbrisseau de 30-80 cm, \u00e0 tiges tortueuses, \u00e0 rameaux h\u00e9riss\u00e9s de poils parfois glanduleux ; feuilles verticill\u00e9es par 3-4, longues de 2-3 mm, ovales-aigu\u00ebs, blanch\u00e2tres en dessous, bord\u00e9es de cils raides ; fleurs purpurines, en grappes spiciformes unilat\u00e9rales ; p\u00e9doncules bien plus courts que les fleurs ; calice \u00e0 lobes lanc\u00e9ol\u00e9s, longuement cili\u00e9s, 5-6 fois plus courts que la corolle ; celle-ci en grelot tubuleux (8-10 mm), un peu renfl\u00e9e au milieu et courb\u00e9e au sommet, \u00e0 dents tr\u00e8s courtes ; anth\u00e8res incluses, sans cornes ; style saillant ; capsule glabre.<\/p>\n<div id=\"attachment_3894\" style=\"width: 543px\" class=\"wp-caption aligncenter\"><a href=\"https:\/\/www.preservons-la-nature.fr\/blog\/wp-content\/uploads\/2014\/09\/DSC00197.jpg\" target=\"_blank\"><img loading=\"lazy\" decoding=\"async\" aria-describedby=\"caption-attachment-3894\" class=\"wp-image-3894 size-large\" title=\"Erica ciliaris Loefl. ex L. ( Bruy\u00e8re cili\u00e9e )\" src=\"https:\/\/www.preservons-la-nature.fr\/blog\/wp-content\/uploads\/2014\/09\/DSC00197-533x800.jpg\" alt=\"Erica ciliaris Loefl. ex L. ( Bruy\u00e8re cili\u00e9e )\" width=\"533\" height=\"800\" srcset=\"https:\/\/preservons-la-nature.fr\/blog\/wp-content\/uploads\/2014\/09\/DSC00197-533x800.jpg 533w, https:\/\/preservons-la-nature.fr\/blog\/wp-content\/uploads\/2014\/09\/DSC00197-200x300.jpg 200w, https:\/\/preservons-la-nature.fr\/blog\/wp-content\/uploads\/2014\/09\/DSC00197.jpg 667w\" sizes=\"auto, (max-width: 533px) 100vw, 533px\" \/><\/a><p id=\"caption-attachment-3894\" class=\"wp-caption-text\">Erica ciliaris Loefl. ex L. ( Bruy\u00e8re cili\u00e9e )<\/p><\/div>\n<p><strong><span style=\"text-decoration: underline;\">Pr\u00e9sent dans le(s) d\u00e9partement(s) suivant(s) :<\/span><\/strong><br \/>\nCalvados, Charente, Charente-Maritime, C\u00f4tes-d&rsquo;Armor, Deux-S\u00e8vres, Dordogne, Finist\u00e8re, Gers, Gironde, Haute-Vienne, Ille-et-Vilaine, Indre-et-Loire, Landes, Loire-Atlantique, Lot-et-Garonne, Maine-et-Loire, Manche, Mayenne, Morbihan, Orne, Pyr\u00e9n\u00e9es-Atlantiques, Sarthe, Vend\u00e9e, Vienne, Yvelines.<\/p>\n<div id=\"attachment_3896\" style=\"width: 610px\" class=\"wp-caption aligncenter\"><a href=\"https:\/\/www.preservons-la-nature.fr\/blog\/wp-content\/uploads\/2014\/09\/carte11.jpg\"><img loading=\"lazy\" decoding=\"async\" aria-describedby=\"caption-attachment-3896\" class=\"size-full wp-image-3896\" src=\"https:\/\/www.preservons-la-nature.fr\/blog\/wp-content\/uploads\/2014\/09\/carte11.jpg\" alt=\"R\u00e9partition d'Erica ciliaris Loefl. ex L. ( Bruy\u00e8re cili\u00e9e )\" width=\"600\" height=\"600\" srcset=\"https:\/\/preservons-la-nature.fr\/blog\/wp-content\/uploads\/2014\/09\/carte11.jpg 600w, https:\/\/preservons-la-nature.fr\/blog\/wp-content\/uploads\/2014\/09\/carte11-150x150.jpg 150w, https:\/\/preservons-la-nature.fr\/blog\/wp-content\/uploads\/2014\/09\/carte11-300x300.jpg 300w\" sizes=\"auto, (max-width: 600px) 100vw, 600px\" \/><\/a><p id=\"caption-attachment-3896\" class=\"wp-caption-text\">R\u00e9partition d&rsquo;Erica ciliaris Loefl. ex L. ( Bruy\u00e8re cili\u00e9e )<\/p><\/div>\n<p><strong><span style=\"text-decoration: underline;\">Phytosociologie :<\/span><i><\/i><\/strong><\/p>\n<table>\n<tbody>\n<tr>\n<td>Alliance<\/td>\n<td>Ordre<\/td>\n<td>Classe<\/td>\n<\/tr>\n<tr>\n<td><strong>Dactylido oceanicae-Ulicion maritimi<\/strong><\/td>\n<td><strong>Ulicetalia minoris<\/strong><\/td>\n<td><strong>Calluno vulgaris-Ulicetea minoris<\/strong><\/td>\n<\/tr>\n<tr>\n<td>Communaut\u00e9s maritimes atlantiques, g\u00e9n\u00e9ralement primaires.<\/td>\n<td>Landes cantabro- et m\u00e9diterran\u00e9o-atlantiques.<\/td>\n<td>V\u00e9g\u00e9tation de lande, \u00e0 dominance de cham\u00e9phytes et nanophan\u00e9rophytes, appartenant principalement aux Ericac\u00e9es et Fabac\u00e9es.<\/td>\n<\/tr>\n<\/tbody>\n<\/table>\n<table>\n<tbody>\n<tr>\n<td>Alliance<\/td>\n<td>Ordre<\/td>\n<td>Classe<\/td>\n<\/tr>\n<tr>\n<td><strong>Juncion acutiflori<\/strong><\/td>\n<td><strong>Molinietalia caeruleae<\/strong><\/td>\n<td><strong>Molinio caeruleae-Juncetea acutiflori<\/strong><\/td>\n<\/tr>\n<tr>\n<td>Communaut\u00e9s atlantiques \u00e0 montagnardes sur sol m\u00e9sotrophe.<\/td>\n<td>Communaut\u00e9s non m\u00e9diterran\u00e9ennes sur sols tourbeux \u00e0 paratourbeux.<\/td>\n<td>Prairies hygrophiles \u00e0 m\u00e9sohygrophiles, sur sol oligotrophe \u00e0 m\u00e9sotrophe.<\/td>\n<\/tr>\n<\/tbody>\n<\/table>\n<table>\n<tbody>\n<tr>\n<td>Sous-alliance<\/td>\n<td>Alliance<\/td>\n<td>Ordre<\/td>\n<td>Classe<\/td>\n<\/tr>\n<tr>\n<td><strong>Ulici minoris-Ericenion ciliaris<\/strong><\/td>\n<td><strong>Ulicion minoris<\/strong><\/td>\n<td><strong>Ulicetalia minoris<\/strong><\/td>\n<td><strong>Calluno vulgaris-Ulicetea minoris<\/strong><\/td>\n<\/tr>\n<tr>\n<td>Communaut\u00e9s m\u00e9sophiles et humides.<\/td>\n<td>Communaut\u00e9s atlantiques non maritimes, g\u00e9n\u00e9ralement secondaires.<\/td>\n<td>Landes cantabro- et m\u00e9diterran\u00e9o-atlantiques.<\/td>\n<td>V\u00e9g\u00e9tation de lande, \u00e0 dominance de cham\u00e9phytes et nanophan\u00e9rophytes, appartenant principalement aux Ericac\u00e9es et Fabac\u00e9es.<\/td>\n<\/tr>\n<\/tbody>\n<\/table>\n<table>\n<tbody>\n<tr>\n<td>Alliance<\/td>\n<td>Ordre<\/td>\n<td>Classe<\/td>\n<\/tr>\n<tr>\n<td><strong>Ulicion minoris<\/strong><\/td>\n<td><strong>Ulicetalia minoris<\/strong><\/td>\n<td><strong>Calluno vulgaris-Ulicetea minoris<\/strong><\/td>\n<\/tr>\n<tr>\n<td>Communaut\u00e9s atlantiques non maritimes, g\u00e9n\u00e9ralement secondaires.<\/td>\n<td>Landes cantabro- et m\u00e9diterran\u00e9o-atlantiques.<\/td>\n<td>V\u00e9g\u00e9tation de lande, \u00e0 dominance de cham\u00e9phytes et nanophan\u00e9rophytes, appartenant principalement aux Ericac\u00e9es et Fabac\u00e9es.<\/td>\n<\/tr>\n<\/tbody>\n<\/table>\n<p><strong><span style=\"text-decoration: underline;\">Taxonomie :<\/span><\/strong><br \/>\n<i>Erica ciliaris Loefl. ex L.<\/i> a pour synonymes (Informations issues de la BDTFX Version 2.0, <a href=\"http:\/\/www.tela-botanica.org\" target=\"_blank\">Tela Botanica<\/a>) :<i><br \/>\n&#8211; Erica ciliata Bubani<br \/>\n&#8211; Ericodes ciliare (L.) Kuntze<br \/>\n<\/i><\/p>\n","protected":false},"excerpt":{"rendered":"<p>Une fiche plus r&eacute;cente existe, vous pouvez la consulter ICI Nom : Erica ciliaris Loefl. ex L. ( Bruy\u00e8re cili\u00e9e ) Autre(s) nom(s) : Bruy\u00e8re cili\u00e9e. Famille : ERICACEAE Floraison : Juin &#8211; Octobre Protection : &#8211; Liste des esp\u00e8ces &hellip; <a href=\"https:\/\/preservons-la-nature.fr\/blog\/?p=3893\">Continuer la lecture <span class=\"meta-nav\">&rarr;<\/span><\/a><\/p>\n","protected":false},"author":1,"featured_media":0,"comment_status":"open","ping_status":"open","sticky":false,"template":"","format":"standard","meta":{"footnotes":""},"categories":[102],"tags":[133],"class_list":["post-3893","post","type-post","status-publish","format-standard","hentry","category-fiche-partielle-de-plantes","tag-ericaceae"],"_links":{"self":[{"href":"https:\/\/preservons-la-nature.fr\/blog\/index.php?rest_route=\/wp\/v2\/posts\/3893","targetHints":{"allow":["GET"]}}],"collection":[{"href":"https:\/\/preservons-la-nature.fr\/blog\/index.php?rest_route=\/wp\/v2\/posts"}],"about":[{"href":"https:\/\/preservons-la-nature.fr\/blog\/index.php?rest_route=\/wp\/v2\/types\/post"}],"author":[{"embeddable":true,"href":"https:\/\/preservons-la-nature.fr\/blog\/index.php?rest_route=\/wp\/v2\/users\/1"}],"replies":[{"embeddable":true,"href":"https:\/\/preservons-la-nature.fr\/blog\/index.php?rest_route=%2Fwp%2Fv2%2Fcomments&post=3893"}],"version-history":[{"count":1,"href":"https:\/\/preservons-la-nature.fr\/blog\/index.php?rest_route=\/wp\/v2\/posts\/3893\/revisions"}],"predecessor-version":[{"id":3897,"href":"https:\/\/preservons-la-nature.fr\/blog\/index.php?rest_route=\/wp\/v2\/posts\/3893\/revisions\/3897"}],"wp:attachment":[{"href":"https:\/\/preservons-la-nature.fr\/blog\/index.php?rest_route=%2Fwp%2Fv2%2Fmedia&parent=3893"}],"wp:term":[{"taxonomy":"category","embeddable":true,"href":"https:\/\/preservons-la-nature.fr\/blog\/index.php?rest_route=%2Fwp%2Fv2%2Fcategories&post=3893"},{"taxonomy":"post_tag","embeddable":true,"href":"https:\/\/preservons-la-nature.fr\/blog\/index.php?rest_route=%2Fwp%2Fv2%2Ftags&post=3893"}],"curies":[{"name":"wp","href":"https:\/\/api.w.org\/{rel}","templated":true}]}}