{"id":3886,"date":"2014-09-11T13:19:23","date_gmt":"2014-09-11T12:19:23","guid":{"rendered":"https:\/\/www.preservons-la-nature.fr\/blog\/?p=3886"},"modified":"2014-09-11T13:22:39","modified_gmt":"2014-09-11T12:22:39","slug":"sortie-le-17-septembre-dun-empoisonnement-universel","status":"publish","type":"post","link":"https:\/\/preservons-la-nature.fr\/blog\/?p=3886","title":{"rendered":"Sortie le 17 septembre d&rsquo;Un empoisonnement universel !"},"content":{"rendered":"<div id=\"attachment_3888\" style=\"width: 273px\" class=\"wp-caption aligncenter\"><a href=\"https:\/\/www.preservons-la-nature.fr\/blog\/wp-content\/uploads\/2014\/09\/unempoisonnementuniversel.jpg\"><img loading=\"lazy\" decoding=\"async\" aria-describedby=\"caption-attachment-3888\" class=\"size-full wp-image-3888\" src=\"https:\/\/www.preservons-la-nature.fr\/blog\/wp-content\/uploads\/2014\/09\/unempoisonnementuniversel.jpg\" alt=\"Un empoisonnement universel\" width=\"263\" height=\"400\" srcset=\"https:\/\/preservons-la-nature.fr\/blog\/wp-content\/uploads\/2014\/09\/unempoisonnementuniversel.jpg 263w, https:\/\/preservons-la-nature.fr\/blog\/wp-content\/uploads\/2014\/09\/unempoisonnementuniversel-197x300.jpg 197w\" sizes=\"auto, (max-width: 263px) 100vw, 263px\" \/><\/a><p id=\"caption-attachment-3888\" class=\"wp-caption-text\">Un empoisonnement universel<\/p><\/div>\n<p>A ne pas manquer ce rendez-vous le 17 septembre dans toutes les bonnes librairies !<\/p>\n<p>Fabrice Nicolino :<\/p>\n<blockquote><p><strong>Une enqu\u00eate redoutable sur l\u2019invasion effrayante des produits chimiques dans notre quotidien et notre environnement.<\/strong><\/p>\n<p>C\u2019est un livre sans pr\u00e9c\u00e9dent. Jamais on n\u2019avait essay\u00e9 de r\u00e9unir tous les points pour faire enfin appara\u00eetre le dessin complet. Comment en est-on arriv\u00e9 l\u00e0 ? Comment et pourquoi l\u2019industrie chimique a pu lib\u00e9rer dans l\u2019eau, dans l\u2019air, dans le sol, dans les aliments, et jusque dans le sang des nouveau-n\u00e9s des millions de mol\u00e9cules chimiques, toute diff\u00e9rentes les unes des autres ?<\/p>\n<p>Quels sont les liens entre le temps des alchimistes et celui du prix Nobel de chimie Fritz Haber, grand criminel de guerre ? D\u2019o\u00f9 viennent Bayer, BASF, Dow Chemical, DuPont, Rh\u00f4ne-Poulenc ? Comment est-on pass\u00e9 de la bak\u00e9lite des boules de billard et des combin\u00e9s du t\u00e9l\u00e9phone au nylon, puis au DDT et aux perturbateurs endocriniens ? Pourquoi des maladies comme le cancer, l\u2019ob\u00e9sit\u00e9, le diab\u00e8te, Alzheimer, Parkinson, l\u2019asthme et m\u00eame l\u2019autisme flambent toutes en m\u00eame temps ? Qui est Th\u00e9o Colborn, la Rachel Carson du 21\u00e8me si\u00e8cle ? Pourquoi l\u2019OMS, la FAO, l\u2019ONU ne bougent-elles pas ? Pourquoi les agences de protection fran\u00e7aises regardent-elles ailleurs ? Comment les normes officielles ont-elles \u00e9t\u00e9 truqu\u00e9es ? Que contient vraiment l\u2019eau dite potable ? Comment les transnationales ont-elles organis\u00e9 une d\u00e9sinformation plan\u00e9taire sur cet empoisonnement universel ? Y a-t-il une chance de s\u2019en sortir ?<\/p>\n<p>Pour la premi\u00e8re fois, tout le dossier est enfin rendu public. Il est effrayant, mais un peuple adulte n\u2019a-t-il pas le droit de savoir ? Ce livre, qui donne des noms, des faits, des accointances, ne peut rester sans r\u00e9ponse. C\u2019est l\u2019heure de se lever.<\/p><\/blockquote>\n","protected":false},"excerpt":{"rendered":"<p>A ne pas manquer ce rendez-vous le 17 septembre dans toutes les bonnes librairies ! Fabrice Nicolino : Une enqu\u00eate redoutable sur l\u2019invasion effrayante des produits chimiques dans notre quotidien et notre environnement. C\u2019est un livre sans pr\u00e9c\u00e9dent. Jamais on &hellip; <a href=\"https:\/\/preservons-la-nature.fr\/blog\/?p=3886\">Continuer la lecture <span class=\"meta-nav\">&rarr;<\/span><\/a><\/p>\n","protected":false},"author":1,"featured_media":0,"comment_status":"open","ping_status":"open","sticky":false,"template":"","format":"standard","meta":{"footnotes":""},"categories":[22],"tags":[],"class_list":["post-3886","post","type-post","status-publish","format-standard","hentry","category-films-television-videos"],"_links":{"self":[{"href":"https:\/\/preservons-la-nature.fr\/blog\/index.php?rest_route=\/wp\/v2\/posts\/3886","targetHints":{"allow":["GET"]}}],"collection":[{"href":"https:\/\/preservons-la-nature.fr\/blog\/index.php?rest_route=\/wp\/v2\/posts"}],"about":[{"href":"https:\/\/preservons-la-nature.fr\/blog\/index.php?rest_route=\/wp\/v2\/types\/post"}],"author":[{"embeddable":true,"href":"https:\/\/preservons-la-nature.fr\/blog\/index.php?rest_route=\/wp\/v2\/users\/1"}],"replies":[{"embeddable":true,"href":"https:\/\/preservons-la-nature.fr\/blog\/index.php?rest_route=%2Fwp%2Fv2%2Fcomments&post=3886"}],"version-history":[{"count":3,"href":"https:\/\/preservons-la-nature.fr\/blog\/index.php?rest_route=\/wp\/v2\/posts\/3886\/revisions"}],"predecessor-version":[{"id":3890,"href":"https:\/\/preservons-la-nature.fr\/blog\/index.php?rest_route=\/wp\/v2\/posts\/3886\/revisions\/3890"}],"wp:attachment":[{"href":"https:\/\/preservons-la-nature.fr\/blog\/index.php?rest_route=%2Fwp%2Fv2%2Fmedia&parent=3886"}],"wp:term":[{"taxonomy":"category","embeddable":true,"href":"https:\/\/preservons-la-nature.fr\/blog\/index.php?rest_route=%2Fwp%2Fv2%2Fcategories&post=3886"},{"taxonomy":"post_tag","embeddable":true,"href":"https:\/\/preservons-la-nature.fr\/blog\/index.php?rest_route=%2Fwp%2Fv2%2Ftags&post=3886"}],"curies":[{"name":"wp","href":"https:\/\/api.w.org\/{rel}","templated":true}]}}