{"id":3880,"date":"2014-09-11T00:57:58","date_gmt":"2014-09-10T23:57:58","guid":{"rendered":"https:\/\/www.preservons-la-nature.fr\/blog\/?p=3880"},"modified":"2014-09-03T13:02:21","modified_gmt":"2014-09-03T12:02:21","slug":"eryngium-viviparum-j-gay-panicaut-vivipare","status":"publish","type":"post","link":"https:\/\/preservons-la-nature.fr\/blog\/?p=3880","title":{"rendered":"Eryngium viviparum J.Gay ( Panicaut vivipare )"},"content":{"rendered":"<p><STRONG>Une fiche plus r&eacute;cente existe, vous pouvez la consulter <a href=\"https:\/\/www.preservons-la-nature.fr\/flore\/taxon\/2322.html\">ICI<\/a><\/STRONG><div id=\"attachment_3881\" style=\"width: 1010px\" class=\"wp-caption aligncenter\"><a href=\"https:\/\/www.preservons-la-nature.fr\/blog\/wp-content\/uploads\/2014\/09\/DSC09485.jpg\" target=\"_blank\"><img loading=\"lazy\" decoding=\"async\" aria-describedby=\"caption-attachment-3881\" class=\"wp-image-3881 size-full\" title=\"Eryngium viviparum J.Gay ( Panicaut vivipare )\" src=\"https:\/\/www.preservons-la-nature.fr\/blog\/wp-content\/uploads\/2014\/09\/DSC09485.jpg\" alt=\"Eryngium viviparum J.Gay ( Panicaut vivipare )\" width=\"1000\" height=\"667\" srcset=\"https:\/\/preservons-la-nature.fr\/blog\/wp-content\/uploads\/2014\/09\/DSC09485.jpg 1000w, https:\/\/preservons-la-nature.fr\/blog\/wp-content\/uploads\/2014\/09\/DSC09485-300x200.jpg 300w\" sizes=\"auto, (max-width: 1000px) 100vw, 1000px\" \/><\/a><p id=\"caption-attachment-3881\" class=\"wp-caption-text\">Eryngium viviparum J.Gay ( Panicaut vivipare )<\/p><\/div><\/p>\n<p><strong><span style=\"text-decoration: underline;\">Nom :<\/span><\/strong> <i>Eryngium viviparum J.Gay<\/i> ( Panicaut vivipare )<\/p>\n<p><strong><span style=\"text-decoration: underline;\">Famille :<\/span><\/strong> APIACEAE<\/p>\n<p><strong><span style=\"text-decoration: underline;\">Floraison :<\/span><\/strong> Juillet &#8211; Septembre<\/p>\n<p><strong><span style=\"text-decoration: underline;\">Protection :<\/span><\/strong><br \/>\n&#8211; Convention de Berne (relative \u00e0 la conservation de la vie sauvage et du milieu naturel de l&rsquo;Europe)<br \/>\n&#8211; Directive 92\/43\/EEC (Directive europ\u00e9enne Habitats-Faune-Flore) Annexe II,IV,V<br \/>\n&#8211; Liste des esp\u00e8ces v\u00e9g\u00e9tales prot\u00e9g\u00e9es sur l&rsquo;ensemble du territoire fran\u00e7ais m\u00e9tropolitain Article 1<br \/>\n&#8211; Liste rouge europ\u00e9enne IUCN 2012 EN<br \/>\n&#8211; Liste rouge fran\u00e7aise IUCN 2012 CR<\/p>\n<p><strong><span style=\"text-decoration: underline;\">Description dans la flore de Coste :<\/span><\/strong><br \/>\nPlante vivace de 3-10 cm, d&rsquo;un vert bleu\u00e2tre, \u00e0 souche courte, tronqu\u00e9e ; tiges naissant autour d&rsquo;une ombelle radicale, gr\u00eales, rameuses-dichotomes, couch\u00e9es, les lat\u00e9rales souvent stolonif\u00e8res ; feuilles radicales ext\u00e9rieures oblongues-lanc\u00e9ol\u00e9es, cr\u00e9nel\u00e9es, att\u00e9nu\u00e9es en un long p\u00e9tiole \u00e0 base dent\u00e9e-spinescente ; les int\u00e9rieures et les caulinaires incis\u00e9es ou pennatifides \u00e0 lobes \u00e9pineux ; fleurs d&rsquo;un bleu clair, peu nombreuses, en t\u00eates petites, sessiles, terminales et axillaires ; involucre \u00e0 5 folioles \u00e9tal\u00e9es, lanc\u00e9ol\u00e9es-lin\u00e9aires, avec 1-2 \u00e9pines lat\u00e9rales ; paillettes plus courtes que les involucres ; calice fructif\u00e8re \u00e0 dents dress\u00e9es-convergentes ; fruit globuleux, nu \u00e0 la base, \u00e0 \u00e9cailles non ponctu\u00e9es.<\/p>\n<div id=\"attachment_3882\" style=\"width: 1010px\" class=\"wp-caption aligncenter\"><a href=\"https:\/\/www.preservons-la-nature.fr\/blog\/wp-content\/uploads\/2014\/09\/DSC09493.jpg\" target=\"_blank\"><img loading=\"lazy\" decoding=\"async\" aria-describedby=\"caption-attachment-3882\" class=\"wp-image-3882 size-full\" title=\"Eryngium viviparum J.Gay ( Panicaut vivipare )\" src=\"https:\/\/www.preservons-la-nature.fr\/blog\/wp-content\/uploads\/2014\/09\/DSC09493.jpg\" alt=\"Eryngium viviparum J.Gay ( Panicaut vivipare )\" width=\"1000\" height=\"667\" srcset=\"https:\/\/preservons-la-nature.fr\/blog\/wp-content\/uploads\/2014\/09\/DSC09493.jpg 1000w, https:\/\/preservons-la-nature.fr\/blog\/wp-content\/uploads\/2014\/09\/DSC09493-300x200.jpg 300w\" sizes=\"auto, (max-width: 1000px) 100vw, 1000px\" \/><\/a><p id=\"caption-attachment-3882\" class=\"wp-caption-text\">Eryngium viviparum J.Gay ( Panicaut vivipare )<\/p><\/div>\n<p><strong><span style=\"text-decoration: underline;\">Pr\u00e9sent dans le(s) d\u00e9partement(s) suivant(s) :<\/span><\/strong><br \/>\nMorbihan.<\/p>\n<div id=\"attachment_3883\" style=\"width: 610px\" class=\"wp-caption aligncenter\"><a href=\"https:\/\/www.preservons-la-nature.fr\/blog\/wp-content\/uploads\/2014\/09\/carte10.jpg\"><img loading=\"lazy\" decoding=\"async\" aria-describedby=\"caption-attachment-3883\" class=\"size-full wp-image-3883\" src=\"https:\/\/www.preservons-la-nature.fr\/blog\/wp-content\/uploads\/2014\/09\/carte10.jpg\" alt=\"R\u00e9partition d'Eryngium viviparum J.Gay ( Panicaut vivipare )\" width=\"600\" height=\"600\" srcset=\"https:\/\/preservons-la-nature.fr\/blog\/wp-content\/uploads\/2014\/09\/carte10.jpg 600w, https:\/\/preservons-la-nature.fr\/blog\/wp-content\/uploads\/2014\/09\/carte10-150x150.jpg 150w, https:\/\/preservons-la-nature.fr\/blog\/wp-content\/uploads\/2014\/09\/carte10-300x300.jpg 300w\" sizes=\"auto, (max-width: 600px) 100vw, 600px\" \/><\/a><p id=\"caption-attachment-3883\" class=\"wp-caption-text\">R\u00e9partition d&rsquo;Eryngium viviparum J.Gay ( Panicaut vivipare )<\/p><\/div>\n","protected":false},"excerpt":{"rendered":"<p>Une fiche plus r&eacute;cente existe, vous pouvez la consulter ICI Nom : Eryngium viviparum J.Gay ( Panicaut vivipare ) Famille : APIACEAE Floraison : Juillet &#8211; Septembre Protection : &#8211; Convention de Berne (relative \u00e0 la conservation de la vie &hellip; <a href=\"https:\/\/preservons-la-nature.fr\/blog\/?p=3880\">Continuer la lecture <span class=\"meta-nav\">&rarr;<\/span><\/a><\/p>\n","protected":false},"author":1,"featured_media":0,"comment_status":"open","ping_status":"open","sticky":false,"template":"","format":"standard","meta":{"footnotes":""},"categories":[102],"tags":[58],"class_list":["post-3880","post","type-post","status-publish","format-standard","hentry","category-fiche-partielle-de-plantes","tag-apiacees"],"_links":{"self":[{"href":"https:\/\/preservons-la-nature.fr\/blog\/index.php?rest_route=\/wp\/v2\/posts\/3880","targetHints":{"allow":["GET"]}}],"collection":[{"href":"https:\/\/preservons-la-nature.fr\/blog\/index.php?rest_route=\/wp\/v2\/posts"}],"about":[{"href":"https:\/\/preservons-la-nature.fr\/blog\/index.php?rest_route=\/wp\/v2\/types\/post"}],"author":[{"embeddable":true,"href":"https:\/\/preservons-la-nature.fr\/blog\/index.php?rest_route=\/wp\/v2\/users\/1"}],"replies":[{"embeddable":true,"href":"https:\/\/preservons-la-nature.fr\/blog\/index.php?rest_route=%2Fwp%2Fv2%2Fcomments&post=3880"}],"version-history":[{"count":1,"href":"https:\/\/preservons-la-nature.fr\/blog\/index.php?rest_route=\/wp\/v2\/posts\/3880\/revisions"}],"predecessor-version":[{"id":3884,"href":"https:\/\/preservons-la-nature.fr\/blog\/index.php?rest_route=\/wp\/v2\/posts\/3880\/revisions\/3884"}],"wp:attachment":[{"href":"https:\/\/preservons-la-nature.fr\/blog\/index.php?rest_route=%2Fwp%2Fv2%2Fmedia&parent=3880"}],"wp:term":[{"taxonomy":"category","embeddable":true,"href":"https:\/\/preservons-la-nature.fr\/blog\/index.php?rest_route=%2Fwp%2Fv2%2Fcategories&post=3880"},{"taxonomy":"post_tag","embeddable":true,"href":"https:\/\/preservons-la-nature.fr\/blog\/index.php?rest_route=%2Fwp%2Fv2%2Ftags&post=3880"}],"curies":[{"name":"wp","href":"https:\/\/api.w.org\/{rel}","templated":true}]}}