{"id":3875,"date":"2014-09-10T00:44:56","date_gmt":"2014-09-09T23:44:56","guid":{"rendered":"https:\/\/www.preservons-la-nature.fr\/blog\/?p=3875"},"modified":"2014-09-03T12:47:40","modified_gmt":"2014-09-03T11:47:40","slug":"eryngium-maritimum-l-panicault-de-mer","status":"publish","type":"post","link":"https:\/\/preservons-la-nature.fr\/blog\/?p=3875","title":{"rendered":"Eryngium maritimum L. ( Panicault de mer )"},"content":{"rendered":"<p><STRONG>Une fiche plus r&eacute;cente existe, vous pouvez la consulter <a href=\"https:\/\/www.preservons-la-nature.fr\/flore\/taxon\/2319.html\">ICI<\/a><\/STRONG><div id=\"attachment_3877\" style=\"width: 1010px\" class=\"wp-caption aligncenter\"><a href=\"https:\/\/www.preservons-la-nature.fr\/blog\/wp-content\/uploads\/2014\/09\/DSC09410.jpg\" target=\"_blank\"><img loading=\"lazy\" decoding=\"async\" aria-describedby=\"caption-attachment-3877\" class=\"wp-image-3877 size-full\" title=\"Eryngium maritimum L. ( Panicault de mer )\" src=\"https:\/\/www.preservons-la-nature.fr\/blog\/wp-content\/uploads\/2014\/09\/DSC09410.jpg\" alt=\"Eryngium maritimum L. ( Panicault de mer )\" width=\"1000\" height=\"667\" srcset=\"https:\/\/preservons-la-nature.fr\/blog\/wp-content\/uploads\/2014\/09\/DSC09410.jpg 1000w, https:\/\/preservons-la-nature.fr\/blog\/wp-content\/uploads\/2014\/09\/DSC09410-300x200.jpg 300w\" sizes=\"auto, (max-width: 1000px) 100vw, 1000px\" \/><\/a><p id=\"caption-attachment-3877\" class=\"wp-caption-text\">Eryngium maritimum L. ( Panicault de mer )<\/p><\/div><\/p>\n<p><strong><span style=\"text-decoration: underline;\">Nom :<\/span><\/strong> <i>Eryngium maritimum L.<\/i> ( Panicault de mer )<\/p>\n<p><strong><span style=\"text-decoration: underline;\">Autre(s) nom(s) :<\/span><\/strong><br \/>\nChardon bleu, Chardon des dunes.<\/p>\n<p><strong><span style=\"text-decoration: underline;\">Famille :<\/span><\/strong> APIACEAE<\/p>\n<p><strong><span style=\"text-decoration: underline;\">Floraison :<\/span><\/strong> Juin &#8211; Septembre<\/p>\n<p><strong><span style=\"text-decoration: underline;\">Protection :<\/span><\/strong><br \/>\n&#8211; Liste des esp\u00e8ces v\u00e9g\u00e9tales prot\u00e9g\u00e9es en r\u00e9gion Bretagne Article 1 (1987)<br \/>\n&#8211; Liste des esp\u00e8ces v\u00e9g\u00e9tales prot\u00e9g\u00e9es en r\u00e9gion Nord-Pas-de-Calais Article 1 (1991)<br \/>\n&#8211; Liste des esp\u00e8ces v\u00e9g\u00e9tales prot\u00e9g\u00e9es en r\u00e9gion Provence-Alpes-C\u00f4te-d&rsquo;Azur Article 1 (1994)<\/p>\n<p><strong><span style=\"text-decoration: underline;\">Description dans la flore de Coste :<\/span><\/strong><br \/>\nPlante vivace de 30-60 cm, d&rsquo;un glauque bleu\u00e2tre, tr\u00e8s \u00e9pineuse, \u00e0 souche \u00e9mettant des stolons souterrains ; tige dress\u00e9e, rameuse ; feuilles coriaces, orbiculaires en rein, palmatilob\u00e9es, \u00e0 lobes \u00e9tal\u00e9s, anguleux, dent\u00e9s-\u00e9pineux, les caulinaires moyennes \u00e0 gaine non \u00e9pineuse ; fleurs bleu\u00e2tres, en grosses t\u00eates subglobuleuses, p\u00e9doncul\u00e9es ; involucre bleu\u00e2tre, \u00e0 4-6 folioles \u00e9tal\u00e9es, larges, ovales ou rhombo\u00efdales, coriaces, incis\u00e9es-\u00e9pineuses ; paillettes ext\u00e9rieures \u00e0 3 \u00e9pines divergentes ; calice fructif\u00e8re \u00e0 dents \u00e9tal\u00e9es en \u00e9toile ; fruit obovale, muni d&rsquo;\u00e9cailles acumin\u00e9es.<\/p>\n<div id=\"attachment_3876\" style=\"width: 677px\" class=\"wp-caption aligncenter\"><a href=\"https:\/\/www.preservons-la-nature.fr\/blog\/wp-content\/uploads\/2014\/09\/DSC09372.jpg\" target=\"_blank\"><img loading=\"lazy\" decoding=\"async\" aria-describedby=\"caption-attachment-3876\" class=\"wp-image-3876 size-full\" title=\"Eryngium maritimum L. ( Panicault de mer )\" src=\"https:\/\/www.preservons-la-nature.fr\/blog\/wp-content\/uploads\/2014\/09\/DSC09372.jpg\" alt=\"Eryngium maritimum L. ( Panicault de mer )\" width=\"667\" height=\"1000\" srcset=\"https:\/\/preservons-la-nature.fr\/blog\/wp-content\/uploads\/2014\/09\/DSC09372.jpg 667w, https:\/\/preservons-la-nature.fr\/blog\/wp-content\/uploads\/2014\/09\/DSC09372-200x300.jpg 200w, https:\/\/preservons-la-nature.fr\/blog\/wp-content\/uploads\/2014\/09\/DSC09372-533x800.jpg 533w\" sizes=\"auto, (max-width: 667px) 100vw, 667px\" \/><\/a><p id=\"caption-attachment-3876\" class=\"wp-caption-text\">Eryngium maritimum L. ( Panicault de mer )<\/p><\/div>\n<p><strong><span style=\"text-decoration: underline;\">Pr\u00e9sent dans le(s) d\u00e9partement(s) suivant(s) :<\/span><\/strong><br \/>\nAisne, Alpes-Maritimes, Aude, Bouches-du-Rh\u00f4ne, Calvados, Charente-Maritime, Corse-du-Sud, C\u00f4tes-d&rsquo;Armor, Finist\u00e8re, Gard, Gironde, Haute-Corse, H\u00e9rault, Ille-et-Vilaine, Landes, Loire-Atlantique, Manche, Morbihan, Nord, Pas-de-Calais, Pyr\u00e9n\u00e9es-Orientales, Somme, Var, Vend\u00e9e.<\/p>\n<div id=\"attachment_3878\" style=\"width: 610px\" class=\"wp-caption aligncenter\"><a href=\"https:\/\/www.preservons-la-nature.fr\/blog\/wp-content\/uploads\/2014\/09\/carte9.jpg\"><img loading=\"lazy\" decoding=\"async\" aria-describedby=\"caption-attachment-3878\" class=\"size-full wp-image-3878\" src=\"https:\/\/www.preservons-la-nature.fr\/blog\/wp-content\/uploads\/2014\/09\/carte9.jpg\" alt=\"R\u00e9partition d'Eryngium maritimum L. ( Panicault de mer )\" width=\"600\" height=\"600\" srcset=\"https:\/\/preservons-la-nature.fr\/blog\/wp-content\/uploads\/2014\/09\/carte9.jpg 600w, https:\/\/preservons-la-nature.fr\/blog\/wp-content\/uploads\/2014\/09\/carte9-150x150.jpg 150w, https:\/\/preservons-la-nature.fr\/blog\/wp-content\/uploads\/2014\/09\/carte9-300x300.jpg 300w\" sizes=\"auto, (max-width: 600px) 100vw, 600px\" \/><\/a><p id=\"caption-attachment-3878\" class=\"wp-caption-text\">R\u00e9partition d&rsquo;Eryngium maritimum L. ( Panicault de mer )<\/p><\/div>\n<p><strong><span style=\"text-decoration: underline;\">Phytosociologie :<\/span><i><\/i><\/strong><\/p>\n<table>\n<tbody>\n<tr>\n<td>Ordre<\/td>\n<td>Classe<\/td>\n<\/tr>\n<tr>\n<td><strong>Ammophiletalia australis<\/strong><\/td>\n<td><strong>Euphorbio paraliae-Ammophiletea australis<\/strong><\/td>\n<\/tr>\n<tr>\n<td>Communaut\u00e9s des avant-dunes et dunes meubles \u00e0 semi-fix\u00e9es, essentiellement m\u00e9diterran\u00e9ennes avec irradiations pr\u00e9pontique et hyper-atlantique.<\/td>\n<td>V\u00e9g\u00e9tation vivace pionni\u00e8re des sables dunaires m\u00e9diterran\u00e9enne \u00e0 m\u00e9diterran\u00e9o-atlantique et pr\u00e9pontique.<\/td>\n<\/tr>\n<\/tbody>\n<\/table>\n<table>\n<tbody>\n<tr>\n<td>Alliance<\/td>\n<td>Ordre<\/td>\n<td>Classe<\/td>\n<\/tr>\n<tr>\n<td><strong>Ammophilion arenariae<\/strong><\/td>\n<td><strong>Ammophiletalia australis<\/strong><\/td>\n<td><strong>Euphorbio paraliae-Ammophiletea australis<\/strong><\/td>\n<\/tr>\n<tr>\n<td>Communaut\u00e9s cantabro-atlantiques (jusqu&rsquo;en Manche orientale).<\/td>\n<td>Communaut\u00e9s des avant-dunes et dunes meubles \u00e0 semi-fix\u00e9es, essentiellement m\u00e9diterran\u00e9ennes avec irradiations pr\u00e9pontique et hyper-atlantique.<\/td>\n<td>V\u00e9g\u00e9tation vivace pionni\u00e8re des sables dunaires m\u00e9diterran\u00e9enne \u00e0 m\u00e9diterran\u00e9o-atlantique et pr\u00e9pontique.<\/td>\n<\/tr>\n<\/tbody>\n<\/table>\n<table>\n<tbody>\n<tr>\n<td>Classe<\/td>\n<\/tr>\n<tr>\n<td><strong>Euphorbio paraliae-Ammophiletea australis<\/strong><\/td>\n<\/tr>\n<tr>\n<td>V\u00e9g\u00e9tation vivace pionni\u00e8re des sables dunaires m\u00e9diterran\u00e9enne \u00e0 m\u00e9diterran\u00e9o-atlantique et pr\u00e9pontique.<\/td>\n<\/tr>\n<\/tbody>\n<\/table>\n<table>\n<tbody>\n<tr>\n<td>Alliance<\/td>\n<td>Ordre<\/td>\n<td>Classe<\/td>\n<\/tr>\n<tr>\n<td><strong>Koelerion albescentis<\/strong><\/td>\n<td><strong>Artemisio lloydii-Koelerietalia albescentis<\/strong><\/td>\n<td><strong>Koelerio glaucae-Corynephoretea canescentis<\/strong><\/td>\n<\/tr>\n<tr>\n<td>Communaut\u00e9s atlantiques \u00e0 nord-atlantiques, g\u00e9n\u00e9ralement \u00e0 tapis bryo-lich\u00e9nique important.<\/td>\n<td>Communaut\u00e9s des arri\u00e8re-dunes atlantiques fix\u00e9es, sur sables plus ou moins calcaires et sans saupoudrage important d&rsquo;ar\u00e8nes.<\/td>\n<td>Pelouses pionni\u00e8res, \u00e0 dominance d\u2019h\u00e9micryptophytes (plus ou moins riches en annuelles), atlantiques \u00e0 m\u00e9dioeurop\u00e9ennes, sur sables plus ou moins stabilis\u00e9s.<\/td>\n<\/tr>\n<\/tbody>\n<\/table>\n<p>&nbsp;<\/p>\n","protected":false},"excerpt":{"rendered":"<p>Une fiche plus r&eacute;cente existe, vous pouvez la consulter ICI Nom : Eryngium maritimum L. ( Panicault de mer ) Autre(s) nom(s) : Chardon bleu, Chardon des dunes. Famille : APIACEAE Floraison : Juin &#8211; Septembre Protection : &#8211; Liste &hellip; <a href=\"https:\/\/preservons-la-nature.fr\/blog\/?p=3875\">Continuer la lecture <span class=\"meta-nav\">&rarr;<\/span><\/a><\/p>\n","protected":false},"author":1,"featured_media":0,"comment_status":"open","ping_status":"open","sticky":false,"template":"","format":"standard","meta":{"footnotes":""},"categories":[102],"tags":[58],"class_list":["post-3875","post","type-post","status-publish","format-standard","hentry","category-fiche-partielle-de-plantes","tag-apiacees"],"_links":{"self":[{"href":"https:\/\/preservons-la-nature.fr\/blog\/index.php?rest_route=\/wp\/v2\/posts\/3875","targetHints":{"allow":["GET"]}}],"collection":[{"href":"https:\/\/preservons-la-nature.fr\/blog\/index.php?rest_route=\/wp\/v2\/posts"}],"about":[{"href":"https:\/\/preservons-la-nature.fr\/blog\/index.php?rest_route=\/wp\/v2\/types\/post"}],"author":[{"embeddable":true,"href":"https:\/\/preservons-la-nature.fr\/blog\/index.php?rest_route=\/wp\/v2\/users\/1"}],"replies":[{"embeddable":true,"href":"https:\/\/preservons-la-nature.fr\/blog\/index.php?rest_route=%2Fwp%2Fv2%2Fcomments&post=3875"}],"version-history":[{"count":1,"href":"https:\/\/preservons-la-nature.fr\/blog\/index.php?rest_route=\/wp\/v2\/posts\/3875\/revisions"}],"predecessor-version":[{"id":3879,"href":"https:\/\/preservons-la-nature.fr\/blog\/index.php?rest_route=\/wp\/v2\/posts\/3875\/revisions\/3879"}],"wp:attachment":[{"href":"https:\/\/preservons-la-nature.fr\/blog\/index.php?rest_route=%2Fwp%2Fv2%2Fmedia&parent=3875"}],"wp:term":[{"taxonomy":"category","embeddable":true,"href":"https:\/\/preservons-la-nature.fr\/blog\/index.php?rest_route=%2Fwp%2Fv2%2Fcategories&post=3875"},{"taxonomy":"post_tag","embeddable":true,"href":"https:\/\/preservons-la-nature.fr\/blog\/index.php?rest_route=%2Fwp%2Fv2%2Ftags&post=3875"}],"curies":[{"name":"wp","href":"https:\/\/api.w.org\/{rel}","templated":true}]}}