{"id":3870,"date":"2014-09-09T00:40:45","date_gmt":"2014-09-08T23:40:45","guid":{"rendered":"https:\/\/www.preservons-la-nature.fr\/blog\/?p=3870"},"modified":"2014-09-03T12:44:16","modified_gmt":"2014-09-03T11:44:16","slug":"erica-vagans-l-bruyere-vagabonde","status":"publish","type":"post","link":"https:\/\/preservons-la-nature.fr\/blog\/?p=3870","title":{"rendered":"Erica vagans L. ( Bruy\u00e8re vagabonde )"},"content":{"rendered":"<p><STRONG>Une fiche plus r&eacute;cente existe, vous pouvez la consulter <a href=\"https:\/\/www.preservons-la-nature.fr\/flore\/taxon\/2294.html\">ICI<\/a><\/STRONG><div id=\"attachment_3872\" style=\"width: 676px\" class=\"wp-caption aligncenter\"><a href=\"https:\/\/www.preservons-la-nature.fr\/blog\/wp-content\/uploads\/2014\/09\/DSC09783.jpg\" target=\"_blank\"><img loading=\"lazy\" decoding=\"async\" aria-describedby=\"caption-attachment-3872\" class=\"wp-image-3872 size-full\" title=\"Erica vagans L. ( Bruy\u00e8re vagabonde )\" src=\"https:\/\/www.preservons-la-nature.fr\/blog\/wp-content\/uploads\/2014\/09\/DSC09783.jpg\" alt=\"Erica vagans L. ( Bruy\u00e8re vagabonde )\" width=\"666\" height=\"1000\" srcset=\"https:\/\/preservons-la-nature.fr\/blog\/wp-content\/uploads\/2014\/09\/DSC09783.jpg 666w, https:\/\/preservons-la-nature.fr\/blog\/wp-content\/uploads\/2014\/09\/DSC09783-199x300.jpg 199w, https:\/\/preservons-la-nature.fr\/blog\/wp-content\/uploads\/2014\/09\/DSC09783-532x800.jpg 532w\" sizes=\"auto, (max-width: 666px) 100vw, 666px\" \/><\/a><p id=\"caption-attachment-3872\" class=\"wp-caption-text\">Erica vagans L. ( Bruy\u00e8re vagabonde )<\/p><\/div><\/p>\n<p><strong><span style=\"text-decoration: underline;\">Nom :<\/span><\/strong> <i>Erica vagans L.<\/i> ( Bruy\u00e8re vagabonde )<\/p>\n<p><strong><span style=\"text-decoration: underline;\">Autre(s) nom(s) :<\/span><\/strong><br \/>\nBruy\u00e8re voyageuse.<\/p>\n<p><strong><span style=\"text-decoration: underline;\">Famille :<\/span><\/strong> ERICACEAE<\/p>\n<p><strong><span style=\"text-decoration: underline;\">Floraison :<\/span><\/strong> Juin &#8211; Octobre<\/p>\n<p><strong><span style=\"text-decoration: underline;\">Protection :<\/span><\/strong><br \/>\n&#8211; Liste des esp\u00e8ces v\u00e9g\u00e9tales prot\u00e9g\u00e9es en r\u00e9gion Centre Article 1 (1993)<br \/>\n&#8211; Liste des esp\u00e8ces v\u00e9g\u00e9tales prot\u00e9g\u00e9es en r\u00e9gion \u00cele-de-France Article 1 (1991)<br \/>\n&#8211; Liste des esp\u00e8ces v\u00e9g\u00e9tales prot\u00e9g\u00e9es en r\u00e9gion Limousin Article 1 (1989)<br \/>\n&#8211; Liste des esp\u00e8ces v\u00e9g\u00e9tales prot\u00e9g\u00e9es en r\u00e9gion Midi-Pyr\u00e9n\u00e9es Article 3 (2004)<br \/>\n&#8211; Liste des esp\u00e8ces v\u00e9g\u00e9tales prot\u00e9g\u00e9es en r\u00e9gion Midi-Pyr\u00e9n\u00e9es Article 6 (2004)<br \/>\n&#8211; Liste des esp\u00e8ces v\u00e9g\u00e9tales prot\u00e9g\u00e9es en r\u00e9gion Midi-Pyr\u00e9n\u00e9es Article 8 (2004)<br \/>\n&#8211; Liste des esp\u00e8ces v\u00e9g\u00e9tales prot\u00e9g\u00e9es en r\u00e9gion Pays-de-la-Loire Article 1 (1993)<\/p>\n<p><strong><span style=\"text-decoration: underline;\">Description dans la flore de Coste :<\/span><\/strong><br \/>\nSous-arbrisseau de 30-80 cm, glabre, \u00e0 tiges tortueuses, \u00e0 rameaux dress\u00e9s et glabres ; feuilles verticill\u00e9es par 4-5, longues de 8-10 mm, lin\u00e9aires-\u00e9troites, marqu\u00e9es d&rsquo;un sillon en dessous, glabres ; fleurs roses, subverticill\u00e9es, en grappes compactes souvent termin\u00e9es par des feuilles ; p\u00e9doncules capillaires, 3-4 fois aussi longs que les fleurs ; calice \u00e0 lobes ovales-obtus, glabres, \u00e9galant le tiers de la corolle ; celle-ci en cloche presque aussi large que longue (3-4 mm) ; anth\u00e8res saillantes, \u00e0 loges s\u00e9par\u00e9es jusqu&rsquo;\u00e0 la base, sans cornes ; style saillant ; capsule glabre.<\/p>\n<div id=\"attachment_3871\" style=\"width: 677px\" class=\"wp-caption aligncenter\"><a href=\"https:\/\/www.preservons-la-nature.fr\/blog\/wp-content\/uploads\/2014\/09\/DSC09771.jpg\" target=\"_blank\"><img loading=\"lazy\" decoding=\"async\" aria-describedby=\"caption-attachment-3871\" class=\"wp-image-3871 size-full\" title=\"Erica vagans L. ( Bruy\u00e8re vagabonde )\" src=\"https:\/\/www.preservons-la-nature.fr\/blog\/wp-content\/uploads\/2014\/09\/DSC09771.jpg\" alt=\"Erica vagans L. ( Bruy\u00e8re vagabonde )\" width=\"667\" height=\"1000\" srcset=\"https:\/\/preservons-la-nature.fr\/blog\/wp-content\/uploads\/2014\/09\/DSC09771.jpg 667w, https:\/\/preservons-la-nature.fr\/blog\/wp-content\/uploads\/2014\/09\/DSC09771-200x300.jpg 200w, https:\/\/preservons-la-nature.fr\/blog\/wp-content\/uploads\/2014\/09\/DSC09771-533x800.jpg 533w\" sizes=\"auto, (max-width: 667px) 100vw, 667px\" \/><\/a><p id=\"caption-attachment-3871\" class=\"wp-caption-text\">Erica vagans L. ( Bruy\u00e8re vagabonde )<\/p><\/div>\n<p><strong><span style=\"text-decoration: underline;\">Pr\u00e9sent dans le(s) d\u00e9partement(s) suivant(s) :<\/span><\/strong><br \/>\nAri\u00e8ge, Aveyron, Charente, Charente-Maritime, Cher, Deux-S\u00e8vres, Dordogne, Finist\u00e8re, Gard, Gers, Gironde, Haute-Garonne, Hautes-Pyr\u00e9n\u00e9es, Haute-Vienne, Indre, Indre-et-Loire, Is\u00e8re, Landes, Loire-Atlantique, Loir-et-Cher, Lot-et-Garonne, Maine-et-Loire, Manche, Morbihan, Pyr\u00e9n\u00e9es-Atlantiques, Sarthe, Tarn-et-Garonne, Vend\u00e9e, Vienne.<\/p>\n<div id=\"attachment_3873\" style=\"width: 610px\" class=\"wp-caption aligncenter\"><a href=\"https:\/\/www.preservons-la-nature.fr\/blog\/wp-content\/uploads\/2014\/09\/carte8.jpg\"><img loading=\"lazy\" decoding=\"async\" aria-describedby=\"caption-attachment-3873\" class=\"size-full wp-image-3873\" src=\"https:\/\/www.preservons-la-nature.fr\/blog\/wp-content\/uploads\/2014\/09\/carte8.jpg\" alt=\"R\u00e9partition d'Erica vagans L. ( Bruy\u00e8re vagabonde )\" width=\"600\" height=\"600\" srcset=\"https:\/\/preservons-la-nature.fr\/blog\/wp-content\/uploads\/2014\/09\/carte8.jpg 600w, https:\/\/preservons-la-nature.fr\/blog\/wp-content\/uploads\/2014\/09\/carte8-150x150.jpg 150w, https:\/\/preservons-la-nature.fr\/blog\/wp-content\/uploads\/2014\/09\/carte8-300x300.jpg 300w\" sizes=\"auto, (max-width: 600px) 100vw, 600px\" \/><\/a><p id=\"caption-attachment-3873\" class=\"wp-caption-text\">R\u00e9partition d&rsquo;Erica vagans L. ( Bruy\u00e8re vagabonde )<\/p><\/div>\n<p><strong><span style=\"text-decoration: underline;\">Phytosociologie :<\/span><i><\/i><\/strong><\/p>\n<table>\n<tbody>\n<tr>\n<td>Alliance<\/td>\n<td>Ordre<\/td>\n<td>Classe<\/td>\n<\/tr>\n<tr>\n<td><strong>Dactylido oceanicae-Ulicion maritimi<\/strong><\/td>\n<td><strong>Ulicetalia minoris<\/strong><\/td>\n<td><strong>Calluno vulgaris-Ulicetea minoris<\/strong><\/td>\n<\/tr>\n<tr>\n<td>Communaut\u00e9s maritimes atlantiques, g\u00e9n\u00e9ralement primaires.<\/td>\n<td>Landes cantabro- et m\u00e9diterran\u00e9o-atlantiques.<\/td>\n<td>V\u00e9g\u00e9tation de lande, \u00e0 dominance de cham\u00e9phytes et nanophan\u00e9rophytes, appartenant principalement aux Ericac\u00e9es et Fabac\u00e9es.<\/td>\n<\/tr>\n<\/tbody>\n<\/table>\n<table>\n<tbody>\n<tr>\n<td>Alliance<\/td>\n<td>Ordre<\/td>\n<td>Classe<\/td>\n<\/tr>\n<tr>\n<td><strong>Ulicion minoris<\/strong><\/td>\n<td><strong>Ulicetalia minoris<\/strong><\/td>\n<td><strong>Calluno vulgaris-Ulicetea minoris<\/strong><\/td>\n<\/tr>\n<tr>\n<td>Communaut\u00e9s atlantiques non maritimes, g\u00e9n\u00e9ralement secondaires.<\/td>\n<td>Landes cantabro- et m\u00e9diterran\u00e9o-atlantiques.<\/td>\n<td>V\u00e9g\u00e9tation de lande, \u00e0 dominance de cham\u00e9phytes et nanophan\u00e9rophytes, appartenant principalement aux Ericac\u00e9es et Fabac\u00e9es.<\/td>\n<\/tr>\n<\/tbody>\n<\/table>\n<p><strong><span style=\"text-decoration: underline;\">Taxonomie :<\/span><\/strong><br \/>\n<i>Erica vagans L.<\/i> a pour synonymes (Informations issues de la BDTFX Version 2.0, <a href=\"http:\/\/www.tela-botanica.org\" target=\"_blank\">Tela Botanica<\/a>) :<i><br \/>\n&#8211; Erica decipiens St.-Amans<br \/>\n&#8211; Erica didyma Stokes<br \/>\n&#8211; Erica multiflora L. [1754]<br \/>\n&#8211; Erica vaga Salisb.<br \/>\n&#8211; Gypsocallis vagans (L.) Gray<br \/>\n<\/i><\/p>\n","protected":false},"excerpt":{"rendered":"<p>Une fiche plus r&eacute;cente existe, vous pouvez la consulter ICI Nom : Erica vagans L. ( Bruy\u00e8re vagabonde ) Autre(s) nom(s) : Bruy\u00e8re voyageuse. Famille : ERICACEAE Floraison : Juin &#8211; Octobre Protection : &#8211; Liste des esp\u00e8ces v\u00e9g\u00e9tales prot\u00e9g\u00e9es &hellip; <a href=\"https:\/\/preservons-la-nature.fr\/blog\/?p=3870\">Continuer la lecture <span class=\"meta-nav\">&rarr;<\/span><\/a><\/p>\n","protected":false},"author":1,"featured_media":0,"comment_status":"open","ping_status":"open","sticky":false,"template":"","format":"standard","meta":{"footnotes":""},"categories":[102],"tags":[133],"class_list":["post-3870","post","type-post","status-publish","format-standard","hentry","category-fiche-partielle-de-plantes","tag-ericaceae"],"_links":{"self":[{"href":"https:\/\/preservons-la-nature.fr\/blog\/index.php?rest_route=\/wp\/v2\/posts\/3870","targetHints":{"allow":["GET"]}}],"collection":[{"href":"https:\/\/preservons-la-nature.fr\/blog\/index.php?rest_route=\/wp\/v2\/posts"}],"about":[{"href":"https:\/\/preservons-la-nature.fr\/blog\/index.php?rest_route=\/wp\/v2\/types\/post"}],"author":[{"embeddable":true,"href":"https:\/\/preservons-la-nature.fr\/blog\/index.php?rest_route=\/wp\/v2\/users\/1"}],"replies":[{"embeddable":true,"href":"https:\/\/preservons-la-nature.fr\/blog\/index.php?rest_route=%2Fwp%2Fv2%2Fcomments&post=3870"}],"version-history":[{"count":1,"href":"https:\/\/preservons-la-nature.fr\/blog\/index.php?rest_route=\/wp\/v2\/posts\/3870\/revisions"}],"predecessor-version":[{"id":3874,"href":"https:\/\/preservons-la-nature.fr\/blog\/index.php?rest_route=\/wp\/v2\/posts\/3870\/revisions\/3874"}],"wp:attachment":[{"href":"https:\/\/preservons-la-nature.fr\/blog\/index.php?rest_route=%2Fwp%2Fv2%2Fmedia&parent=3870"}],"wp:term":[{"taxonomy":"category","embeddable":true,"href":"https:\/\/preservons-la-nature.fr\/blog\/index.php?rest_route=%2Fwp%2Fv2%2Fcategories&post=3870"},{"taxonomy":"post_tag","embeddable":true,"href":"https:\/\/preservons-la-nature.fr\/blog\/index.php?rest_route=%2Fwp%2Fv2%2Ftags&post=3870"}],"curies":[{"name":"wp","href":"https:\/\/api.w.org\/{rel}","templated":true}]}}