{"id":3864,"date":"2014-09-08T00:36:04","date_gmt":"2014-09-07T23:36:04","guid":{"rendered":"https:\/\/www.preservons-la-nature.fr\/blog\/?p=3864"},"modified":"2014-09-03T12:39:34","modified_gmt":"2014-09-03T11:39:34","slug":"bothriochloa-ischaemum-l-keng-bothriochloa-ischeme","status":"publish","type":"post","link":"https:\/\/preservons-la-nature.fr\/blog\/?p=3864","title":{"rendered":"Bothriochloa ischaemum (L.) Keng ( Bothriochloa Isch\u00e8me )"},"content":{"rendered":"<p><STRONG>Une fiche plus r&eacute;cente existe, vous pouvez la consulter <a href=\"https:\/\/www.preservons-la-nature.fr\/flore\/taxon\/145.html\">ICI<\/a><\/STRONG><div id=\"attachment_3865\" style=\"width: 677px\" class=\"wp-caption aligncenter\"><a href=\"https:\/\/www.preservons-la-nature.fr\/blog\/wp-content\/uploads\/2014\/09\/DSC3602.jpg\" target=\"_blank\"><img loading=\"lazy\" decoding=\"async\" aria-describedby=\"caption-attachment-3865\" class=\"wp-image-3865 size-full\" title=\"Bothriochloa ischaemum (L.) Keng ( Bothriochloa Isch\u00e8me )\" src=\"https:\/\/www.preservons-la-nature.fr\/blog\/wp-content\/uploads\/2014\/09\/DSC3602.jpg\" alt=\"Bothriochloa ischaemum (L.) Keng ( Bothriochloa Isch\u00e8me )\" width=\"667\" height=\"1000\" srcset=\"https:\/\/preservons-la-nature.fr\/blog\/wp-content\/uploads\/2014\/09\/DSC3602.jpg 667w, https:\/\/preservons-la-nature.fr\/blog\/wp-content\/uploads\/2014\/09\/DSC3602-200x300.jpg 200w, https:\/\/preservons-la-nature.fr\/blog\/wp-content\/uploads\/2014\/09\/DSC3602-533x800.jpg 533w\" sizes=\"auto, (max-width: 667px) 100vw, 667px\" \/><\/a><p id=\"caption-attachment-3865\" class=\"wp-caption-text\">Bothriochloa ischaemum (L.) Keng ( Bothriochloa Isch\u00e8me )<\/p><\/div><\/p>\n<p><strong><span style=\"text-decoration: underline;\">Nom :<\/span><\/strong> <i>Bothriochloa ischaemum (L.) Keng<\/i> ( Bothriochloa Isch\u00e8me )<\/p>\n<p><strong><span style=\"text-decoration: underline;\">Autre(s) nom(s) :<\/span><\/strong><br \/>\nBarbon pied-de-poule, Chiendent \u00e0 balai, Pied-de-Poule.<\/p>\n<p><strong><span style=\"text-decoration: underline;\">Famille :<\/span><\/strong> POACEAE<\/p>\n<p><strong><span style=\"text-decoration: underline;\">Floraison :<\/span><\/strong> Juin &#8211; Octobre<\/p>\n<p><strong><span style=\"text-decoration: underline;\">Protection :<\/span><\/strong><br \/>\n&#8211; Liste des esp\u00e8ces v\u00e9g\u00e9tales prot\u00e9g\u00e9es en r\u00e9gion Champagne-Ardenne Article 1 (1988)<br \/>\n&#8211; Liste des esp\u00e8ces v\u00e9g\u00e9tales prot\u00e9g\u00e9es en r\u00e9gion \u00cele-de-France Article 1 (1991)<br \/>\n&#8211; Liste des esp\u00e8ces v\u00e9g\u00e9tales prot\u00e9g\u00e9es en r\u00e9gion Picardie Article 1 (1989)<\/p>\n<p><strong><span style=\"text-decoration: underline;\">Description dans la flore de Coste :<\/span><\/strong><br \/>\nPlante vivace de 30 80 cm, velue sur les feuilles, \u00e0 souche gazonnante un peu rampante ; tiges souvent rameuses, nues au sommet ; feuilles glauques, canalicul\u00e9es, \u00e9troites (2-3 mm), \u00e0 ligule poilue ; inflorescence form\u00e9e de 4-10 \u00e9pis digit\u00e9s-fascicul\u00e9s au sommet de la tige, lin\u00e9aires, longs de 4-5 cm, violac\u00e9s, velus-h\u00e9riss\u00e9s, bri\u00e8vement p\u00e9doncules, \u00e0 axe articul\u00e9 fragile tr\u00e8s velu ; \u00e9pillets g\u00e9min\u00e9s, l&rsquo;un st\u00e9rile p\u00e9dicell\u00e9 non arist\u00e9 ; l&rsquo;autre fertile, sessile, long de 4 mm \u00e0 glumes presque \u00e9gales et mutiques, \u00e0 glumelle inf\u00e9rieure tr\u00e8s \u00e9troite portant une ar\u00eate scabre longue de 10-15 mm<\/p>\n<div id=\"attachment_3866\" style=\"width: 677px\" class=\"wp-caption aligncenter\"><a href=\"https:\/\/www.preservons-la-nature.fr\/blog\/wp-content\/uploads\/2014\/09\/DSC07716.jpg\" target=\"_blank\"><img loading=\"lazy\" decoding=\"async\" aria-describedby=\"caption-attachment-3866\" class=\"wp-image-3866 size-full\" title=\"Bothriochloa ischaemum (L.) Keng ( Bothriochloa Isch\u00e8me )\" src=\"https:\/\/www.preservons-la-nature.fr\/blog\/wp-content\/uploads\/2014\/09\/DSC07716.jpg\" alt=\"Bothriochloa ischaemum (L.) Keng ( Bothriochloa Isch\u00e8me )\" width=\"667\" height=\"1000\" srcset=\"https:\/\/preservons-la-nature.fr\/blog\/wp-content\/uploads\/2014\/09\/DSC07716.jpg 667w, https:\/\/preservons-la-nature.fr\/blog\/wp-content\/uploads\/2014\/09\/DSC07716-200x300.jpg 200w, https:\/\/preservons-la-nature.fr\/blog\/wp-content\/uploads\/2014\/09\/DSC07716-533x800.jpg 533w\" sizes=\"auto, (max-width: 667px) 100vw, 667px\" \/><\/a><p id=\"caption-attachment-3866\" class=\"wp-caption-text\">Bothriochloa ischaemum (L.) Keng ( Bothriochloa Isch\u00e8me )<\/p><\/div>\n<p><strong><span style=\"text-decoration: underline;\">Pr\u00e9sent dans le(s) d\u00e9partement(s) suivant(s) :<\/span><\/strong><br \/>\nAin, Aisne, Alpes-de-Haute-Provence, Alpes-Maritimes, Bas-Rhin, Bouches-du-Rh\u00f4ne, Cantal, Charente, Charente-Maritime, Cher, Corr\u00e8ze, C\u00f4te-d&rsquo;Or, Deux-S\u00e8vres, Dordogne, Doubs, Essonne, Eure, Eure-et-Loir, Finist\u00e8re, Gironde, Haute-Loire, Haute-Marne, Hautes-Alpes, Haute-Sa\u00f4ne, Haut-Rhin, Ille-et-Vilaine, Indre, Indre-et-Loire, Is\u00e8re, Jura, Landes, Loiret, Loir-et-Cher, Lot, Lot-et-Garonne, Loz\u00e8re, Moselle, Ni\u00e8vre, Oise, Pyr\u00e9n\u00e9es-Atlantiques, Sa\u00f4ne-et-Loire, Seine-et-Marne, Tarn, Tarn-et-Garonne, Var, Vaucluse, Vienne, Yonne.<\/p>\n<div id=\"attachment_3867\" style=\"width: 610px\" class=\"wp-caption aligncenter\"><a href=\"https:\/\/www.preservons-la-nature.fr\/blog\/wp-content\/uploads\/2014\/09\/carte7.jpg\"><img loading=\"lazy\" decoding=\"async\" aria-describedby=\"caption-attachment-3867\" class=\"size-full wp-image-3867\" src=\"https:\/\/www.preservons-la-nature.fr\/blog\/wp-content\/uploads\/2014\/09\/carte7.jpg\" alt=\"R\u00e9partition de Bothriochloa ischaemum (L.) Keng ( Bothriochloa Isch\u00e8me )\" width=\"600\" height=\"600\" srcset=\"https:\/\/preservons-la-nature.fr\/blog\/wp-content\/uploads\/2014\/09\/carte7.jpg 600w, https:\/\/preservons-la-nature.fr\/blog\/wp-content\/uploads\/2014\/09\/carte7-150x150.jpg 150w, https:\/\/preservons-la-nature.fr\/blog\/wp-content\/uploads\/2014\/09\/carte7-300x300.jpg 300w\" sizes=\"auto, (max-width: 600px) 100vw, 600px\" \/><\/a><p id=\"caption-attachment-3867\" class=\"wp-caption-text\">R\u00e9partition de Bothriochloa ischaemum (L.) Keng ( Bothriochloa Isch\u00e8me )<\/p><\/div>\n<p><strong><span style=\"text-decoration: underline;\">Taxonomie :<\/span><\/strong><br \/>\n<i>Bothriochloa ischaemum (L.) Keng<\/i> a pour synonymes (Informations issues de la BDTFX Version 2.0, <a href=\"http:\/\/www.tela-botanica.org\" target=\"_blank\">Tela Botanica<\/a>) :<i><br \/>\n&#8211; Amphilophis ischaemum (L.) Nash<br \/>\n&#8211; Andropogon angustifolius Sm.<br \/>\n&#8211; Andropogon articulatus Dulac<br \/>\n&#8211; Andropogon digitatus St.-Lag.<br \/>\n&#8211; Andropogon ischaemum L.<br \/>\n&#8211; Andropogon ischaemum var. racemosoverticillata Buia<br \/>\n&#8211; Andropogon ischaemum var. ramosissimus Reyn.<br \/>\n&#8211; Andropogon ischaemum var. ramosus F.G\u00e9rard<br \/>\n&#8211; Andropogon ischaemum var. rubrocinctus Goiran<br \/>\n&#8211; Andropogon ischaemum var. virescens K.Koch<br \/>\n&#8211; Andropogon provincialis sensu auct.Gall.<br \/>\n&#8211; Andropogon villosus Lam.<br \/>\n&#8211; Bothriochloa ischaemum var. racemosoverticillata (Buia) Borza<br \/>\n&#8211; Dichanthium ischaemum (L.) Roberty<br \/>\n&#8211; Digitaria collina Salisb.<br \/>\n&#8211; Ischaemum dactyloideum Friche-Joset &amp; Montandon<br \/>\n&#8211; Sorghum ischaemum (L.) Kuntze<br \/>\n<\/i><\/p>\n","protected":false},"excerpt":{"rendered":"<p>Une fiche plus r&eacute;cente existe, vous pouvez la consulter ICI Nom : Bothriochloa ischaemum (L.) Keng ( Bothriochloa Isch\u00e8me ) Autre(s) nom(s) : Barbon pied-de-poule, Chiendent \u00e0 balai, Pied-de-Poule. Famille : POACEAE Floraison : Juin &#8211; Octobre Protection : &#8211; &hellip; <a href=\"https:\/\/preservons-la-nature.fr\/blog\/?p=3864\">Continuer la lecture <span class=\"meta-nav\">&rarr;<\/span><\/a><\/p>\n","protected":false},"author":1,"featured_media":0,"comment_status":"open","ping_status":"open","sticky":false,"template":"","format":"standard","meta":{"footnotes":""},"categories":[102],"tags":[80],"class_list":["post-3864","post","type-post","status-publish","format-standard","hentry","category-fiche-partielle-de-plantes","tag-poacees"],"_links":{"self":[{"href":"https:\/\/preservons-la-nature.fr\/blog\/index.php?rest_route=\/wp\/v2\/posts\/3864","targetHints":{"allow":["GET"]}}],"collection":[{"href":"https:\/\/preservons-la-nature.fr\/blog\/index.php?rest_route=\/wp\/v2\/posts"}],"about":[{"href":"https:\/\/preservons-la-nature.fr\/blog\/index.php?rest_route=\/wp\/v2\/types\/post"}],"author":[{"embeddable":true,"href":"https:\/\/preservons-la-nature.fr\/blog\/index.php?rest_route=\/wp\/v2\/users\/1"}],"replies":[{"embeddable":true,"href":"https:\/\/preservons-la-nature.fr\/blog\/index.php?rest_route=%2Fwp%2Fv2%2Fcomments&post=3864"}],"version-history":[{"count":2,"href":"https:\/\/preservons-la-nature.fr\/blog\/index.php?rest_route=\/wp\/v2\/posts\/3864\/revisions"}],"predecessor-version":[{"id":3869,"href":"https:\/\/preservons-la-nature.fr\/blog\/index.php?rest_route=\/wp\/v2\/posts\/3864\/revisions\/3869"}],"wp:attachment":[{"href":"https:\/\/preservons-la-nature.fr\/blog\/index.php?rest_route=%2Fwp%2Fv2%2Fmedia&parent=3864"}],"wp:term":[{"taxonomy":"category","embeddable":true,"href":"https:\/\/preservons-la-nature.fr\/blog\/index.php?rest_route=%2Fwp%2Fv2%2Fcategories&post=3864"},{"taxonomy":"post_tag","embeddable":true,"href":"https:\/\/preservons-la-nature.fr\/blog\/index.php?rest_route=%2Fwp%2Fv2%2Ftags&post=3864"}],"curies":[{"name":"wp","href":"https:\/\/api.w.org\/{rel}","templated":true}]}}