{"id":3858,"date":"2014-09-07T00:48:05","date_gmt":"2014-09-06T23:48:05","guid":{"rendered":"https:\/\/www.preservons-la-nature.fr\/blog\/?p=3858"},"modified":"2014-09-02T12:57:00","modified_gmt":"2014-09-02T11:57:00","slug":"vicia-elegantissima-shuttlew-ex-rouy-vesce-elegante","status":"publish","type":"post","link":"https:\/\/preservons-la-nature.fr\/blog\/?p=3858","title":{"rendered":"Vicia elegantissima Shuttlew. ex Rouy ( Vesce \u00e9l\u00e9gante )"},"content":{"rendered":"<p><STRONG>Une fiche plus r&eacute;cente existe, vous pouvez la consulter <a href=\"https:\/\/www.preservons-la-nature.fr\/flore\/taxon\/3930.html\">ICI<\/a><\/STRONG><div id=\"attachment_3860\" style=\"width: 1010px\" class=\"wp-caption aligncenter\"><a href=\"https:\/\/www.preservons-la-nature.fr\/blog\/wp-content\/uploads\/2014\/09\/DSC03275.jpg\" target=\"_blank\"><img loading=\"lazy\" decoding=\"async\" aria-describedby=\"caption-attachment-3860\" class=\"wp-image-3860 size-full\" title=\"Vicia elegantissima Shuttlew. ex Rouy ( Vesce \u00e9l\u00e9gante )\" src=\"https:\/\/www.preservons-la-nature.fr\/blog\/wp-content\/uploads\/2014\/09\/DSC03275.jpg\" alt=\"Vicia elegantissima Shuttlew. ex Rouy ( Vesce \u00e9l\u00e9gante )\" width=\"1000\" height=\"667\" srcset=\"https:\/\/preservons-la-nature.fr\/blog\/wp-content\/uploads\/2014\/09\/DSC03275.jpg 1000w, https:\/\/preservons-la-nature.fr\/blog\/wp-content\/uploads\/2014\/09\/DSC03275-300x200.jpg 300w\" sizes=\"auto, (max-width: 1000px) 100vw, 1000px\" \/><\/a><p id=\"caption-attachment-3860\" class=\"wp-caption-text\">Vicia elegantissima Shuttlew. ex Rouy ( Vesce \u00e9l\u00e9gante )<\/p><\/div><\/p>\n<p><strong><span style=\"text-decoration: underline;\">Nom :<\/span><\/strong> <i>Vicia elegantissima Shuttlew. ex Rouy<\/i> ( Vesce \u00e9l\u00e9gante )<\/p>\n<p><strong><span style=\"text-decoration: underline;\">Famille :<\/span><\/strong> FABACEAE<\/p>\n<p><strong><span style=\"text-decoration: underline;\">Floraison :<\/span><\/strong> Mai &#8211; Juin<\/p>\n<p><strong><span style=\"text-decoration: underline;\">Protection :<\/span><\/strong><br \/>\n&#8211; Liste rouge fran\u00e7aise IUCN 2012 LC<\/p>\n<p><strong><span style=\"text-decoration: underline;\">Description dans la flore de Coste :<\/span><\/strong><br \/>\nPlante annuelle de 20-40 cm, glabre, un peu grimpante ; feuilles \u00e0 5-7 paires de folioles oblongues-obtuses ; vrilles rameuses ; stipules in\u00e9gales, l&rsquo;une lin\u00e9aire enti\u00e8re, l&rsquo;autre bipartite et plus large ; fleurs d&rsquo;un blanc violac\u00e9, de 14-15 mm, \u00e9tal\u00e9es, 1-2 sur des p\u00e9doncules non arist\u00e9s \u00e9galant \u00e0 peine la moiti\u00e9 de la feuille ; calice \u00e0 dents tr\u00e8s in\u00e9gales, les 2 sup\u00e9rieures courtes et conniventes, toutes plus courtes que le tube ; corolle 3-4 fois plus longue que le calice ; gousse de 20-30 mm sur 6-8, glabre, fauve, termin\u00e9e en bec, \u00e0 pied plus long que le tube du calice, \u00e0 5-8 graines.<\/p>\n<div id=\"attachment_3859\" style=\"width: 677px\" class=\"wp-caption aligncenter\"><a href=\"https:\/\/www.preservons-la-nature.fr\/blog\/wp-content\/uploads\/2014\/09\/DSC03271.jpg\" target=\"_blank\"><img loading=\"lazy\" decoding=\"async\" aria-describedby=\"caption-attachment-3859\" class=\"wp-image-3859 size-full\" title=\"Vicia elegantissima Shuttlew. ex Rouy ( Vesce \u00e9l\u00e9gante )\" src=\"https:\/\/www.preservons-la-nature.fr\/blog\/wp-content\/uploads\/2014\/09\/DSC03271.jpg\" alt=\"Vicia elegantissima Shuttlew. ex Rouy ( Vesce \u00e9l\u00e9gante )\" width=\"667\" height=\"1000\" srcset=\"https:\/\/preservons-la-nature.fr\/blog\/wp-content\/uploads\/2014\/09\/DSC03271.jpg 667w, https:\/\/preservons-la-nature.fr\/blog\/wp-content\/uploads\/2014\/09\/DSC03271-200x300.jpg 200w, https:\/\/preservons-la-nature.fr\/blog\/wp-content\/uploads\/2014\/09\/DSC03271-533x800.jpg 533w\" sizes=\"auto, (max-width: 667px) 100vw, 667px\" \/><\/a><p id=\"caption-attachment-3859\" class=\"wp-caption-text\">Vicia elegantissima Shuttlew. ex Rouy ( Vesce \u00e9l\u00e9gante )<\/p><\/div>\n<p><strong><span style=\"text-decoration: underline;\">Pr\u00e9sent dans le(s) d\u00e9partement(s) suivant(s) :<\/span><\/strong><br \/>\nAude, Bouches-du-Rh\u00f4ne, Corse-du-Sud, Pyr\u00e9n\u00e9es-Orientales, Var.<\/p>\n<div id=\"attachment_3861\" style=\"width: 610px\" class=\"wp-caption aligncenter\"><a href=\"https:\/\/www.preservons-la-nature.fr\/blog\/wp-content\/uploads\/2014\/09\/carte6.jpg\"><img loading=\"lazy\" decoding=\"async\" aria-describedby=\"caption-attachment-3861\" class=\"size-full wp-image-3861\" src=\"https:\/\/www.preservons-la-nature.fr\/blog\/wp-content\/uploads\/2014\/09\/carte6.jpg\" alt=\"R\u00e9partition de Vicia elegantissima Shuttlew. ex Rouy ( Vesce \u00e9l\u00e9gante )\" width=\"600\" height=\"600\" srcset=\"https:\/\/preservons-la-nature.fr\/blog\/wp-content\/uploads\/2014\/09\/carte6.jpg 600w, https:\/\/preservons-la-nature.fr\/blog\/wp-content\/uploads\/2014\/09\/carte6-150x150.jpg 150w, https:\/\/preservons-la-nature.fr\/blog\/wp-content\/uploads\/2014\/09\/carte6-300x300.jpg 300w\" sizes=\"auto, (max-width: 600px) 100vw, 600px\" \/><\/a><p id=\"caption-attachment-3861\" class=\"wp-caption-text\">R\u00e9partition de Vicia elegantissima Shuttlew. ex Rouy ( Vesce \u00e9l\u00e9gante )<\/p><\/div>\n<p><strong><span style=\"text-decoration: underline;\">Taxonomie :<\/span><\/strong><br \/>\n<i>Vicia elegantissima Shuttlew. ex Rouy<\/i> a pour synonymes (Informations issues de la BDTFX Version 2.0, <a href=\"http:\/\/www.tela-botanica.org\" target=\"_blank\">Tela Botanica<\/a>) :<i><br \/>\n&#8211; Cracca elegantissima (Shuttlew. ex Rouy) Cadevall &amp; Sallent<br \/>\n&#8211; Vicia villosa subsp. elegantissima (Shuttlew. ex Rouy) G.Bosc &amp; Kergu\u00e9len<br \/>\n&#8211; Vicia villosa var. brevipes Willk.<br \/>\n<\/i><\/p>\n","protected":false},"excerpt":{"rendered":"<p>Une fiche plus r&eacute;cente existe, vous pouvez la consulter ICI Nom : Vicia elegantissima Shuttlew. ex Rouy ( Vesce \u00e9l\u00e9gante ) Famille : FABACEAE Floraison : Mai &#8211; Juin Protection : &#8211; Liste rouge fran\u00e7aise IUCN 2012 LC Description dans &hellip; <a href=\"https:\/\/preservons-la-nature.fr\/blog\/?p=3858\">Continuer la lecture <span class=\"meta-nav\">&rarr;<\/span><\/a><\/p>\n","protected":false},"author":1,"featured_media":0,"comment_status":"open","ping_status":"open","sticky":false,"template":"","format":"standard","meta":{"footnotes":""},"categories":[102],"tags":[12],"class_list":["post-3858","post","type-post","status-publish","format-standard","hentry","category-fiche-partielle-de-plantes","tag-fabacees"],"_links":{"self":[{"href":"https:\/\/preservons-la-nature.fr\/blog\/index.php?rest_route=\/wp\/v2\/posts\/3858","targetHints":{"allow":["GET"]}}],"collection":[{"href":"https:\/\/preservons-la-nature.fr\/blog\/index.php?rest_route=\/wp\/v2\/posts"}],"about":[{"href":"https:\/\/preservons-la-nature.fr\/blog\/index.php?rest_route=\/wp\/v2\/types\/post"}],"author":[{"embeddable":true,"href":"https:\/\/preservons-la-nature.fr\/blog\/index.php?rest_route=\/wp\/v2\/users\/1"}],"replies":[{"embeddable":true,"href":"https:\/\/preservons-la-nature.fr\/blog\/index.php?rest_route=%2Fwp%2Fv2%2Fcomments&post=3858"}],"version-history":[{"count":1,"href":"https:\/\/preservons-la-nature.fr\/blog\/index.php?rest_route=\/wp\/v2\/posts\/3858\/revisions"}],"predecessor-version":[{"id":3862,"href":"https:\/\/preservons-la-nature.fr\/blog\/index.php?rest_route=\/wp\/v2\/posts\/3858\/revisions\/3862"}],"wp:attachment":[{"href":"https:\/\/preservons-la-nature.fr\/blog\/index.php?rest_route=%2Fwp%2Fv2%2Fmedia&parent=3858"}],"wp:term":[{"taxonomy":"category","embeddable":true,"href":"https:\/\/preservons-la-nature.fr\/blog\/index.php?rest_route=%2Fwp%2Fv2%2Fcategories&post=3858"},{"taxonomy":"post_tag","embeddable":true,"href":"https:\/\/preservons-la-nature.fr\/blog\/index.php?rest_route=%2Fwp%2Fv2%2Ftags&post=3858"}],"curies":[{"name":"wp","href":"https:\/\/api.w.org\/{rel}","templated":true}]}}