{"id":3853,"date":"2014-09-06T00:42:36","date_gmt":"2014-09-05T23:42:36","guid":{"rendered":"https:\/\/www.preservons-la-nature.fr\/blog\/?p=3853"},"modified":"2014-09-02T12:46:15","modified_gmt":"2014-09-02T11:46:15","slug":"sonchus-bulbosus-l-n-kilian-greuter-crepis-bulbeux","status":"publish","type":"post","link":"https:\/\/preservons-la-nature.fr\/blog\/?p=3853","title":{"rendered":"Sonchus bulbosus (L.) N.Kilian &#038; Greuter ( Cr\u00e9pis bulbeux )"},"content":{"rendered":"<p><STRONG>Une fiche plus r&eacute;cente existe, vous pouvez la consulter <a href=\"https:\/\/www.preservons-la-nature.fr\/flore\/taxon\/4384.html\">ICI<\/a><\/STRONG><div id=\"attachment_3854\" style=\"width: 677px\" class=\"wp-caption aligncenter\"><a href=\"https:\/\/www.preservons-la-nature.fr\/blog\/wp-content\/uploads\/2014\/09\/DSC07836.jpg\" target=\"_blank\"><img loading=\"lazy\" decoding=\"async\" aria-describedby=\"caption-attachment-3854\" class=\"wp-image-3854 size-full\" title=\"Sonchus bulbosus (L.) N.Kilian &amp; Greuter ( Cr\u00e9pis bulbeux )\" src=\"https:\/\/www.preservons-la-nature.fr\/blog\/wp-content\/uploads\/2014\/09\/DSC07836.jpg\" alt=\"Sonchus bulbosus (L.) N.Kilian &amp; Greuter ( Cr\u00e9pis bulbeux )\" width=\"667\" height=\"1000\" srcset=\"https:\/\/preservons-la-nature.fr\/blog\/wp-content\/uploads\/2014\/09\/DSC07836.jpg 667w, https:\/\/preservons-la-nature.fr\/blog\/wp-content\/uploads\/2014\/09\/DSC07836-200x300.jpg 200w, https:\/\/preservons-la-nature.fr\/blog\/wp-content\/uploads\/2014\/09\/DSC07836-533x800.jpg 533w\" sizes=\"auto, (max-width: 667px) 100vw, 667px\" \/><\/a><p id=\"caption-attachment-3854\" class=\"wp-caption-text\">Sonchus bulbosus (L.) N.Kilian &amp; Greuter ( Cr\u00e9pis bulbeux )<\/p><\/div><br \/>\n<strong><span style=\"text-decoration: underline;\">Nom :<\/span><\/strong> <i>Sonchus bulbosus (L.) N.Kilian &amp; Greuter<\/i> ( Cr\u00e9pis bulbeux )<\/p>\n<p><strong><span style=\"text-decoration: underline;\">Famille :<\/span><\/strong> ASTERACEAE<\/p>\n<p><strong><span style=\"text-decoration: underline;\">Floraison :<\/span><\/strong> Avril &#8211; Juin<\/p>\n<p><strong><span style=\"text-decoration: underline;\">Protection :<\/span><\/strong><br \/>\n&#8211; Liste des esp\u00e8ces v\u00e9g\u00e9tales prot\u00e9g\u00e9es en r\u00e9gion Bretagne Article 1 (1987)<\/p>\n<p><strong><span style=\"text-decoration: underline;\">Description dans la flore de Coste :<\/span><\/strong><br \/>\nSouche vivace offrant de longues fibres termin\u00e9es par des tubercules, atteignant et d\u00e9passant m\u00eame la grosseur d&rsquo;une noisette, et \u00e9mettant des stolons gr\u00eales, allong\u00e9s, feuilles ; hampe simple et monoc\u00e9phale de 1-2 dm, dress\u00e9e, glabre, glanduleuse au sommet ; feuilles toutes radicales, glabres, p\u00e9tiol\u00e9es, oblongues-lanc\u00e9ol\u00e9es, enti\u00e8res ou dent\u00e9es ; involucre \u00e0 folioles imbriqu\u00e9es, lanc\u00e9ol\u00e9es ; ak\u00e8nes \u00e9galant \u00e0 peu pr\u00e8s la moiti\u00e9 de l&rsquo;aigrette ; fleurs jaunes.<br \/>\n<div id=\"attachment_3855\" style=\"width: 1010px\" class=\"wp-caption aligncenter\"><a href=\"https:\/\/www.preservons-la-nature.fr\/blog\/wp-content\/uploads\/2014\/09\/DSC07837.jpg\" target=\"_blank\"><img loading=\"lazy\" decoding=\"async\" aria-describedby=\"caption-attachment-3855\" class=\"wp-image-3855 size-full\" title=\"Sonchus bulbosus (L.) N.Kilian &amp; Greuter ( Cr\u00e9pis bulbeux )\" src=\"https:\/\/www.preservons-la-nature.fr\/blog\/wp-content\/uploads\/2014\/09\/DSC07837.jpg\" alt=\"Sonchus bulbosus (L.) N.Kilian &amp; Greuter ( Cr\u00e9pis bulbeux )\" width=\"1000\" height=\"667\" srcset=\"https:\/\/preservons-la-nature.fr\/blog\/wp-content\/uploads\/2014\/09\/DSC07837.jpg 1000w, https:\/\/preservons-la-nature.fr\/blog\/wp-content\/uploads\/2014\/09\/DSC07837-300x200.jpg 300w\" sizes=\"auto, (max-width: 1000px) 100vw, 1000px\" \/><\/a><p id=\"caption-attachment-3855\" class=\"wp-caption-text\">Sonchus bulbosus (L.) N.Kilian &amp; Greuter ( Cr\u00e9pis bulbeux )<\/p><\/div><br \/>\n<strong><span style=\"text-decoration: underline;\">Pr\u00e9sent dans le(s) d\u00e9partement(s) suivant(s) :<\/span><\/strong><br \/>\nAlpes-Maritimes, Bouches-du-Rh\u00f4ne, Charente-Maritime, Corse-du-Sud, Finist\u00e8re, Haute-Corse, Landes, Loire-Atlantique, Morbihan, Pyr\u00e9n\u00e9es-Atlantiques, Sa\u00f4ne-et-Loire, Var, Vaucluse, Vend\u00e9e.<br \/>\n<div id=\"attachment_3856\" style=\"width: 610px\" class=\"wp-caption aligncenter\"><a href=\"https:\/\/www.preservons-la-nature.fr\/blog\/wp-content\/uploads\/2014\/09\/carte5.jpg\"><img loading=\"lazy\" decoding=\"async\" aria-describedby=\"caption-attachment-3856\" src=\"https:\/\/www.preservons-la-nature.fr\/blog\/wp-content\/uploads\/2014\/09\/carte5.jpg\" alt=\"R\u00e9partition de Sonchus bulbosus (L.) N.Kilian &amp; Greuter ( Cr\u00e9pis bulbeux )\" width=\"600\" height=\"600\" class=\"size-full wp-image-3856\" srcset=\"https:\/\/preservons-la-nature.fr\/blog\/wp-content\/uploads\/2014\/09\/carte5.jpg 600w, https:\/\/preservons-la-nature.fr\/blog\/wp-content\/uploads\/2014\/09\/carte5-150x150.jpg 150w, https:\/\/preservons-la-nature.fr\/blog\/wp-content\/uploads\/2014\/09\/carte5-300x300.jpg 300w\" sizes=\"auto, (max-width: 600px) 100vw, 600px\" \/><\/a><p id=\"caption-attachment-3856\" class=\"wp-caption-text\">R\u00e9partition de Sonchus bulbosus (L.) N.Kilian &#038; Greuter ( Cr\u00e9pis bulbeux )<\/p><\/div><br \/>\n<strong><span style=\"text-decoration: underline;\">Phytosociologie :<\/span><i><\/i><\/strong><\/p>\n<table>\n<tbody>\n<tr>\n<td>Alliance<\/td>\n<td>Ordre<\/td>\n<td>Classe<\/td>\n<\/tr>\n<tr>\n<td><strong>Euphorbio portandlicae-Helichrysion staechadis<\/strong><\/td>\n<td><strong>Artemisio lloydii-Koelerietalia albescentis<\/strong><\/td>\n<td><strong>Koelerio glaucae-Corynephoretea canescentis<\/strong><\/td>\n<\/tr>\n<tr>\n<td>Communaut\u00e9s cantabro-atlantiques \u00e0 m\u00e9so-m\u00e9diterran\u00e9ennes occidentales, parsem\u00e9es de cham\u00e9phytes et souvent riches en Bryophytes.<\/td>\n<td>Communaut\u00e9s des arri\u00e8re-dunes atlantiques fix\u00e9es, sur sables plus ou moins calcaires et sans saupoudrage important d&rsquo;ar\u00e8nes.<\/td>\n<td>Pelouses pionni\u00e8res, \u00e0 dominance d\u2019h\u00e9micryptophytes (plus ou moins riches en annuelles), atlantiques \u00e0 m\u00e9dioeurop\u00e9ennes, sur sables plus ou moins stabilis\u00e9s.<\/td>\n<\/tr>\n<\/tbody>\n<\/table>\n<table>\n<tbody>\n<tr>\n<td>Alliance<\/td>\n<td>Ordre<\/td>\n<td>Classe<\/td>\n<\/tr>\n<tr>\n<td><strong>Salicion arenariae<\/strong><\/td>\n<td><strong>Salicetalia arenariae<\/strong><\/td>\n<td><strong>Crataego monogynae-Prunetea spinosae<\/strong><\/td>\n<\/tr>\n<tr>\n<td>Communaut\u00e9s basses.<\/td>\n<td>Communaut\u00e9s de manteaux dunaires nord-atlantiques.<\/td>\n<td>V\u00e9g\u00e9tation principalement europ\u00e9enne de manteaux arbustifs, frutic\u00e9es et haies. Nota : diverses communaut\u00e9s domin\u00e9es par des Rubus (spp.), non encore \u00e9tudi\u00e9es en France, ne sont pas int\u00e9gr\u00e9es \u00e0 la pr\u00e9sente classification.<\/td>\n<\/tr>\n<\/tbody>\n<\/table>\n<p><strong><span style=\"text-decoration: underline;\">Taxonomie :<\/span><\/strong><br \/>\n<i>Sonchus bulbosus (L.) N.Kilian &amp; Greuter<\/i> a pour synonymes (Informations issues de la BDTFX Version 2.0, <a href=\"http:\/\/www.tela-botanica.org\" target=\"_blank\">Tela Botanica<\/a>) :<i><br \/>\n&#8211; Aetheorhiza bulbosa (L.) Cass.<br \/>\n&#8211; Crepis bulbosa (L.) Tausch<br \/>\n&#8211; Hieracioides bulbosum (L.) Kuntze<br \/>\n&#8211; Hieracium bulbosum (L.) Willd.<br \/>\n&#8211; Hieracium tuberosum Brot.<br \/>\n&#8211; Hieracium x stoloniferum Viv.<br \/>\n&#8211; Intybus bulbosus (L.) Fr.<br \/>\n&#8211; Leontodon bulbosus L.<br \/>\n&#8211; Prenanthes bulbosa (L.) DC.<br \/>\n&#8211; Taraxacum bulbosum (L.) Rchb.<br \/>\n<\/i><br \/>\n<span style=\"text-decoration: underline;\">Sous-esp\u00e8ces ou vari\u00e9t\u00e9s :<\/span><br \/>\n<i>&#8211; Sonchus bulbosus (L.) N.Kilian &amp; Greuter subsp. bulbosus<br \/>\n&#8211; Sonchus bulbosus subsp. microcephalus (Rech.f.) N.Kilian &amp; Greuter<br \/>\n&#8211; Sonchus bulbosus subsp. willkommii (Burnat &amp; Barbey) N.Kilian &amp; Greuter<br \/>\n<\/i><\/p>\n","protected":false},"excerpt":{"rendered":"<p>Une fiche plus r&eacute;cente existe, vous pouvez la consulter ICI Nom : Sonchus bulbosus (L.) N.Kilian &amp; Greuter ( Cr\u00e9pis bulbeux ) Famille : ASTERACEAE Floraison : Avril &#8211; Juin Protection : &#8211; Liste des esp\u00e8ces v\u00e9g\u00e9tales prot\u00e9g\u00e9es en r\u00e9gion &hellip; <a href=\"https:\/\/preservons-la-nature.fr\/blog\/?p=3853\">Continuer la lecture <span class=\"meta-nav\">&rarr;<\/span><\/a><\/p>\n","protected":false},"author":1,"featured_media":0,"comment_status":"open","ping_status":"open","sticky":false,"template":"","format":"standard","meta":{"footnotes":""},"categories":[102],"tags":[48],"class_list":["post-3853","post","type-post","status-publish","format-standard","hentry","category-fiche-partielle-de-plantes","tag-asteracees"],"_links":{"self":[{"href":"https:\/\/preservons-la-nature.fr\/blog\/index.php?rest_route=\/wp\/v2\/posts\/3853","targetHints":{"allow":["GET"]}}],"collection":[{"href":"https:\/\/preservons-la-nature.fr\/blog\/index.php?rest_route=\/wp\/v2\/posts"}],"about":[{"href":"https:\/\/preservons-la-nature.fr\/blog\/index.php?rest_route=\/wp\/v2\/types\/post"}],"author":[{"embeddable":true,"href":"https:\/\/preservons-la-nature.fr\/blog\/index.php?rest_route=\/wp\/v2\/users\/1"}],"replies":[{"embeddable":true,"href":"https:\/\/preservons-la-nature.fr\/blog\/index.php?rest_route=%2Fwp%2Fv2%2Fcomments&post=3853"}],"version-history":[{"count":1,"href":"https:\/\/preservons-la-nature.fr\/blog\/index.php?rest_route=\/wp\/v2\/posts\/3853\/revisions"}],"predecessor-version":[{"id":3857,"href":"https:\/\/preservons-la-nature.fr\/blog\/index.php?rest_route=\/wp\/v2\/posts\/3853\/revisions\/3857"}],"wp:attachment":[{"href":"https:\/\/preservons-la-nature.fr\/blog\/index.php?rest_route=%2Fwp%2Fv2%2Fmedia&parent=3853"}],"wp:term":[{"taxonomy":"category","embeddable":true,"href":"https:\/\/preservons-la-nature.fr\/blog\/index.php?rest_route=%2Fwp%2Fv2%2Fcategories&post=3853"},{"taxonomy":"post_tag","embeddable":true,"href":"https:\/\/preservons-la-nature.fr\/blog\/index.php?rest_route=%2Fwp%2Fv2%2Ftags&post=3853"}],"curies":[{"name":"wp","href":"https:\/\/api.w.org\/{rel}","templated":true}]}}