{"id":3848,"date":"2014-09-05T00:26:23","date_gmt":"2014-09-04T23:26:23","guid":{"rendered":"https:\/\/www.preservons-la-nature.fr\/blog\/?p=3848"},"modified":"2014-09-02T12:30:04","modified_gmt":"2014-09-02T11:30:04","slug":"artemisia-campestris-subsp-maritima-dc-arcang-armoise-de-loyd","status":"publish","type":"post","link":"https:\/\/preservons-la-nature.fr\/blog\/?p=3848","title":{"rendered":"Artemisia campestris subsp. maritima (DC.) Arcang. ( Armoise de Loyd )"},"content":{"rendered":"<p><STRONG>Une fiche plus r&eacute;cente existe, vous pouvez la consulter <a href=\"https:\/\/www.preservons-la-nature.fr\/flore\/taxon\/5647.html\">ICI<\/a><\/STRONG><div id=\"attachment_3849\" style=\"width: 1010px\" class=\"wp-caption aligncenter\"><a href=\"https:\/\/www.preservons-la-nature.fr\/blog\/wp-content\/uploads\/2014\/09\/DSC07821.jpg\" target=\"_blank\"><img loading=\"lazy\" decoding=\"async\" aria-describedby=\"caption-attachment-3849\" class=\"wp-image-3849 size-full\" title=\"Artemisia campestris subsp. maritima (DC.) Arcang. ( Armoise de Loyd )\" src=\"https:\/\/www.preservons-la-nature.fr\/blog\/wp-content\/uploads\/2014\/09\/DSC07821.jpg\" alt=\"Artemisia campestris subsp. maritima (DC.) Arcang. ( Armoise de Loyd )\" width=\"1000\" height=\"667\" srcset=\"https:\/\/preservons-la-nature.fr\/blog\/wp-content\/uploads\/2014\/09\/DSC07821.jpg 1000w, https:\/\/preservons-la-nature.fr\/blog\/wp-content\/uploads\/2014\/09\/DSC07821-300x200.jpg 300w\" sizes=\"auto, (max-width: 1000px) 100vw, 1000px\" \/><\/a><p id=\"caption-attachment-3849\" class=\"wp-caption-text\">Artemisia campestris subsp. maritima (DC.) Arcang. ( Armoise de Loyd )<\/p><\/div><\/p>\n<p><strong><span style=\"text-decoration: underline;\">Nom :<\/span><\/strong> <i>Artemisia campestris subsp. maritima (DC.) Arcang.<\/i> ( Armoise de Loyd )<\/p>\n<p><strong><span style=\"text-decoration: underline;\">Famille :<\/span><\/strong> ASTERACEAE<\/p>\n<p><strong><span style=\"text-decoration: underline;\">Floraison :<\/span><\/strong> Juin &#8211; Ao\u00fbt<\/p>\n<p><strong><span style=\"text-decoration: underline;\">Protection :<\/span><\/strong><br \/>\n&#8211; Liste des esp\u00e8ces v\u00e9g\u00e9tales prot\u00e9g\u00e9es en r\u00e9gion Bourgogne Article 1 (1992)<\/p>\n<div id=\"attachment_3850\" style=\"width: 1010px\" class=\"wp-caption aligncenter\"><a href=\"https:\/\/www.preservons-la-nature.fr\/blog\/wp-content\/uploads\/2014\/09\/DSC07859.jpg\" target=\"_blank\"><img loading=\"lazy\" decoding=\"async\" aria-describedby=\"caption-attachment-3850\" class=\"wp-image-3850 size-full\" title=\"Artemisia campestris subsp. maritima (DC.) Arcang. ( Armoise de Loyd )\" src=\"https:\/\/www.preservons-la-nature.fr\/blog\/wp-content\/uploads\/2014\/09\/DSC07859.jpg\" alt=\"Artemisia campestris subsp. maritima (DC.) Arcang. ( Armoise de Loyd )\" width=\"1000\" height=\"667\" srcset=\"https:\/\/preservons-la-nature.fr\/blog\/wp-content\/uploads\/2014\/09\/DSC07859.jpg 1000w, https:\/\/preservons-la-nature.fr\/blog\/wp-content\/uploads\/2014\/09\/DSC07859-300x200.jpg 300w\" sizes=\"auto, (max-width: 1000px) 100vw, 1000px\" \/><\/a><p id=\"caption-attachment-3850\" class=\"wp-caption-text\">Artemisia campestris subsp. maritima (DC.) Arcang. ( Armoise de Loyd )<\/p><\/div>\n<p><strong><span style=\"text-decoration: underline;\">Pr\u00e9sent dans le(s) d\u00e9partement(s) suivant(s) :<\/span><\/strong><br \/>\nCharente-Maritime, Gironde, Landes, Loire-Atlantique, Morbihan, Pyr\u00e9n\u00e9es-Atlantiques, Vend\u00e9e.<\/p>\n<div id=\"attachment_3851\" style=\"width: 610px\" class=\"wp-caption aligncenter\"><a href=\"https:\/\/www.preservons-la-nature.fr\/blog\/wp-content\/uploads\/2014\/09\/carte4.jpg\"><img loading=\"lazy\" decoding=\"async\" aria-describedby=\"caption-attachment-3851\" class=\"size-full wp-image-3851\" src=\"https:\/\/www.preservons-la-nature.fr\/blog\/wp-content\/uploads\/2014\/09\/carte4.jpg\" alt=\"R\u00e9partition d'Artemisia campestris subsp. maritima (DC.) Arcang. ( Armoise de Loyd )\" width=\"600\" height=\"600\" srcset=\"https:\/\/preservons-la-nature.fr\/blog\/wp-content\/uploads\/2014\/09\/carte4.jpg 600w, https:\/\/preservons-la-nature.fr\/blog\/wp-content\/uploads\/2014\/09\/carte4-150x150.jpg 150w, https:\/\/preservons-la-nature.fr\/blog\/wp-content\/uploads\/2014\/09\/carte4-300x300.jpg 300w\" sizes=\"auto, (max-width: 600px) 100vw, 600px\" \/><\/a><p id=\"caption-attachment-3851\" class=\"wp-caption-text\">R\u00e9partition d&rsquo;Artemisia campestris subsp. maritima (DC.) Arcang. ( Armoise de Loyd )<\/p><\/div>\n<p><strong><span style=\"text-decoration: underline;\">Phytosociologie :<\/span><i><\/i><\/strong><\/p>\n<table>\n<tbody>\n<tr>\n<td>Alliance<\/td>\n<td>Ordre<\/td>\n<td>Classe<\/td>\n<\/tr>\n<tr>\n<td><strong>Euphorbio portandlicae-Helichrysion staechadis<\/strong><\/td>\n<td><strong>Artemisio lloydii-Koelerietalia albescentis<\/strong><\/td>\n<td><strong>Koelerio glaucae-Corynephoretea canescentis<\/strong><\/td>\n<\/tr>\n<tr>\n<td>Communaut\u00e9s cantabro-atlantiques \u00e0 m\u00e9so-m\u00e9diterran\u00e9ennes occidentales, parsem\u00e9es de cham\u00e9phytes et souvent riches en Bryophytes.<\/td>\n<td>Communaut\u00e9s des arri\u00e8re-dunes atlantiques fix\u00e9es, sur sables plus ou moins calcaires et sans saupoudrage important d&rsquo;ar\u00e8nes.<\/td>\n<td>Pelouses pionni\u00e8res, \u00e0 dominance d\u2019h\u00e9micryptophytes (plus ou moins riches en annuelles), atlantiques \u00e0 m\u00e9dioeurop\u00e9ennes, sur sables plus ou moins stabilis\u00e9s.<\/td>\n<\/tr>\n<\/tbody>\n<\/table>\n<p><strong><span style=\"text-decoration: underline;\">Taxonomie :<\/span><\/strong><br \/>\n<i>Artemisia campestris subsp. maritima (DC.) Arcang.<\/i> a pour synonymes (Informations issues de la BDTFX Version 2.0, <a href=\"http:\/\/www.tela-botanica.org\" target=\"_blank\">Tela Botanica<\/a>) :<i><br \/>\n&#8211; Absinthium cernuum Moench<br \/>\n&#8211; Artemisia campestris proles lloydii Rouy<br \/>\n&#8211; Artemisia campestris subsp. lloydii (Rouy) Cout.<br \/>\n&#8211; Artemisia campestris var. maritima DC.<br \/>\n&#8211; Artemisia campestris var. maritima Lloyd<br \/>\n&#8211; Artemisia crithmifolia L.<br \/>\n&#8211; Artemisia gayana Besser<br \/>\n&#8211; Artemisia lloydii (Rouy) A.W.Hill<br \/>\n&#8211; Draconia campestris subsp. maritima (DC.) Soj\u00e1k<br \/>\n<\/i><\/p>\n","protected":false},"excerpt":{"rendered":"<p>Une fiche plus r&eacute;cente existe, vous pouvez la consulter ICI Nom : Artemisia campestris subsp. maritima (DC.) Arcang. ( Armoise de Loyd ) Famille : ASTERACEAE Floraison : Juin &#8211; Ao\u00fbt Protection : &#8211; Liste des esp\u00e8ces v\u00e9g\u00e9tales prot\u00e9g\u00e9es en &hellip; <a href=\"https:\/\/preservons-la-nature.fr\/blog\/?p=3848\">Continuer la lecture <span class=\"meta-nav\">&rarr;<\/span><\/a><\/p>\n","protected":false},"author":1,"featured_media":0,"comment_status":"open","ping_status":"open","sticky":false,"template":"","format":"standard","meta":{"footnotes":""},"categories":[102],"tags":[48],"class_list":["post-3848","post","type-post","status-publish","format-standard","hentry","category-fiche-partielle-de-plantes","tag-asteracees"],"_links":{"self":[{"href":"https:\/\/preservons-la-nature.fr\/blog\/index.php?rest_route=\/wp\/v2\/posts\/3848","targetHints":{"allow":["GET"]}}],"collection":[{"href":"https:\/\/preservons-la-nature.fr\/blog\/index.php?rest_route=\/wp\/v2\/posts"}],"about":[{"href":"https:\/\/preservons-la-nature.fr\/blog\/index.php?rest_route=\/wp\/v2\/types\/post"}],"author":[{"embeddable":true,"href":"https:\/\/preservons-la-nature.fr\/blog\/index.php?rest_route=\/wp\/v2\/users\/1"}],"replies":[{"embeddable":true,"href":"https:\/\/preservons-la-nature.fr\/blog\/index.php?rest_route=%2Fwp%2Fv2%2Fcomments&post=3848"}],"version-history":[{"count":1,"href":"https:\/\/preservons-la-nature.fr\/blog\/index.php?rest_route=\/wp\/v2\/posts\/3848\/revisions"}],"predecessor-version":[{"id":3852,"href":"https:\/\/preservons-la-nature.fr\/blog\/index.php?rest_route=\/wp\/v2\/posts\/3848\/revisions\/3852"}],"wp:attachment":[{"href":"https:\/\/preservons-la-nature.fr\/blog\/index.php?rest_route=%2Fwp%2Fv2%2Fmedia&parent=3848"}],"wp:term":[{"taxonomy":"category","embeddable":true,"href":"https:\/\/preservons-la-nature.fr\/blog\/index.php?rest_route=%2Fwp%2Fv2%2Fcategories&post=3848"},{"taxonomy":"post_tag","embeddable":true,"href":"https:\/\/preservons-la-nature.fr\/blog\/index.php?rest_route=%2Fwp%2Fv2%2Ftags&post=3848"}],"curies":[{"name":"wp","href":"https:\/\/api.w.org\/{rel}","templated":true}]}}