{"id":3844,"date":"2014-09-04T00:22:05","date_gmt":"2014-09-03T23:22:05","guid":{"rendered":"https:\/\/www.preservons-la-nature.fr\/blog\/?p=3844"},"modified":"2014-09-02T12:24:25","modified_gmt":"2014-09-02T11:24:25","slug":"allium-neapolitanum-cirillo-ail-de-naples","status":"publish","type":"post","link":"https:\/\/preservons-la-nature.fr\/blog\/?p=3844","title":{"rendered":"Allium neapolitanum Cirillo ( Ail de Naples )"},"content":{"rendered":"<p><STRONG>Une fiche plus r&eacute;cente existe, vous pouvez la consulter <a href=\"https:\/\/www.preservons-la-nature.fr\/flore\/taxon\/1537.html\">ICI<\/a><\/STRONG><div id=\"attachment_3845\" style=\"width: 677px\" class=\"wp-caption aligncenter\"><a href=\"https:\/\/www.preservons-la-nature.fr\/blog\/wp-content\/uploads\/2014\/09\/DSC09932.jpg\" target=\"_blank\"><img loading=\"lazy\" decoding=\"async\" aria-describedby=\"caption-attachment-3845\" class=\"wp-image-3845 size-full\" title=\"Allium neapolitanum Cirillo ( Ail de Naples )\" src=\"https:\/\/www.preservons-la-nature.fr\/blog\/wp-content\/uploads\/2014\/09\/DSC09932.jpg\" alt=\"Allium neapolitanum Cirillo ( Ail de Naples )\" width=\"667\" height=\"1000\" srcset=\"https:\/\/preservons-la-nature.fr\/blog\/wp-content\/uploads\/2014\/09\/DSC09932.jpg 667w, https:\/\/preservons-la-nature.fr\/blog\/wp-content\/uploads\/2014\/09\/DSC09932-200x300.jpg 200w, https:\/\/preservons-la-nature.fr\/blog\/wp-content\/uploads\/2014\/09\/DSC09932-533x800.jpg 533w\" sizes=\"auto, (max-width: 667px) 100vw, 667px\" \/><\/a><p id=\"caption-attachment-3845\" class=\"wp-caption-text\">Allium neapolitanum Cirillo ( Ail de Naples )<\/p><\/div><\/p>\n<p><strong><span style=\"text-decoration: underline;\">Nom :<\/span><\/strong> <i>Allium neapolitanum Cirillo<\/i> ( Ail de Naples )<\/p>\n<p><strong><span style=\"text-decoration: underline;\">Famille :<\/span><\/strong> AMARYLLIDACEAE<\/p>\n<p><strong><span style=\"text-decoration: underline;\">Protection :<\/span><\/strong><br \/>\n&#8211; Liste rouge europ\u00e9enne IUCN 2012 LC<\/p>\n<p><strong><span style=\"text-decoration: underline;\">Description dans la flore de Coste :<\/span><\/strong><br \/>\nPlante vivace de 30-60 cm, glabre, \u00e0 bulbe petit ovo\u00efde \u00e0 tunique coriace brune ; tige trigone, \u00e0 2 angles aigus et 1 obtus, munie au-dessus de la base de 2-3 feuilles larges de 1-3 cm, planes, glabres, un peu denticul\u00e9es et rudes aux bords, \u00e9galant \u00e0 peine l&rsquo;ombelle ; spathe univalve, ovale-acumin\u00e9e, plus courte que les p\u00e9dicelles ; fleurs blanches, en ombelle multiflore \u00e9tal\u00e9e ; p\u00e9dicelles \u00e9gaux, 3 fois plus longs que la fleur ; p\u00e9rianthe en coupe ouverte, \u00e0 divisions larges ovales obtuses, \u00e0 la fin conniventes et sub-scarieuses ; \u00e9tamines incluses, \u00e0 filets tous simples ; stigmate obtus.<\/p>\n<p><strong><span style=\"text-decoration: underline;\">Pr\u00e9sent dans le(s) d\u00e9partement(s) suivant(s) :<\/span><\/strong><br \/>\nAlpes-de-Haute-Provence, Alpes-Maritimes, Bouches-du-Rh\u00f4ne, Corse-du-Sud, Ille-et-Vilaine, Tarn-et-Garonne, Var, Vaucluse.<\/p>\n<div id=\"attachment_3846\" style=\"width: 610px\" class=\"wp-caption aligncenter\"><a href=\"https:\/\/www.preservons-la-nature.fr\/blog\/wp-content\/uploads\/2014\/09\/carte3.jpg\"><img loading=\"lazy\" decoding=\"async\" aria-describedby=\"caption-attachment-3846\" class=\"size-full wp-image-3846\" src=\"https:\/\/www.preservons-la-nature.fr\/blog\/wp-content\/uploads\/2014\/09\/carte3.jpg\" alt=\"R\u00e9partition d'Allium neapolitanum Cirillo ( Ail de Naples )\" width=\"600\" height=\"600\" srcset=\"https:\/\/preservons-la-nature.fr\/blog\/wp-content\/uploads\/2014\/09\/carte3.jpg 600w, https:\/\/preservons-la-nature.fr\/blog\/wp-content\/uploads\/2014\/09\/carte3-150x150.jpg 150w, https:\/\/preservons-la-nature.fr\/blog\/wp-content\/uploads\/2014\/09\/carte3-300x300.jpg 300w\" sizes=\"auto, (max-width: 600px) 100vw, 600px\" \/><\/a><p id=\"caption-attachment-3846\" class=\"wp-caption-text\">R\u00e9partition d&rsquo;Allium neapolitanum Cirillo ( Ail de Naples )<\/p><\/div>\n<p><strong><span style=\"text-decoration: underline;\">Taxonomie :<\/span><\/strong><br \/>\n<i>Allium neapolitanum Cirillo<\/i> a pour synonymes (Informations issues de la BDTFX Version 2.0, <a href=\"http:\/\/www.tela-botanica.org\" target=\"_blank\">Tela Botanica<\/a>) :<i><br \/>\n&#8211; Allium album Santi<br \/>\n&#8211; Allium amblyopetalum Link<br \/>\n&#8211; Allium candidissimum Cav.<br \/>\n&#8211; Allium cowanii Lindl.<br \/>\n&#8211; Allium gouanii G.Don<br \/>\n&#8211; Allium inodorum Aiton<br \/>\n&#8211; Allium lacteum Sm.<br \/>\n&#8211; Allium laetum Pollini<br \/>\n&#8211; Allium sieberianum Schult. &amp; Schult.f.<br \/>\n&#8211; Allium sulcatum DC.<br \/>\n<\/i><\/p>\n","protected":false},"excerpt":{"rendered":"<p>Une fiche plus r&eacute;cente existe, vous pouvez la consulter ICI Nom : Allium neapolitanum Cirillo ( Ail de Naples ) Famille : AMARYLLIDACEAE Protection : &#8211; Liste rouge europ\u00e9enne IUCN 2012 LC Description dans la flore de Coste : Plante &hellip; <a href=\"https:\/\/preservons-la-nature.fr\/blog\/?p=3844\">Continuer la lecture <span class=\"meta-nav\">&rarr;<\/span><\/a><\/p>\n","protected":false},"author":1,"featured_media":0,"comment_status":"open","ping_status":"open","sticky":false,"template":"","format":"standard","meta":{"footnotes":""},"categories":[102],"tags":[97],"class_list":["post-3844","post","type-post","status-publish","format-standard","hentry","category-fiche-partielle-de-plantes","tag-amaryllidacees"],"_links":{"self":[{"href":"https:\/\/preservons-la-nature.fr\/blog\/index.php?rest_route=\/wp\/v2\/posts\/3844","targetHints":{"allow":["GET"]}}],"collection":[{"href":"https:\/\/preservons-la-nature.fr\/blog\/index.php?rest_route=\/wp\/v2\/posts"}],"about":[{"href":"https:\/\/preservons-la-nature.fr\/blog\/index.php?rest_route=\/wp\/v2\/types\/post"}],"author":[{"embeddable":true,"href":"https:\/\/preservons-la-nature.fr\/blog\/index.php?rest_route=\/wp\/v2\/users\/1"}],"replies":[{"embeddable":true,"href":"https:\/\/preservons-la-nature.fr\/blog\/index.php?rest_route=%2Fwp%2Fv2%2Fcomments&post=3844"}],"version-history":[{"count":1,"href":"https:\/\/preservons-la-nature.fr\/blog\/index.php?rest_route=\/wp\/v2\/posts\/3844\/revisions"}],"predecessor-version":[{"id":3847,"href":"https:\/\/preservons-la-nature.fr\/blog\/index.php?rest_route=\/wp\/v2\/posts\/3844\/revisions\/3847"}],"wp:attachment":[{"href":"https:\/\/preservons-la-nature.fr\/blog\/index.php?rest_route=%2Fwp%2Fv2%2Fmedia&parent=3844"}],"wp:term":[{"taxonomy":"category","embeddable":true,"href":"https:\/\/preservons-la-nature.fr\/blog\/index.php?rest_route=%2Fwp%2Fv2%2Fcategories&post=3844"},{"taxonomy":"post_tag","embeddable":true,"href":"https:\/\/preservons-la-nature.fr\/blog\/index.php?rest_route=%2Fwp%2Fv2%2Ftags&post=3844"}],"curies":[{"name":"wp","href":"https:\/\/api.w.org\/{rel}","templated":true}]}}