{"id":3840,"date":"2014-09-03T00:18:21","date_gmt":"2014-09-02T23:18:21","guid":{"rendered":"https:\/\/www.preservons-la-nature.fr\/blog\/?p=3840"},"modified":"2014-09-02T12:20:28","modified_gmt":"2014-09-02T11:20:28","slug":"aegilops-neglecta-req-ex-bertol-aegilops-neglige","status":"publish","type":"post","link":"https:\/\/preservons-la-nature.fr\/blog\/?p=3840","title":{"rendered":"Aegilops neglecta Req. ex Bertol. ( Aegilops n\u00e9glig\u00e9 )"},"content":{"rendered":"<p><STRONG>Une fiche plus r&eacute;cente existe, vous pouvez la consulter <a href=\"https:\/\/www.preservons-la-nature.fr\/flore\/taxon\/1496.html\">ICI<\/a><\/STRONG><div id=\"attachment_3841\" style=\"width: 677px\" class=\"wp-caption aligncenter\"><a href=\"https:\/\/www.preservons-la-nature.fr\/blog\/wp-content\/uploads\/2014\/09\/DSC00243.jpg\" target=\"_blank\"><img loading=\"lazy\" decoding=\"async\" aria-describedby=\"caption-attachment-3841\" class=\"wp-image-3841 size-full\" title=\"Aegilops neglecta Req. ex Bertol. ( Aegilops n\u00e9glig\u00e9 )\" src=\"https:\/\/www.preservons-la-nature.fr\/blog\/wp-content\/uploads\/2014\/09\/DSC00243.jpg\" alt=\"Aegilops neglecta Req. ex Bertol. ( Aegilops n\u00e9glig\u00e9 )\" width=\"667\" height=\"1000\" srcset=\"https:\/\/preservons-la-nature.fr\/blog\/wp-content\/uploads\/2014\/09\/DSC00243.jpg 667w, https:\/\/preservons-la-nature.fr\/blog\/wp-content\/uploads\/2014\/09\/DSC00243-200x300.jpg 200w, https:\/\/preservons-la-nature.fr\/blog\/wp-content\/uploads\/2014\/09\/DSC00243-533x800.jpg 533w\" sizes=\"auto, (max-width: 667px) 100vw, 667px\" \/><\/a><p id=\"caption-attachment-3841\" class=\"wp-caption-text\">Aegilops neglecta Req. ex Bertol. ( Aegilops n\u00e9glig\u00e9 )<\/p><\/div><\/p>\n<p><strong><span style=\"text-decoration: underline;\">Nom :<\/span><\/strong> <i>Aegilops neglecta Req. ex Bertol.<\/i> ( Aegilops n\u00e9glig\u00e9 )<\/p>\n<p><strong><span style=\"text-decoration: underline;\">Famille :<\/span><\/strong> POACEAE<\/p>\n<p><strong><span style=\"text-decoration: underline;\">Floraison :<\/span><\/strong> Mai &#8211; Juillet<\/p>\n<p><strong><span style=\"text-decoration: underline;\">Protection :<\/span><\/strong><br \/>\n&#8211; Liste rouge europ\u00e9enne IUCN 2012 LC<\/p>\n<p><strong><span style=\"text-decoration: underline;\">Description dans la flore de Coste :<\/span><\/strong><br \/>\nPlante annuelle de 20-50 cm, velue, \u00e0 racine fibreuse ; tiges en touffe, genouill\u00e9es-ascendantes ; feuilles planes, rudes ; \u00e9pi court (2-3 cm), ovale-oblong, non fragile, fauve-jaun\u00e2tre ; \u00e9pillets 3-5, dont 1-2 sup\u00e9rieurs petites st\u00e9riles, et 2-3 inf\u00e9rieurs gros, fertiles, imbriqu\u00e9s, ovales-cylindrac\u00e9s, non brusquement renfl\u00e9s ; munis chacun de 4-7 longues ar\u00eates et 2-3 petites dress\u00e9es-\u00e9tal\u00e9es, \u00e9galant 3-4 cm, lisses \u00e0 la base ; glumes ventrues, \u00e0 3 ou 2 ar\u00eates in\u00e9gales ; glumelles portant 2 ar\u00eates courtes ou une longue et une courte ; 3-4 rudiments st\u00e9riles \u00e0 la base de l&rsquo;\u00e9pi.<\/p>\n<p><strong><span style=\"text-decoration: underline;\">Pr\u00e9sent dans le(s) d\u00e9partement(s) suivant(s) :<\/span><\/strong><br \/>\nAlpes-de-Haute-Provence, Alpes-Maritimes, Bouches-du-Rh\u00f4ne, Hautes-Alpes, Var, Vaucluse.<\/p>\n<div id=\"attachment_3842\" style=\"width: 610px\" class=\"wp-caption aligncenter\"><a href=\"https:\/\/www.preservons-la-nature.fr\/blog\/wp-content\/uploads\/2014\/09\/carte2.jpg\"><img loading=\"lazy\" decoding=\"async\" aria-describedby=\"caption-attachment-3842\" class=\"size-full wp-image-3842\" src=\"https:\/\/www.preservons-la-nature.fr\/blog\/wp-content\/uploads\/2014\/09\/carte2.jpg\" alt=\"R\u00e9partition de Aegilops neglecta Req. ex Bertol. ( Aegilops n\u00e9glig\u00e9 )\" width=\"600\" height=\"600\" srcset=\"https:\/\/preservons-la-nature.fr\/blog\/wp-content\/uploads\/2014\/09\/carte2.jpg 600w, https:\/\/preservons-la-nature.fr\/blog\/wp-content\/uploads\/2014\/09\/carte2-150x150.jpg 150w, https:\/\/preservons-la-nature.fr\/blog\/wp-content\/uploads\/2014\/09\/carte2-300x300.jpg 300w\" sizes=\"auto, (max-width: 600px) 100vw, 600px\" \/><\/a><p id=\"caption-attachment-3842\" class=\"wp-caption-text\">R\u00e9partition de Aegilops neglecta Req. ex Bertol. ( Aegilops n\u00e9glig\u00e9 )<\/p><\/div>\n<p><strong><span style=\"text-decoration: underline;\">Taxonomie :<\/span><\/strong><br \/>\n<i>Aegilops neglecta Req. ex Bertol.<\/i> a pour synonymes (Informations issues de la BDTFX Version 2.0, <a href=\"http:\/\/www.tela-botanica.org\" target=\"_blank\">Tela Botanica<\/a>) :<i><br \/>\n&#8211; Aegilops algeriensis Gand.<br \/>\n&#8211; Aegilops calida Gand.<br \/>\n&#8211; Aegilops campicola Gand.<br \/>\n&#8211; Aegilops croatica Gand.<br \/>\n&#8211; Aegilops mesantha Gand.<br \/>\n&#8211; Aegilops neglecta var. contorta (Zhuk.) Hammer<br \/>\n&#8211; Aegilops neglecta var. ochreata (Zhuk.) Hammer<br \/>\n&#8211; Aegilops neglecta var. quadriaristata (Eig) Hammer<br \/>\n&#8211; Aegilops neglecta var. trojana (Eig) Hammer<br \/>\n&#8211; Aegilops ovata subsp. triaristata (Willd.) Bonnier &amp; Layens<br \/>\n&#8211; Aegilops ovata var. triaristata (Willd.) Bluff &amp; Nees<br \/>\n&#8211; Aegilops ovata var. trispiculata Hack. ex Trab.<br \/>\n&#8211; Aegilops triaristata Req. ex Bertol.<br \/>\n&#8211; Aegilops triaristata subsp. contorta Zhuk.<br \/>\n&#8211; Aegilops triaristata var. intermedia Tod.<br \/>\n&#8211; Aegilops triaristata var. macrochaeta E.Mey.<br \/>\n&#8211; Aegilops triaristata var. ochreata Zhuk.<br \/>\n&#8211; Aegilops triaristata var. quadriaristata Eig<br \/>\n&#8211; Aegilops triaristata var. trojana Eig<br \/>\n&#8211; Aegilops triaristata Willd.<br \/>\n&#8211; Aegilops viridescens Gand.<br \/>\n&#8211; Triticum triaristatum Gren. &amp; Godr.<br \/>\n<\/i><\/p>\n","protected":false},"excerpt":{"rendered":"<p>Une fiche plus r&eacute;cente existe, vous pouvez la consulter ICI Nom : Aegilops neglecta Req. ex Bertol. ( Aegilops n\u00e9glig\u00e9 ) Famille : POACEAE Floraison : Mai &#8211; Juillet Protection : &#8211; Liste rouge europ\u00e9enne IUCN 2012 LC Description dans &hellip; <a href=\"https:\/\/preservons-la-nature.fr\/blog\/?p=3840\">Continuer la lecture <span class=\"meta-nav\">&rarr;<\/span><\/a><\/p>\n","protected":false},"author":1,"featured_media":0,"comment_status":"open","ping_status":"open","sticky":false,"template":"","format":"standard","meta":{"footnotes":""},"categories":[102],"tags":[80],"class_list":["post-3840","post","type-post","status-publish","format-standard","hentry","category-fiche-partielle-de-plantes","tag-poacees"],"_links":{"self":[{"href":"https:\/\/preservons-la-nature.fr\/blog\/index.php?rest_route=\/wp\/v2\/posts\/3840","targetHints":{"allow":["GET"]}}],"collection":[{"href":"https:\/\/preservons-la-nature.fr\/blog\/index.php?rest_route=\/wp\/v2\/posts"}],"about":[{"href":"https:\/\/preservons-la-nature.fr\/blog\/index.php?rest_route=\/wp\/v2\/types\/post"}],"author":[{"embeddable":true,"href":"https:\/\/preservons-la-nature.fr\/blog\/index.php?rest_route=\/wp\/v2\/users\/1"}],"replies":[{"embeddable":true,"href":"https:\/\/preservons-la-nature.fr\/blog\/index.php?rest_route=%2Fwp%2Fv2%2Fcomments&post=3840"}],"version-history":[{"count":1,"href":"https:\/\/preservons-la-nature.fr\/blog\/index.php?rest_route=\/wp\/v2\/posts\/3840\/revisions"}],"predecessor-version":[{"id":3843,"href":"https:\/\/preservons-la-nature.fr\/blog\/index.php?rest_route=\/wp\/v2\/posts\/3840\/revisions\/3843"}],"wp:attachment":[{"href":"https:\/\/preservons-la-nature.fr\/blog\/index.php?rest_route=%2Fwp%2Fv2%2Fmedia&parent=3840"}],"wp:term":[{"taxonomy":"category","embeddable":true,"href":"https:\/\/preservons-la-nature.fr\/blog\/index.php?rest_route=%2Fwp%2Fv2%2Fcategories&post=3840"},{"taxonomy":"post_tag","embeddable":true,"href":"https:\/\/preservons-la-nature.fr\/blog\/index.php?rest_route=%2Fwp%2Fv2%2Ftags&post=3840"}],"curies":[{"name":"wp","href":"https:\/\/api.w.org\/{rel}","templated":true}]}}