{"id":3835,"date":"2014-09-02T12:15:50","date_gmt":"2014-09-02T11:15:50","guid":{"rendered":"https:\/\/www.preservons-la-nature.fr\/blog\/?p=3835"},"modified":"2014-09-02T12:15:50","modified_gmt":"2014-09-02T11:15:50","slug":"plantago-subulata-l-plantain-carene","status":"publish","type":"post","link":"https:\/\/preservons-la-nature.fr\/blog\/?p=3835","title":{"rendered":"Plantago subulata L. ( Plantain car\u00e9n\u00e9 )"},"content":{"rendered":"<p><STRONG>Une fiche plus r&eacute;cente existe, vous pouvez la consulter <a href=\"https:\/\/www.preservons-la-nature.fr\/flore\/taxon\/3242.html\">ICI<\/a><\/STRONG><div id=\"attachment_3836\" style=\"width: 1010px\" class=\"wp-caption aligncenter\"><a href=\"https:\/\/www.preservons-la-nature.fr\/blog\/wp-content\/uploads\/2014\/09\/DSC09685.jpg\" target=\"_blank\"><img loading=\"lazy\" decoding=\"async\" aria-describedby=\"caption-attachment-3836\" class=\"wp-image-3836 size-full\" title=\"Plantago subulata L. ( Plantain car\u00e9n\u00e9 )\" src=\"https:\/\/www.preservons-la-nature.fr\/blog\/wp-content\/uploads\/2014\/09\/DSC09685.jpg\" alt=\"Plantago subulata L. ( Plantain car\u00e9n\u00e9 )\" width=\"1000\" height=\"667\" srcset=\"https:\/\/preservons-la-nature.fr\/blog\/wp-content\/uploads\/2014\/09\/DSC09685.jpg 1000w, https:\/\/preservons-la-nature.fr\/blog\/wp-content\/uploads\/2014\/09\/DSC09685-300x200.jpg 300w\" sizes=\"auto, (max-width: 1000px) 100vw, 1000px\" \/><\/a><p id=\"caption-attachment-3836\" class=\"wp-caption-text\">Plantago subulata L. ( Plantain car\u00e9n\u00e9 )<\/p><\/div><br \/>\n<strong><span style=\"text-decoration: underline;\">Nom :<\/span><\/strong> <i>Plantago subulata L.<\/i> ( Plantain car\u00e9n\u00e9 )<\/p>\n<p><strong><span style=\"text-decoration: underline;\">Autre(s) nom(s) :<\/span><\/strong><br \/>\nPlantain \u00e0 feuilles en al\u00e8ne.<\/p>\n<p><strong><span style=\"text-decoration: underline;\">Famille :<\/span><\/strong> PLANTAGINACEAE<\/p>\n<p><strong><span style=\"text-decoration: underline;\">Floraison :<\/span><\/strong> Mai &#8211; Ao\u00fbt<\/p>\n<p><strong><span style=\"text-decoration: underline;\">Protection :<\/span><\/strong><br \/>\n&#8211; Liste des esp\u00e8ces v\u00e9g\u00e9tales prot\u00e9g\u00e9es en r\u00e9gion Centre Article 1 (1993)<br \/>\n&#8211; Liste rouge fran\u00e7aise IUCN 2012 LC<\/p>\n<p><strong><span style=\"text-decoration: underline;\">Description dans la flore de Coste :<\/span><\/strong><br \/>\nPlante vivace de 5-20 cm, pubescente, dens\u00e9ment gazonnante, \u00e0 souche ligneuse \u00e9mettant de longs rameaux \u00e9pig\u00e9s couverts dans toute leur longueur des restes des anciennes feuilles ; hampes assez robustes, raides, d\u00e9passant les feuilles ; feuilles glabres ou cili\u00e9es, raides, lin\u00e9aires en al\u00eane, triqu\u00e8tres au sommet, planes, stri\u00e9es, d&rsquo;un vert obscur ; \u00e9pi cylindrique ou oblong, compact ; bract\u00e9es ovales-lanc\u00e9ol\u00e9es, car\u00e9n\u00e9es ; s\u00e9pales \u00e0 car\u00e8ne cili\u00e9e ; corolle verd\u00e2tre, \u00e0 tube velu, \u00e0 lobes acumin\u00e9s ; capsule \u00e0 2 graines ovales, planes \u00e0 la face interne.<br \/>\n<div id=\"attachment_3837\" style=\"width: 1010px\" class=\"wp-caption aligncenter\"><a href=\"https:\/\/www.preservons-la-nature.fr\/blog\/wp-content\/uploads\/2014\/09\/DSC09685-2.jpg\" target=\"_blank\"><img loading=\"lazy\" decoding=\"async\" aria-describedby=\"caption-attachment-3837\" class=\"wp-image-3837 size-full\" title=\"Plantago subulata L. ( Plantain car\u00e9n\u00e9 )\" src=\"https:\/\/www.preservons-la-nature.fr\/blog\/wp-content\/uploads\/2014\/09\/DSC09685-2.jpg\" alt=\"Plantago subulata L. ( Plantain car\u00e9n\u00e9 )\" width=\"1000\" height=\"667\" srcset=\"https:\/\/preservons-la-nature.fr\/blog\/wp-content\/uploads\/2014\/09\/DSC09685-2.jpg 1000w, https:\/\/preservons-la-nature.fr\/blog\/wp-content\/uploads\/2014\/09\/DSC09685-2-300x200.jpg 300w\" sizes=\"auto, (max-width: 1000px) 100vw, 1000px\" \/><\/a><p id=\"caption-attachment-3837\" class=\"wp-caption-text\">Plantago subulata L. ( Plantain car\u00e9n\u00e9 )<\/p><\/div><br \/>\n<strong><span style=\"text-decoration: underline;\">Pr\u00e9sent dans le(s) d\u00e9partement(s) suivant(s) :<\/span><\/strong><br \/>\nAlpes-Maritimes, Aude, Bouches-du-Rh\u00f4ne, Deux-S\u00e8vres, Pyr\u00e9n\u00e9es-Orientales, Var.<br \/>\n<div id=\"attachment_3838\" style=\"width: 610px\" class=\"wp-caption aligncenter\"><a href=\"https:\/\/www.preservons-la-nature.fr\/blog\/wp-content\/uploads\/2014\/09\/carte1.jpg\"><img loading=\"lazy\" decoding=\"async\" aria-describedby=\"caption-attachment-3838\" src=\"https:\/\/www.preservons-la-nature.fr\/blog\/wp-content\/uploads\/2014\/09\/carte1.jpg\" alt=\"R\u00e9partition de Plantago subulata L. ( Plantain car\u00e9n\u00e9 )\" width=\"600\" height=\"600\" class=\"size-full wp-image-3838\" srcset=\"https:\/\/preservons-la-nature.fr\/blog\/wp-content\/uploads\/2014\/09\/carte1.jpg 600w, https:\/\/preservons-la-nature.fr\/blog\/wp-content\/uploads\/2014\/09\/carte1-150x150.jpg 150w, https:\/\/preservons-la-nature.fr\/blog\/wp-content\/uploads\/2014\/09\/carte1-300x300.jpg 300w\" sizes=\"auto, (max-width: 600px) 100vw, 600px\" \/><\/a><p id=\"caption-attachment-3838\" class=\"wp-caption-text\">R\u00e9partition de Plantago subulata L. ( Plantain car\u00e9n\u00e9 )<\/p><\/div><br \/>\n<strong><span style=\"text-decoration: underline;\">Taxonomie :<\/span><\/strong><br \/>\n<i>Plantago subulata L.<\/i> a pour synonymes (Informations issues de la BDTFX Version 2.0, <a href=\"http:\/\/www.tela-botanica.org\" target=\"_blank\">Tela Botanica<\/a>) :<i><br \/>\n&#8211; Arnoglossum subulatum (L.) Gray<br \/>\n&#8211; Plantaginella subulata (L.) Fourr.<br \/>\n&#8211; Plantago brachyphylla Roem. &amp; Schult.<br \/>\n&#8211; Plantago pungens Lapeyr.<br \/>\n&#8211; Plantago recurvata L.<br \/>\n&#8211; Plantago triquetra Pers.<br \/>\n<\/i><\/p>\n","protected":false},"excerpt":{"rendered":"<p>Une fiche plus r&eacute;cente existe, vous pouvez la consulter ICI Nom : Plantago subulata L. ( Plantain car\u00e9n\u00e9 ) Autre(s) nom(s) : Plantain \u00e0 feuilles en al\u00e8ne. Famille : PLANTAGINACEAE Floraison : Mai &#8211; Ao\u00fbt Protection : &#8211; Liste des &hellip; <a href=\"https:\/\/preservons-la-nature.fr\/blog\/?p=3835\">Continuer la lecture <span class=\"meta-nav\">&rarr;<\/span><\/a><\/p>\n","protected":false},"author":1,"featured_media":0,"comment_status":"open","ping_status":"open","sticky":false,"template":"","format":"standard","meta":{"footnotes":""},"categories":[102],"tags":[78],"class_list":["post-3835","post","type-post","status-publish","format-standard","hentry","category-fiche-partielle-de-plantes","tag-plantaginacees"],"_links":{"self":[{"href":"https:\/\/preservons-la-nature.fr\/blog\/index.php?rest_route=\/wp\/v2\/posts\/3835","targetHints":{"allow":["GET"]}}],"collection":[{"href":"https:\/\/preservons-la-nature.fr\/blog\/index.php?rest_route=\/wp\/v2\/posts"}],"about":[{"href":"https:\/\/preservons-la-nature.fr\/blog\/index.php?rest_route=\/wp\/v2\/types\/post"}],"author":[{"embeddable":true,"href":"https:\/\/preservons-la-nature.fr\/blog\/index.php?rest_route=\/wp\/v2\/users\/1"}],"replies":[{"embeddable":true,"href":"https:\/\/preservons-la-nature.fr\/blog\/index.php?rest_route=%2Fwp%2Fv2%2Fcomments&post=3835"}],"version-history":[{"count":1,"href":"https:\/\/preservons-la-nature.fr\/blog\/index.php?rest_route=\/wp\/v2\/posts\/3835\/revisions"}],"predecessor-version":[{"id":3839,"href":"https:\/\/preservons-la-nature.fr\/blog\/index.php?rest_route=\/wp\/v2\/posts\/3835\/revisions\/3839"}],"wp:attachment":[{"href":"https:\/\/preservons-la-nature.fr\/blog\/index.php?rest_route=%2Fwp%2Fv2%2Fmedia&parent=3835"}],"wp:term":[{"taxonomy":"category","embeddable":true,"href":"https:\/\/preservons-la-nature.fr\/blog\/index.php?rest_route=%2Fwp%2Fv2%2Fcategories&post=3835"},{"taxonomy":"post_tag","embeddable":true,"href":"https:\/\/preservons-la-nature.fr\/blog\/index.php?rest_route=%2Fwp%2Fv2%2Ftags&post=3835"}],"curies":[{"name":"wp","href":"https:\/\/api.w.org\/{rel}","templated":true}]}}