{"id":3830,"date":"2014-09-01T12:56:05","date_gmt":"2014-09-01T11:56:05","guid":{"rendered":"https:\/\/www.preservons-la-nature.fr\/blog\/?p=3830"},"modified":"2014-09-01T12:56:05","modified_gmt":"2014-09-01T11:56:05","slug":"stachys-maritima-gouan-epiaire-maritime","status":"publish","type":"post","link":"https:\/\/preservons-la-nature.fr\/blog\/?p=3830","title":{"rendered":"Stachys maritima Gouan ( \u00c9piaire maritime )"},"content":{"rendered":"<p><STRONG>Une fiche plus r&eacute;cente existe, vous pouvez la consulter <a href=\"https:\/\/www.preservons-la-nature.fr\/flore\/taxon\/3711.html\">ICI<\/a><\/STRONG><div id=\"attachment_3831\" style=\"width: 1010px\" class=\"wp-caption aligncenter\"><a href=\"https:\/\/www.preservons-la-nature.fr\/blog\/wp-content\/uploads\/2014\/09\/DSC09336.jpg\" target=\"_blank\"><img loading=\"lazy\" decoding=\"async\" aria-describedby=\"caption-attachment-3831\" class=\"wp-image-3831 size-full\" title=\"Stachys maritima Gouan ( \u00c9piaire maritime )\" src=\"https:\/\/www.preservons-la-nature.fr\/blog\/wp-content\/uploads\/2014\/09\/DSC09336.jpg\" alt=\"Stachys maritima Gouan ( \u00c9piaire maritime )\" width=\"1000\" height=\"667\" srcset=\"https:\/\/preservons-la-nature.fr\/blog\/wp-content\/uploads\/2014\/09\/DSC09336.jpg 1000w, https:\/\/preservons-la-nature.fr\/blog\/wp-content\/uploads\/2014\/09\/DSC09336-300x200.jpg 300w\" sizes=\"auto, (max-width: 1000px) 100vw, 1000px\" \/><\/a><p id=\"caption-attachment-3831\" class=\"wp-caption-text\">Stachys maritima Gouan ( \u00c9piaire maritime )<\/p><\/div><\/p>\n<p><strong><span style=\"text-decoration: underline;\">Nom :<\/span><\/strong> <i>Stachys maritima Gouan<\/i> ( \u00c9piaire maritime )<\/p>\n<p><strong><span style=\"text-decoration: underline;\">Famille :<\/span><\/strong> LAMIACEAE<\/p>\n<p><strong><span style=\"text-decoration: underline;\">Floraison :<\/span><\/strong> Mai &#8211; Juillet<\/p>\n<p><strong><span style=\"text-decoration: underline;\">Protection :<\/span><\/strong><br \/>\n&#8211; Liste des esp\u00e8ces v\u00e9g\u00e9tales prot\u00e9g\u00e9es en r\u00e9gion Languedoc-Roussillon Article 1 (1997)<br \/>\n&#8211; Liste des esp\u00e8ces v\u00e9g\u00e9tales prot\u00e9g\u00e9es en r\u00e9gion Provence-Alpes-C\u00f4te-d&rsquo;Azur Article 1 (1994)<br \/>\n&#8211; Liste rouge fran\u00e7aise IUCN 2012 CR<\/p>\n<p><strong><span style=\"text-decoration: underline;\">Description dans la flore de Coste :<\/span><\/strong><br \/>\nPlante vivace de 10-30 cm, tomenteuse-blanch\u00e2tre, \u00e0 souche \u00e9paisse \u00e9mettant de nombreuses tiges \u00e9tal\u00e9es ascendantes ; feuilles mollement velues sur les 2 faces, elliptiques-oblongues, finement cr\u00e9nel\u00e9es, \u00e0 nervation r\u00e9ticul\u00e9e, la plupart att\u00e9nu\u00e9es \u00e0 la base en p\u00e9tiole tr\u00e8s velu ; fleurs jaunes, 4-6 en verticilles rapproch\u00e9s en \u00e9pi dense et court ; bract\u00e9oles tr\u00e8s petites ; calice tomenteux-blanch\u00e2tre, tubuleux en cloche, \u00e0 dents triangulaires-aigu\u00ebs, velues jusqu&rsquo;au sommet, 3 fois plus courtes que le tube ; corolle d&rsquo;un tiers plus longue que le calice, \u00e0 tube inclus, \u00e0 l\u00e8vre sup\u00e9rieure cr\u00e9nel\u00e9e.<\/p>\n<div id=\"attachment_3832\" style=\"width: 677px\" class=\"wp-caption aligncenter\"><a href=\"https:\/\/www.preservons-la-nature.fr\/blog\/wp-content\/uploads\/2014\/09\/DSC09341.jpg\" target=\"_blank\"><img loading=\"lazy\" decoding=\"async\" aria-describedby=\"caption-attachment-3832\" class=\"wp-image-3832 size-full\" title=\"Stachys maritima Gouan ( \u00c9piaire maritime )\" src=\"https:\/\/www.preservons-la-nature.fr\/blog\/wp-content\/uploads\/2014\/09\/DSC09341.jpg\" alt=\"Stachys maritima Gouan ( \u00c9piaire maritime )\" width=\"667\" height=\"1000\" srcset=\"https:\/\/preservons-la-nature.fr\/blog\/wp-content\/uploads\/2014\/09\/DSC09341.jpg 667w, https:\/\/preservons-la-nature.fr\/blog\/wp-content\/uploads\/2014\/09\/DSC09341-200x300.jpg 200w, https:\/\/preservons-la-nature.fr\/blog\/wp-content\/uploads\/2014\/09\/DSC09341-533x800.jpg 533w\" sizes=\"auto, (max-width: 667px) 100vw, 667px\" \/><\/a><p id=\"caption-attachment-3832\" class=\"wp-caption-text\">Stachys maritima Gouan ( \u00c9piaire maritime )<\/p><\/div>\n<p><strong><span style=\"text-decoration: underline;\">Pr\u00e9sent dans le(s) d\u00e9partement(s) suivant(s) :<\/span><\/strong><br \/>\nAlpes-Maritimes, Aude, Bouches-du-Rh\u00f4ne, Corse-du-Sud, Haute-Corse, H\u00e9rault, Pyr\u00e9n\u00e9es-Orientales, Var.<\/p>\n<div id=\"attachment_3833\" style=\"width: 610px\" class=\"wp-caption aligncenter\"><a href=\"https:\/\/www.preservons-la-nature.fr\/blog\/wp-content\/uploads\/2014\/09\/carte.jpg\"><img loading=\"lazy\" decoding=\"async\" aria-describedby=\"caption-attachment-3833\" class=\"size-full wp-image-3833\" src=\"https:\/\/www.preservons-la-nature.fr\/blog\/wp-content\/uploads\/2014\/09\/carte.jpg\" alt=\"R\u00e9partition de Stachys maritima Gouan ( \u00c9piaire maritime )\" width=\"600\" height=\"600\" srcset=\"https:\/\/preservons-la-nature.fr\/blog\/wp-content\/uploads\/2014\/09\/carte.jpg 600w, https:\/\/preservons-la-nature.fr\/blog\/wp-content\/uploads\/2014\/09\/carte-150x150.jpg 150w, https:\/\/preservons-la-nature.fr\/blog\/wp-content\/uploads\/2014\/09\/carte-300x300.jpg 300w\" sizes=\"auto, (max-width: 600px) 100vw, 600px\" \/><\/a><p id=\"caption-attachment-3833\" class=\"wp-caption-text\">R\u00e9partition de Stachys maritima Gouan ( \u00c9piaire maritime )<\/p><\/div>\n<p><strong><span style=\"text-decoration: underline;\">Taxonomie :<\/span><\/strong><br \/>\n<i>Stachys maritima Gouan<\/i> a pour synonymes (Informations issues de la BDTFX Version 2.0, <a href=\"http:\/\/www.tela-botanica.org\" target=\"_blank\">Tela Botanica<\/a>) :<i><br \/>\n&#8211; Stachys annua subsp. maritima Bonnier &amp; Layens<br \/>\n&#8211; Stachys maritima L.<br \/>\n<\/i><\/p>\n","protected":false},"excerpt":{"rendered":"<p>Une fiche plus r&eacute;cente existe, vous pouvez la consulter ICI Nom : Stachys maritima Gouan ( \u00c9piaire maritime ) Famille : LAMIACEAE Floraison : Mai &#8211; Juillet Protection : &#8211; Liste des esp\u00e8ces v\u00e9g\u00e9tales prot\u00e9g\u00e9es en r\u00e9gion Languedoc-Roussillon Article 1 &hellip; <a href=\"https:\/\/preservons-la-nature.fr\/blog\/?p=3830\">Continuer la lecture <span class=\"meta-nav\">&rarr;<\/span><\/a><\/p>\n","protected":false},"author":1,"featured_media":0,"comment_status":"open","ping_status":"open","sticky":false,"template":"","format":"standard","meta":{"footnotes":""},"categories":[102],"tags":[25],"class_list":["post-3830","post","type-post","status-publish","format-standard","hentry","category-fiche-partielle-de-plantes","tag-lamiacees"],"_links":{"self":[{"href":"https:\/\/preservons-la-nature.fr\/blog\/index.php?rest_route=\/wp\/v2\/posts\/3830","targetHints":{"allow":["GET"]}}],"collection":[{"href":"https:\/\/preservons-la-nature.fr\/blog\/index.php?rest_route=\/wp\/v2\/posts"}],"about":[{"href":"https:\/\/preservons-la-nature.fr\/blog\/index.php?rest_route=\/wp\/v2\/types\/post"}],"author":[{"embeddable":true,"href":"https:\/\/preservons-la-nature.fr\/blog\/index.php?rest_route=\/wp\/v2\/users\/1"}],"replies":[{"embeddable":true,"href":"https:\/\/preservons-la-nature.fr\/blog\/index.php?rest_route=%2Fwp%2Fv2%2Fcomments&post=3830"}],"version-history":[{"count":1,"href":"https:\/\/preservons-la-nature.fr\/blog\/index.php?rest_route=\/wp\/v2\/posts\/3830\/revisions"}],"predecessor-version":[{"id":3834,"href":"https:\/\/preservons-la-nature.fr\/blog\/index.php?rest_route=\/wp\/v2\/posts\/3830\/revisions\/3834"}],"wp:attachment":[{"href":"https:\/\/preservons-la-nature.fr\/blog\/index.php?rest_route=%2Fwp%2Fv2%2Fmedia&parent=3830"}],"wp:term":[{"taxonomy":"category","embeddable":true,"href":"https:\/\/preservons-la-nature.fr\/blog\/index.php?rest_route=%2Fwp%2Fv2%2Fcategories&post=3830"},{"taxonomy":"post_tag","embeddable":true,"href":"https:\/\/preservons-la-nature.fr\/blog\/index.php?rest_route=%2Fwp%2Fv2%2Ftags&post=3830"}],"curies":[{"name":"wp","href":"https:\/\/api.w.org\/{rel}","templated":true}]}}