{"id":3823,"date":"2014-08-26T11:44:07","date_gmt":"2014-08-26T10:44:07","guid":{"rendered":"https:\/\/www.preservons-la-nature.fr\/blog\/?p=3823"},"modified":"2014-08-26T12:16:16","modified_gmt":"2014-08-26T11:16:16","slug":"euphorbia-peplis-l-euphorbe-peplis","status":"publish","type":"post","link":"https:\/\/preservons-la-nature.fr\/blog\/?p=3823","title":{"rendered":"Euphorbia peplis L. ( Euphorbe p\u00e9plis )"},"content":{"rendered":"<p><STRONG>Une fiche plus r&eacute;cente existe, vous pouvez la consulter <a href=\"https:\/\/www.preservons-la-nature.fr\/flore\/taxon\/2349.html\">ICI<\/a><\/STRONG><div id=\"attachment_3824\" style=\"width: 1010px\" class=\"wp-caption aligncenter\"><a href=\"https:\/\/www.preservons-la-nature.fr\/blog\/wp-content\/uploads\/2014\/08\/DSC09384.jpg\" target=\"_blank\"><img loading=\"lazy\" decoding=\"async\" aria-describedby=\"caption-attachment-3824\" class=\"wp-image-3824 size-full\" title=\"Euphorbia peplis L. ( Euphorbe p\u00e9plis )\" src=\"https:\/\/www.preservons-la-nature.fr\/blog\/wp-content\/uploads\/2014\/08\/DSC09384.jpg\" alt=\"Euphorbia peplis L. ( Euphorbe p\u00e9plis )\" width=\"1000\" height=\"667\" srcset=\"https:\/\/preservons-la-nature.fr\/blog\/wp-content\/uploads\/2014\/08\/DSC09384.jpg 1000w, https:\/\/preservons-la-nature.fr\/blog\/wp-content\/uploads\/2014\/08\/DSC09384-300x200.jpg 300w\" sizes=\"auto, (max-width: 1000px) 100vw, 1000px\" \/><\/a><p id=\"caption-attachment-3824\" class=\"wp-caption-text\">Euphorbia peplis L. ( Euphorbe p\u00e9plis )<\/p><\/div><\/p>\n<p><strong><span style=\"text-decoration: underline;\">Nom :<\/span><\/strong> <i>Euphorbia peplis L.<\/i> ( Euphorbe p\u00e9plis )<\/p>\n<p><strong><span style=\"text-decoration: underline;\">Famille :<\/span><\/strong> EUPHORBIACEAE<\/p>\n<p><strong><span style=\"text-decoration: underline;\">Floraison :<\/span><\/strong> Mai &#8211; Septembre<\/p>\n<p><strong><span style=\"text-decoration: underline;\">Protection :<\/span><\/strong><br \/>\n&#8211; Liste des esp\u00e8ces v\u00e9g\u00e9tales prot\u00e9g\u00e9es sur l&rsquo;ensemble du territoire fran\u00e7ais m\u00e9tropolitain Article 2<br \/>\n&#8211; Liste des esp\u00e8ces v\u00e9g\u00e9tales prot\u00e9g\u00e9es sur l&rsquo;ensemble du territoire fran\u00e7ais m\u00e9tropolitain Article 3<br \/>\n&#8211; Liste rouge fran\u00e7aise IUCN 2012 VU<\/p>\n<p><strong><span style=\"text-decoration: underline;\">Description dans la flore de Coste :<\/span><\/strong><br \/>\nPlante annuelle de 5-20 cm, glabre et glauque, \u00e0 longue racine pivotante ; tiges couch\u00e9es-\u00e9tal\u00e9es en cercle, \u00e9paisses, rameuses-dichotomes, rouge\u00e2tres ; feuilles charnues, oppos\u00e9es, p\u00e9tiolul\u00e9es, ovales-oblongues \u00e0 base tr\u00e8s oblique et auricul\u00e9e d&rsquo;un c\u00f4t\u00e9, obtuses ou \u00e9margin\u00e9es, enti\u00e8res, munies de stipules s\u00e9tac\u00e9es ; fleurs axillaires. solitaires ; glandes arrondies, enti\u00e8res ; capsule assez grosse (4-5 mm), trigone, glabre, \u00e0 coques arrondies, lisses ; graines de 3 mm, ovo\u00efdes-coniques, gris perle, lisses, sans caroncule.<\/p>\n<div id=\"attachment_3825\" style=\"width: 1010px\" class=\"wp-caption aligncenter\"><a href=\"https:\/\/www.preservons-la-nature.fr\/blog\/wp-content\/uploads\/2014\/08\/DSC09385.jpg\" target=\"_blank\"><img loading=\"lazy\" decoding=\"async\" aria-describedby=\"caption-attachment-3825\" class=\"wp-image-3825 size-full\" title=\"Euphorbia peplis L. ( Euphorbe p\u00e9plis )\" src=\"https:\/\/www.preservons-la-nature.fr\/blog\/wp-content\/uploads\/2014\/08\/DSC09385.jpg\" alt=\"Euphorbia peplis L. ( Euphorbe p\u00e9plis )\" width=\"1000\" height=\"667\" srcset=\"https:\/\/preservons-la-nature.fr\/blog\/wp-content\/uploads\/2014\/08\/DSC09385.jpg 1000w, https:\/\/preservons-la-nature.fr\/blog\/wp-content\/uploads\/2014\/08\/DSC09385-300x200.jpg 300w\" sizes=\"auto, (max-width: 1000px) 100vw, 1000px\" \/><\/a><p id=\"caption-attachment-3825\" class=\"wp-caption-text\">Euphorbia peplis L. ( Euphorbe p\u00e9plis )<\/p><\/div>\n<p><strong><span style=\"text-decoration: underline;\">Pr\u00e9sent dans le(s) d\u00e9partement(s) suivant(s) :<\/span><\/strong><br \/>\nAlpes-Maritimes, Aude, Bouches-du-Rh\u00f4ne, Charente-Maritime, Corse-du-Sud, Dr\u00f4me, Gard, Gironde, Haute-Corse, H\u00e9rault, Landes, Loire-Atlantique, Morbihan, Pyr\u00e9n\u00e9es-Atlantiques, Pyr\u00e9n\u00e9es-Orientales, Var, Vaucluse, Vend\u00e9e.<\/p>\n<div id=\"attachment_3828\" style=\"width: 610px\" class=\"wp-caption aligncenter\"><a href=\"https:\/\/www.preservons-la-nature.fr\/blog\/wp-content\/uploads\/2014\/08\/carte.jpg\" target=\"_blank\"><img loading=\"lazy\" decoding=\"async\" aria-describedby=\"caption-attachment-3828\" class=\"wp-image-3828 size-full\" title=\"R\u00e9partition d'Euphorbia peplis L. ( Euphorbe p\u00e9plis )\" src=\"https:\/\/www.preservons-la-nature.fr\/blog\/wp-content\/uploads\/2014\/08\/carte.jpg\" alt=\"R\u00e9partition d'Euphorbia peplis L. ( Euphorbe p\u00e9plis )\" width=\"600\" height=\"600\" srcset=\"https:\/\/preservons-la-nature.fr\/blog\/wp-content\/uploads\/2014\/08\/carte.jpg 600w, https:\/\/preservons-la-nature.fr\/blog\/wp-content\/uploads\/2014\/08\/carte-150x150.jpg 150w, https:\/\/preservons-la-nature.fr\/blog\/wp-content\/uploads\/2014\/08\/carte-300x300.jpg 300w\" sizes=\"auto, (max-width: 600px) 100vw, 600px\" \/><\/a><p id=\"caption-attachment-3828\" class=\"wp-caption-text\">R\u00e9partition d&rsquo;Euphorbia peplis L. ( Euphorbe p\u00e9plis )<\/p><\/div>\n<p><strong><span style=\"text-decoration: underline;\">Phytosociologie :<\/span><i><\/i><\/strong><\/p>\n<table>\n<tbody>\n<tr>\n<td>Alliance<\/td>\n<td>Ordre<\/td>\n<td>Classe<\/td>\n<\/tr>\n<tr>\n<td><strong>Euphorbion peplis<\/strong><\/td>\n<td><strong>Euphorbietalia peplis<\/strong><\/td>\n<td><strong>Cakiletea maritimae<\/strong><\/td>\n<\/tr>\n<tr>\n<td>Communaut\u00e9s psammophiles m\u00e9diterran\u00e9ennes \u00e0 cantabro-atlantiques.<\/td>\n<td>Communaut\u00e9s thermophiles m\u00e9diterran\u00e9ennes \u00e0 cantabro-atlantiques et pontiques.<\/td>\n<td>V\u00e9g\u00e9tation annuelle halonitrophile des laisses de mer, estrans, pr\u00e9s sal\u00e9s, ainsi que des falaises littorales (zones de nidification d&rsquo;oiseaux).<\/td>\n<\/tr>\n<\/tbody>\n<\/table>\n<p><strong><span style=\"text-decoration: underline;\">Taxonomie :<\/span><\/strong><br \/>\n<i>Euphorbia peplis L.<\/i> a pour synonymes (Informations issues de la BDTFX Version 2.0, <a href=\"http:\/\/www.tela-botanica.org\" target=\"_blank\">Tela Botanica<\/a>) :<i><br \/>\n&#8211; Anisophyllum peplis (L.) Haw.<br \/>\n&#8211; Chamaesyce maritima Gray<br \/>\n&#8211; Chamaesyce peplis (L.) Prokh.<br \/>\n&#8211; Tithymalus auriculatus Lam.<br \/>\n&#8211; Tithymalus peplis (L.) Scop.<br \/>\n<\/i><\/p>\n","protected":false},"excerpt":{"rendered":"<p>Une fiche plus r&eacute;cente existe, vous pouvez la consulter ICI Nom : Euphorbia peplis L. ( Euphorbe p\u00e9plis ) Famille : EUPHORBIACEAE Floraison : Mai &#8211; Septembre Protection : &#8211; Liste des esp\u00e8ces v\u00e9g\u00e9tales prot\u00e9g\u00e9es sur l&rsquo;ensemble du territoire fran\u00e7ais &hellip; <a href=\"https:\/\/preservons-la-nature.fr\/blog\/?p=3823\">Continuer la lecture <span class=\"meta-nav\">&rarr;<\/span><\/a><\/p>\n","protected":false},"author":1,"featured_media":0,"comment_status":"open","ping_status":"open","sticky":false,"template":"","format":"standard","meta":{"footnotes":""},"categories":[102],"tags":[100],"class_list":["post-3823","post","type-post","status-publish","format-standard","hentry","category-fiche-partielle-de-plantes","tag-euphorbiacees"],"_links":{"self":[{"href":"https:\/\/preservons-la-nature.fr\/blog\/index.php?rest_route=\/wp\/v2\/posts\/3823","targetHints":{"allow":["GET"]}}],"collection":[{"href":"https:\/\/preservons-la-nature.fr\/blog\/index.php?rest_route=\/wp\/v2\/posts"}],"about":[{"href":"https:\/\/preservons-la-nature.fr\/blog\/index.php?rest_route=\/wp\/v2\/types\/post"}],"author":[{"embeddable":true,"href":"https:\/\/preservons-la-nature.fr\/blog\/index.php?rest_route=\/wp\/v2\/users\/1"}],"replies":[{"embeddable":true,"href":"https:\/\/preservons-la-nature.fr\/blog\/index.php?rest_route=%2Fwp%2Fv2%2Fcomments&post=3823"}],"version-history":[{"count":3,"href":"https:\/\/preservons-la-nature.fr\/blog\/index.php?rest_route=\/wp\/v2\/posts\/3823\/revisions"}],"predecessor-version":[{"id":3829,"href":"https:\/\/preservons-la-nature.fr\/blog\/index.php?rest_route=\/wp\/v2\/posts\/3823\/revisions\/3829"}],"wp:attachment":[{"href":"https:\/\/preservons-la-nature.fr\/blog\/index.php?rest_route=%2Fwp%2Fv2%2Fmedia&parent=3823"}],"wp:term":[{"taxonomy":"category","embeddable":true,"href":"https:\/\/preservons-la-nature.fr\/blog\/index.php?rest_route=%2Fwp%2Fv2%2Fcategories&post=3823"},{"taxonomy":"post_tag","embeddable":true,"href":"https:\/\/preservons-la-nature.fr\/blog\/index.php?rest_route=%2Fwp%2Fv2%2Ftags&post=3823"}],"curies":[{"name":"wp","href":"https:\/\/api.w.org\/{rel}","templated":true}]}}