{"id":3817,"date":"2014-08-06T00:27:37","date_gmt":"2014-08-05T23:27:37","guid":{"rendered":"https:\/\/www.preservons-la-nature.fr\/blog\/?p=3817"},"modified":"2014-07-05T07:30:30","modified_gmt":"2014-07-05T06:30:30","slug":"parapholis-incurva-l-c-e-hubb-lepture-courbe","status":"publish","type":"post","link":"https:\/\/preservons-la-nature.fr\/blog\/?p=3817","title":{"rendered":"Parapholis incurva (L.) C.E.Hubb. ( Lepture courb\u00e9 )"},"content":{"rendered":"<p><STRONG>Une fiche plus r&eacute;cente existe, vous pouvez la consulter <a href=\"https:\/\/www.preservons-la-nature.fr\/flore\/taxon\/3143.html\">ICI<\/a><\/STRONG><div id=\"attachment_3818\" style=\"width: 1010px\" class=\"wp-caption aligncenter\"><a href=\"https:\/\/www.preservons-la-nature.fr\/blog\/wp-content\/uploads\/2014\/07\/DSC08060.jpg\" target=\"_blank\"><img loading=\"lazy\" decoding=\"async\" aria-describedby=\"caption-attachment-3818\" class=\"wp-image-3818 size-full\" title=\"Parapholis incurva (L.) C.E.Hubb. ( Lepture courb\u00e9 )\" src=\"https:\/\/www.preservons-la-nature.fr\/blog\/wp-content\/uploads\/2014\/07\/DSC08060.jpg\" alt=\"Parapholis incurva (L.) C.E.Hubb. ( Lepture courb\u00e9 )\" width=\"1000\" height=\"667\" srcset=\"https:\/\/preservons-la-nature.fr\/blog\/wp-content\/uploads\/2014\/07\/DSC08060.jpg 1000w, https:\/\/preservons-la-nature.fr\/blog\/wp-content\/uploads\/2014\/07\/DSC08060-300x200.jpg 300w\" sizes=\"auto, (max-width: 1000px) 100vw, 1000px\" \/><\/a><p id=\"caption-attachment-3818\" class=\"wp-caption-text\">Parapholis incurva (L.) C.E.Hubb. ( Lepture courb\u00e9 )<\/p><\/div><\/p>\n<p><strong><span style=\"text-decoration: underline;\">Nom :<\/span><\/strong> <i>Parapholis incurva (L.) C.E.Hubb.<\/i> ( Lepture courb\u00e9 )<\/p>\n<p><strong><span style=\"text-decoration: underline;\">Famille :<\/span><\/strong> POACEAE<\/p>\n<p><strong><span style=\"text-decoration: underline;\">Floraison :<\/span><\/strong> Avril &#8211; Juillet<\/p>\n<p><strong><span style=\"text-decoration: underline;\">Description dans la flore de Coste :<\/span><\/strong><br \/>\nPlante annuelle de 5-30 cm, glabre, \u00e0 racine fibreuse ; tiges en touffe, \u00e9tal\u00e9es-ascendantes, arqu\u00e9es, souvent rameuses ; feuilles \u00e9troites, planes puis enroul\u00e9es, un peu rudes ; \u00e9pi tr\u00e8s long, gr\u00eale, cylindrique en al\u00eane, raide, droit ou parfois un peu arqu\u00e9 ; \u00e9pillets lanc\u00e9ol\u00e9s en al\u00eane, appliqu\u00e9s contre l&rsquo;axe par les c\u00f4t\u00e9s de la fleur, plus longs que les entrenoeuds ; deux glumes \u00e0 tous les \u00e9pillets, oppos\u00e9es dans le sup\u00e9rieur, ext\u00e9rieures et juxtapos\u00e9es dans les lat\u00e9raux, lanc\u00e9ol\u00e9es-acumin\u00e9es, \u00e9tal\u00e9es puis appliqu\u00e9es, d\u00e9passant sensiblement la fleur ; glumelle lanc\u00e9ol\u00e9e acumin\u00e9e ; anth\u00e8res petites, ovo\u00efdes-oblongues.<\/p>\n<p><strong><span style=\"text-decoration: underline;\">Pr\u00e9sent dans le(s) d\u00e9partement(s) suivant(s) :<\/span><\/strong><br \/>\nAlpes-Maritimes, Bouches-du-Rh\u00f4ne, Calvados, Charente-Maritime, Corse-du-Sud, C\u00f4tes-d&rsquo;Armor, Finist\u00e8re, Gironde, Haute-Corse, Ille-et-Vilaine, Loire-Atlantique, Manche, Morbihan, Var, Vend\u00e9e.<\/p>\n<div id=\"attachment_3819\" style=\"width: 610px\" class=\"wp-caption aligncenter\"><a href=\"https:\/\/www.preservons-la-nature.fr\/blog\/?attachment_id=3819\" rel=\"attachment wp-att-3819\"><img loading=\"lazy\" decoding=\"async\" aria-describedby=\"caption-attachment-3819\" class=\"size-full wp-image-3819\" src=\"https:\/\/www.preservons-la-nature.fr\/blog\/wp-content\/uploads\/2014\/07\/carte23.jpg\" alt=\"R\u00e9partition de Parapholis incurva (L.) C.E.Hubb. ( Lepture courb\u00e9 )\" width=\"600\" height=\"600\" srcset=\"https:\/\/preservons-la-nature.fr\/blog\/wp-content\/uploads\/2014\/07\/carte23.jpg 600w, https:\/\/preservons-la-nature.fr\/blog\/wp-content\/uploads\/2014\/07\/carte23-150x150.jpg 150w, https:\/\/preservons-la-nature.fr\/blog\/wp-content\/uploads\/2014\/07\/carte23-300x300.jpg 300w\" sizes=\"auto, (max-width: 600px) 100vw, 600px\" \/><\/a><p id=\"caption-attachment-3819\" class=\"wp-caption-text\">R\u00e9partition de Parapholis incurva (L.) C.E.Hubb. ( Lepture courb\u00e9 )<\/p><\/div>\n<p><strong><span style=\"text-decoration: underline;\">Phytosociologie :<\/span><i><\/i><\/strong><\/p>\n<table>\n<tbody>\n<tr>\n<td>Classe<\/td>\n<\/tr>\n<tr>\n<td><strong>Saginetea maritimae<\/strong><\/td>\n<\/tr>\n<tr>\n<td>V\u00e9g\u00e9tation de petites annuelles halophiles \u00e0 subhalophiles (parfois subnitrophiles) des sols sablo-limoneux ou graveleux, secs en \u00e9t\u00e9, des littoraux atlantiques et m\u00e9diterran\u00e9ens.<\/td>\n<\/tr>\n<\/tbody>\n<\/table>\n<table>\n<tbody>\n<tr>\n<td>Alliance<\/td>\n<td>Ordre<\/td>\n<td>Classe<\/td>\n<\/tr>\n<tr>\n<td><strong>Saginion maritimae<\/strong><\/td>\n<td><strong>Saginetalia maritimae<\/strong><\/td>\n<td><strong>Saginetea maritimae<\/strong><\/td>\n<\/tr>\n<tr>\n<td>Communaut\u00e9s subhalophiles principalement atlantiques, parfois m\u00e9diterran\u00e9ennes.<\/td>\n<td>Communaut\u00e9s vernales sur substrat d\u00e9cap\u00e9 des contacts dunes\/pr\u00e9s-sal\u00e9s ou sur placages ar\u00e9nac\u00e9s des falaises en zone d\u2019embruns.<\/td>\n<td>V\u00e9g\u00e9tation de petites annuelles halophiles \u00e0 subhalophiles (parfois subnitrophiles) des sols sablo-limoneux ou graveleux, secs en \u00e9t\u00e9, des littoraux atlantiques et m\u00e9diterran\u00e9ens.<\/td>\n<\/tr>\n<\/tbody>\n<\/table>\n<p><strong><span style=\"text-decoration: underline;\">Taxonomie :<\/span><\/strong><br \/>\n<i>Parapholis incurva (L.) C.E.Hubb.<\/i> a pour synonymes (Informations issues de la BDTFX Version 2.0, <a href=\"http:\/\/www.tela-botanica.org\" target=\"_blank\">Tela Botanica<\/a>) :<i><br \/>\n&#8211; Aegilops incurva L.<br \/>\n&#8211; Aegilops incurvata L.<br \/>\n&#8211; Lepturus curvatissimus Asch. &amp; Graebn.<br \/>\n&#8211; Lepturus incurvatus (L.) Trin.<br \/>\n&#8211; Lepturus incurvatus (L.) Trin. var. incurvatus<br \/>\n&#8211; Lepturus incurvatus subsp. curvatissimus (Asch. &amp; Graebn.) Rouy<br \/>\n&#8211; Lepturus incurvatus var. longiflorus Grossh.<br \/>\n&#8211; Lepturus incurvatus var. secundus Lojac.<br \/>\n&#8211; Lepturus incurvatus var. tortus Bab.<br \/>\n&#8211; Lepturus incurvus (L.) Druce ex Briq.<br \/>\n&#8211; Ophiuros incurvatus (L.) P.Beauv.<br \/>\n&#8211; Pholiurus incurvatus (L.) Hitchc.<br \/>\n&#8211; Pholiurus incurvus (L.) Schinz &amp; Thell.<br \/>\n&#8211; Rottboellia incurvata (L.) L.f.<br \/>\n<\/i><\/p>\n","protected":false},"excerpt":{"rendered":"<p>Une fiche plus r&eacute;cente existe, vous pouvez la consulter ICI Nom : Parapholis incurva (L.) C.E.Hubb. ( Lepture courb\u00e9 ) Famille : POACEAE Floraison : Avril &#8211; Juillet Description dans la flore de Coste : Plante annuelle de 5-30 cm, &hellip; <a href=\"https:\/\/preservons-la-nature.fr\/blog\/?p=3817\">Continuer la lecture <span class=\"meta-nav\">&rarr;<\/span><\/a><\/p>\n","protected":false},"author":1,"featured_media":0,"comment_status":"open","ping_status":"open","sticky":false,"template":"","format":"standard","meta":{"footnotes":""},"categories":[102],"tags":[80],"class_list":["post-3817","post","type-post","status-publish","format-standard","hentry","category-fiche-partielle-de-plantes","tag-poacees"],"_links":{"self":[{"href":"https:\/\/preservons-la-nature.fr\/blog\/index.php?rest_route=\/wp\/v2\/posts\/3817","targetHints":{"allow":["GET"]}}],"collection":[{"href":"https:\/\/preservons-la-nature.fr\/blog\/index.php?rest_route=\/wp\/v2\/posts"}],"about":[{"href":"https:\/\/preservons-la-nature.fr\/blog\/index.php?rest_route=\/wp\/v2\/types\/post"}],"author":[{"embeddable":true,"href":"https:\/\/preservons-la-nature.fr\/blog\/index.php?rest_route=\/wp\/v2\/users\/1"}],"replies":[{"embeddable":true,"href":"https:\/\/preservons-la-nature.fr\/blog\/index.php?rest_route=%2Fwp%2Fv2%2Fcomments&post=3817"}],"version-history":[{"count":1,"href":"https:\/\/preservons-la-nature.fr\/blog\/index.php?rest_route=\/wp\/v2\/posts\/3817\/revisions"}],"predecessor-version":[{"id":3820,"href":"https:\/\/preservons-la-nature.fr\/blog\/index.php?rest_route=\/wp\/v2\/posts\/3817\/revisions\/3820"}],"wp:attachment":[{"href":"https:\/\/preservons-la-nature.fr\/blog\/index.php?rest_route=%2Fwp%2Fv2%2Fmedia&parent=3817"}],"wp:term":[{"taxonomy":"category","embeddable":true,"href":"https:\/\/preservons-la-nature.fr\/blog\/index.php?rest_route=%2Fwp%2Fv2%2Fcategories&post=3817"},{"taxonomy":"post_tag","embeddable":true,"href":"https:\/\/preservons-la-nature.fr\/blog\/index.php?rest_route=%2Fwp%2Fv2%2Ftags&post=3817"}],"curies":[{"name":"wp","href":"https:\/\/api.w.org\/{rel}","templated":true}]}}