{"id":3811,"date":"2014-08-05T00:21:43","date_gmt":"2014-08-04T23:21:43","guid":{"rendered":"https:\/\/www.preservons-la-nature.fr\/blog\/?p=3811"},"modified":"2014-07-05T07:26:32","modified_gmt":"2014-07-05T06:26:32","slug":"matthiola-tricuspidata-l-r-br-matthiole-a-trois-pointes","status":"publish","type":"post","link":"https:\/\/preservons-la-nature.fr\/blog\/?p=3811","title":{"rendered":"Matthiola tricuspidata (L.) R.Br. ( Matthiole \u00e0 trois pointes )"},"content":{"rendered":"<p><STRONG>Une fiche plus r&eacute;cente existe, vous pouvez la consulter <a href=\"https:\/\/www.preservons-la-nature.fr\/flore\/taxon\/2908.html\">ICI<\/a><\/STRONG><div id=\"attachment_3812\" style=\"width: 490px\" class=\"wp-caption aligncenter\"><a href=\"https:\/\/www.preservons-la-nature.fr\/blog\/wp-content\/uploads\/2014\/07\/DSC05128.jpg\" target=\"_blank\"><img loading=\"lazy\" decoding=\"async\" aria-describedby=\"caption-attachment-3812\" class=\"wp-image-3812 \" title=\"Matthiola tricuspidata (L.) R.Br. ( Matthiole \u00e0 trois pointes )\" src=\"https:\/\/www.preservons-la-nature.fr\/blog\/wp-content\/uploads\/2014\/07\/DSC05128.jpg\" alt=\"Matthiola tricuspidata (L.) R.Br. ( Matthiole \u00e0 trois pointes )\" width=\"480\" height=\"720\" srcset=\"https:\/\/preservons-la-nature.fr\/blog\/wp-content\/uploads\/2014\/07\/DSC05128.jpg 667w, https:\/\/preservons-la-nature.fr\/blog\/wp-content\/uploads\/2014\/07\/DSC05128-200x300.jpg 200w, https:\/\/preservons-la-nature.fr\/blog\/wp-content\/uploads\/2014\/07\/DSC05128-533x800.jpg 533w\" sizes=\"auto, (max-width: 480px) 100vw, 480px\" \/><\/a><p id=\"caption-attachment-3812\" class=\"wp-caption-text\">Matthiola tricuspidata (L.) R.Br. ( Matthiole \u00e0 trois pointes )<\/p><\/div><\/p>\n<p><strong><span style=\"text-decoration: underline;\">Nom :<\/span><\/strong> <i>Matthiola tricuspidata (L.) R.Br.<\/i> ( Matthiole \u00e0 trois pointes )<\/p>\n<p><strong><span style=\"text-decoration: underline;\">Autre(s) nom(s) :<\/span><\/strong><br \/>\nMatthiole \u00e0 fruits \u00e0 trois cornes.<\/p>\n<p><strong><span style=\"text-decoration: underline;\">Famille :<\/span><\/strong> BRASSICACEAE<\/p>\n<p><strong><span style=\"text-decoration: underline;\">Floraison :<\/span><\/strong> Mai &#8211; Juillet<\/p>\n<p><strong><span style=\"text-decoration: underline;\">Protection :<\/span><\/strong><br \/>\n&#8211; Liste des esp\u00e8ces v\u00e9g\u00e9tales prot\u00e9g\u00e9es sur l&rsquo;ensemble du territoire fran\u00e7ais m\u00e9tropolitain Article 1<br \/>\n&#8211; Liste rouge fran\u00e7aise IUCN 2012 LC<\/p>\n<p><strong><span style=\"text-decoration: underline;\">Description dans la flore de Coste :<\/span><\/strong><br \/>\nPlante annuelle, \u00e0 racine gr\u00eale ; tige de 10-40 cm, herbac\u00e9e, rameuse ; feuilles sinu\u00e9es ou pennatifides, \u00e0 lobes ovales-arrondis ; fleurs purpurines, rarement blanches ; s\u00e9pales bien plus longs que le p\u00e9dicelle ; p\u00e9tales larges, obovales ; lames du stigmate prolong\u00e9es sur le dos en cornes ; siliques \u00e9tal\u00e9es, non comprim\u00e9es, glanduleuses ou non, termin\u00e9es par 3 pointes, les 2 lat\u00e9rales \u00e9tal\u00e9es ou r\u00e9fl\u00e9chies ; graines ovales, \u00e9troitement ail\u00e9es.<\/p>\n<div id=\"attachment_3813\" style=\"width: 480px\" class=\"wp-caption aligncenter\"><a href=\"https:\/\/www.preservons-la-nature.fr\/blog\/wp-content\/uploads\/2014\/07\/DSC08509.jpg\" target=\"_blank\"><img loading=\"lazy\" decoding=\"async\" aria-describedby=\"caption-attachment-3813\" class=\"wp-image-3813 \" title=\"Matthiola tricuspidata (L.) R.Br. ( Matthiole \u00e0 trois pointes )\" src=\"https:\/\/www.preservons-la-nature.fr\/blog\/wp-content\/uploads\/2014\/07\/DSC08509.jpg\" alt=\"Matthiola tricuspidata (L.) R.Br. ( Matthiole \u00e0 trois pointes )\" width=\"470\" height=\"705\" srcset=\"https:\/\/preservons-la-nature.fr\/blog\/wp-content\/uploads\/2014\/07\/DSC08509.jpg 667w, https:\/\/preservons-la-nature.fr\/blog\/wp-content\/uploads\/2014\/07\/DSC08509-200x300.jpg 200w, https:\/\/preservons-la-nature.fr\/blog\/wp-content\/uploads\/2014\/07\/DSC08509-533x800.jpg 533w\" sizes=\"auto, (max-width: 470px) 100vw, 470px\" \/><\/a><p id=\"caption-attachment-3813\" class=\"wp-caption-text\">Matthiola tricuspidata (L.) R.Br. ( Matthiole \u00e0 trois pointes )<\/p><\/div>\n<p><strong><span style=\"text-decoration: underline;\">Pr\u00e9sent dans le(s) d\u00e9partement(s) suivant(s) :<\/span><\/strong><br \/>\nAlpes-Maritimes, Aude, Corse-du-Sud, Haute-Corse, Var.<\/p>\n<div id=\"attachment_3814\" style=\"width: 610px\" class=\"wp-caption aligncenter\"><a href=\"https:\/\/www.preservons-la-nature.fr\/blog\/?attachment_id=3814\" rel=\"attachment wp-att-3814\"><img loading=\"lazy\" decoding=\"async\" aria-describedby=\"caption-attachment-3814\" class=\"size-full wp-image-3814\" src=\"https:\/\/www.preservons-la-nature.fr\/blog\/wp-content\/uploads\/2014\/07\/carte22.jpg\" alt=\"R\u00e9partition de Matthiola tricuspidata (L.) R.Br. ( Matthiole \u00e0 trois pointes )\" width=\"600\" height=\"600\" srcset=\"https:\/\/preservons-la-nature.fr\/blog\/wp-content\/uploads\/2014\/07\/carte22.jpg 600w, https:\/\/preservons-la-nature.fr\/blog\/wp-content\/uploads\/2014\/07\/carte22-150x150.jpg 150w, https:\/\/preservons-la-nature.fr\/blog\/wp-content\/uploads\/2014\/07\/carte22-300x300.jpg 300w\" sizes=\"auto, (max-width: 600px) 100vw, 600px\" \/><\/a><p id=\"caption-attachment-3814\" class=\"wp-caption-text\">R\u00e9partition de Matthiola tricuspidata (L.) R.Br. ( Matthiole \u00e0 trois pointes )<\/p><\/div>\n<p><strong><span style=\"text-decoration: underline;\">Taxonomie :<\/span><\/strong><br \/>\n<i>Matthiola tricuspidata (L.) R.Br.<\/i> a pour synonymes (Informations issues de la BDTFX Version 2.0, <a href=\"http:\/\/www.tela-botanica.org\" target=\"_blank\">Tela Botanica<\/a>) :<i><br \/>\n&#8211; Cheiranthus tricuspidatus L.<br \/>\n&#8211; Cheiranthus villosus Forssk.<br \/>\n&#8211; Hesperis tricuspidata (L.) Lam.<br \/>\n&#8211; Matthiola tricuspidata var. arcuata Lojac. ex Rouy &amp; Foucaud<br \/>\n<\/i><\/p>\n","protected":false},"excerpt":{"rendered":"<p>Une fiche plus r&eacute;cente existe, vous pouvez la consulter ICI Nom : Matthiola tricuspidata (L.) R.Br. ( Matthiole \u00e0 trois pointes ) Autre(s) nom(s) : Matthiole \u00e0 fruits \u00e0 trois cornes. Famille : BRASSICACEAE Floraison : Mai &#8211; Juillet Protection &hellip; <a href=\"https:\/\/preservons-la-nature.fr\/blog\/?p=3811\">Continuer la lecture <span class=\"meta-nav\">&rarr;<\/span><\/a><\/p>\n","protected":false},"author":1,"featured_media":0,"comment_status":"open","ping_status":"open","sticky":false,"template":"","format":"standard","meta":{"footnotes":""},"categories":[102],"tags":[26],"class_list":["post-3811","post","type-post","status-publish","format-standard","hentry","category-fiche-partielle-de-plantes","tag-brassicacees"],"_links":{"self":[{"href":"https:\/\/preservons-la-nature.fr\/blog\/index.php?rest_route=\/wp\/v2\/posts\/3811","targetHints":{"allow":["GET"]}}],"collection":[{"href":"https:\/\/preservons-la-nature.fr\/blog\/index.php?rest_route=\/wp\/v2\/posts"}],"about":[{"href":"https:\/\/preservons-la-nature.fr\/blog\/index.php?rest_route=\/wp\/v2\/types\/post"}],"author":[{"embeddable":true,"href":"https:\/\/preservons-la-nature.fr\/blog\/index.php?rest_route=\/wp\/v2\/users\/1"}],"replies":[{"embeddable":true,"href":"https:\/\/preservons-la-nature.fr\/blog\/index.php?rest_route=%2Fwp%2Fv2%2Fcomments&post=3811"}],"version-history":[{"count":2,"href":"https:\/\/preservons-la-nature.fr\/blog\/index.php?rest_route=\/wp\/v2\/posts\/3811\/revisions"}],"predecessor-version":[{"id":3816,"href":"https:\/\/preservons-la-nature.fr\/blog\/index.php?rest_route=\/wp\/v2\/posts\/3811\/revisions\/3816"}],"wp:attachment":[{"href":"https:\/\/preservons-la-nature.fr\/blog\/index.php?rest_route=%2Fwp%2Fv2%2Fmedia&parent=3811"}],"wp:term":[{"taxonomy":"category","embeddable":true,"href":"https:\/\/preservons-la-nature.fr\/blog\/index.php?rest_route=%2Fwp%2Fv2%2Fcategories&post=3811"},{"taxonomy":"post_tag","embeddable":true,"href":"https:\/\/preservons-la-nature.fr\/blog\/index.php?rest_route=%2Fwp%2Fv2%2Ftags&post=3811"}],"curies":[{"name":"wp","href":"https:\/\/api.w.org\/{rel}","templated":true}]}}