{"id":3807,"date":"2014-08-04T00:17:19","date_gmt":"2014-08-03T23:17:19","guid":{"rendered":"https:\/\/www.preservons-la-nature.fr\/blog\/?p=3807"},"modified":"2014-07-05T07:20:59","modified_gmt":"2014-07-05T06:20:59","slug":"malva-arborea-l-webb-berthel-mauve-royale","status":"publish","type":"post","link":"https:\/\/preservons-la-nature.fr\/blog\/?p=3807","title":{"rendered":"Malva arborea (L.) Webb &#038; Berthel. ( Mauve royale )"},"content":{"rendered":"<p><STRONG>Une fiche plus r&eacute;cente existe, vous pouvez la consulter <a href=\"https:\/\/www.preservons-la-nature.fr\/flore\/taxon\/2894.html\">ICI<\/a><\/STRONG><div id=\"attachment_3808\" style=\"width: 477px\" class=\"wp-caption aligncenter\"><a href=\"https:\/\/www.preservons-la-nature.fr\/blog\/wp-content\/uploads\/2014\/07\/DSC08612.jpg\" target=\"_blank\"><img loading=\"lazy\" decoding=\"async\" aria-describedby=\"caption-attachment-3808\" class=\"wp-image-3808 \" title=\"Malva arborea (L.) Webb &amp; Berthel. ( Mauve royale )\" src=\"https:\/\/www.preservons-la-nature.fr\/blog\/wp-content\/uploads\/2014\/07\/DSC08612.jpg\" alt=\"Malva arborea (L.) Webb &amp; Berthel. ( Mauve royale )\" width=\"467\" height=\"701\" srcset=\"https:\/\/preservons-la-nature.fr\/blog\/wp-content\/uploads\/2014\/07\/DSC08612.jpg 667w, https:\/\/preservons-la-nature.fr\/blog\/wp-content\/uploads\/2014\/07\/DSC08612-200x300.jpg 200w, https:\/\/preservons-la-nature.fr\/blog\/wp-content\/uploads\/2014\/07\/DSC08612-533x800.jpg 533w\" sizes=\"auto, (max-width: 467px) 100vw, 467px\" \/><\/a><p id=\"caption-attachment-3808\" class=\"wp-caption-text\">Malva arborea (L.) Webb &amp; Berthel. ( Mauve royale )<\/p><\/div><\/p>\n<p><strong><span style=\"text-decoration: underline;\">Nom :<\/span><\/strong> <i>Malva arborea (L.) Webb &amp; Berthel.<\/i> ( Mauve royale )<\/p>\n<p><strong><span style=\"text-decoration: underline;\">Famille :<\/span><\/strong> MALVACEAE<\/p>\n<p><strong><span style=\"text-decoration: underline;\">Floraison :<\/span><\/strong> Avril &#8211; Juin<\/p>\n<p><strong><span style=\"text-decoration: underline;\">Description dans la flore de Coste :<\/span><\/strong><br \/>\nPlante sous-ligneuse, haute de 1 \u00e0 3 m\u00e8tres, \u00e0 poils \u00e9toiles; tige robuste, dress\u00e9e ; feuilles subtomenteuses, en coeur \u00e0 la base, \u00e0 5-7 angles aigus, cr\u00e9nel\u00e9s ; fleurs violac\u00e9es, grandes, en fascicules axillaires ; calicule tr\u00e8s accrescent, \u00e0 lobes larges, suborbiculaires, \u00e9tal\u00e9s, plus longs que le calice, \u00e0 lobes ovales-aigus ; corolle 2-3 fois plus longue que le calicule ; carpelles 6-8, glabres ou velus, rid\u00e9s, \u00e0 bords aigus et relev\u00e9s, jaun\u00e2tres \u00e0 la maturit\u00e9 ; axe central petit, conique, \u00e0 peine saillant.<\/p>\n<p><strong><span style=\"text-decoration: underline;\">Pr\u00e9sent dans le(s) d\u00e9partement(s) suivant(s) :<\/span><\/strong><br \/>\nAlpes-de-Haute-Provence, Alpes-Maritimes, Bouches-du-Rh\u00f4ne, Calvados, Charente-Maritime, Corse-du-Sud, C\u00f4tes-d&rsquo;Armor, Finist\u00e8re, Haute-Corse, Ille-et-Vilaine, Loire-Atlantique, Maine-et-Loire, Manche, Morbihan, Orne, Pyr\u00e9n\u00e9es-Orientales, Var, Vaucluse, Vend\u00e9e.<\/p>\n<div id=\"attachment_3809\" style=\"width: 610px\" class=\"wp-caption aligncenter\"><a href=\"https:\/\/www.preservons-la-nature.fr\/blog\/?attachment_id=3809\" rel=\"attachment wp-att-3809\"><img loading=\"lazy\" decoding=\"async\" aria-describedby=\"caption-attachment-3809\" class=\"size-full wp-image-3809\" src=\"https:\/\/www.preservons-la-nature.fr\/blog\/wp-content\/uploads\/2014\/07\/carte21.jpg\" alt=\"R\u00e9partition de Malva arborea (L.) Webb &amp; Berthel. ( Mauve royale )\" width=\"600\" height=\"600\" srcset=\"https:\/\/preservons-la-nature.fr\/blog\/wp-content\/uploads\/2014\/07\/carte21.jpg 600w, https:\/\/preservons-la-nature.fr\/blog\/wp-content\/uploads\/2014\/07\/carte21-150x150.jpg 150w, https:\/\/preservons-la-nature.fr\/blog\/wp-content\/uploads\/2014\/07\/carte21-300x300.jpg 300w\" sizes=\"auto, (max-width: 600px) 100vw, 600px\" \/><\/a><p id=\"caption-attachment-3809\" class=\"wp-caption-text\">R\u00e9partition de Malva arborea (L.) Webb &amp; Berthel. ( Mauve royale )<\/p><\/div>\n<p><strong><span style=\"text-decoration: underline;\">Phytosociologie :<\/span><i><\/i><\/strong><\/p>\n<table>\n<tbody>\n<tr>\n<td>Alliance<\/td>\n<td>Ordre<\/td>\n<td>Classe<\/td>\n<\/tr>\n<tr>\n<td><strong>Salsolo vermiculatae-Artemision arborescentis<\/strong><\/td>\n<td><strong>Salsolo vermiculatae-Peganetalia harmalae<\/strong><\/td>\n<td><strong>Pegano harmalae-Salsoletea vermiculatae<\/strong><\/td>\n<\/tr>\n<tr>\n<td>Communaut\u00e9s des falaises calcaires littorales arros\u00e9es d&#8217;embruns.<\/td>\n<td><\/td>\n<td>V\u00e9g\u00e9tation m\u00e9diterran\u00e9enne frutescente des sols riches en sels et en nitrates sous climat \u00e0 tendance aride.<\/td>\n<\/tr>\n<\/tbody>\n<\/table>\n<p><strong><span style=\"text-decoration: underline;\">Taxonomie :<\/span><\/strong><br \/>\n<i>Malva arborea (L.) Webb &amp; Berthel.<\/i> a pour synonymes (Informations issues de la BDTFX Version 2.0, <a href=\"http:\/\/www.tela-botanica.org\" target=\"_blank\">Tela Botanica<\/a>) :<i><br \/>\n&#8211; Althaea arborea (L.) Alef.<br \/>\n&#8211; Anthema arborea (L.) Moench<br \/>\n&#8211; Lavatera arborea L.<br \/>\n&#8211; Lavatera eriocalyx Steud.<br \/>\n&#8211; Lavatera veneta Mill.<br \/>\n&#8211; Malva dendromorpha M.F.Ray<br \/>\n&#8211; Malva fastuosa Salisb.<br \/>\n<\/i><\/p>\n","protected":false},"excerpt":{"rendered":"<p>Une fiche plus r&eacute;cente existe, vous pouvez la consulter ICI Nom : Malva arborea (L.) Webb &amp; Berthel. ( Mauve royale ) Famille : MALVACEAE Floraison : Avril &#8211; Juin Description dans la flore de Coste : Plante sous-ligneuse, haute &hellip; <a href=\"https:\/\/preservons-la-nature.fr\/blog\/?p=3807\">Continuer la lecture <span class=\"meta-nav\">&rarr;<\/span><\/a><\/p>\n","protected":false},"author":1,"featured_media":0,"comment_status":"open","ping_status":"open","sticky":false,"template":"","format":"standard","meta":{"footnotes":""},"categories":[102],"tags":[132],"class_list":["post-3807","post","type-post","status-publish","format-standard","hentry","category-fiche-partielle-de-plantes","tag-malvaceae"],"_links":{"self":[{"href":"https:\/\/preservons-la-nature.fr\/blog\/index.php?rest_route=\/wp\/v2\/posts\/3807","targetHints":{"allow":["GET"]}}],"collection":[{"href":"https:\/\/preservons-la-nature.fr\/blog\/index.php?rest_route=\/wp\/v2\/posts"}],"about":[{"href":"https:\/\/preservons-la-nature.fr\/blog\/index.php?rest_route=\/wp\/v2\/types\/post"}],"author":[{"embeddable":true,"href":"https:\/\/preservons-la-nature.fr\/blog\/index.php?rest_route=\/wp\/v2\/users\/1"}],"replies":[{"embeddable":true,"href":"https:\/\/preservons-la-nature.fr\/blog\/index.php?rest_route=%2Fwp%2Fv2%2Fcomments&post=3807"}],"version-history":[{"count":1,"href":"https:\/\/preservons-la-nature.fr\/blog\/index.php?rest_route=\/wp\/v2\/posts\/3807\/revisions"}],"predecessor-version":[{"id":3810,"href":"https:\/\/preservons-la-nature.fr\/blog\/index.php?rest_route=\/wp\/v2\/posts\/3807\/revisions\/3810"}],"wp:attachment":[{"href":"https:\/\/preservons-la-nature.fr\/blog\/index.php?rest_route=%2Fwp%2Fv2%2Fmedia&parent=3807"}],"wp:term":[{"taxonomy":"category","embeddable":true,"href":"https:\/\/preservons-la-nature.fr\/blog\/index.php?rest_route=%2Fwp%2Fv2%2Fcategories&post=3807"},{"taxonomy":"post_tag","embeddable":true,"href":"https:\/\/preservons-la-nature.fr\/blog\/index.php?rest_route=%2Fwp%2Fv2%2Ftags&post=3807"}],"curies":[{"name":"wp","href":"https:\/\/api.w.org\/{rel}","templated":true}]}}