{"id":3802,"date":"2014-08-03T00:11:18","date_gmt":"2014-08-02T23:11:18","guid":{"rendered":"https:\/\/www.preservons-la-nature.fr\/blog\/?p=3802"},"modified":"2014-07-05T07:16:32","modified_gmt":"2014-07-05T06:16:32","slug":"malcolmia-ramosissima-desf-gennari-malcolmie-ramifie","status":"publish","type":"post","link":"https:\/\/preservons-la-nature.fr\/blog\/?p=3802","title":{"rendered":"Malcolmia ramosissima (Desf.) Gennari ( Malcolmie ramifi\u00e9  )"},"content":{"rendered":"<p><STRONG>Une fiche plus r&eacute;cente existe, vous pouvez la consulter <a href=\"https:\/\/www.preservons-la-nature.fr\/flore\/taxon\/2893.html\">ICI<\/a><\/STRONG><div id=\"attachment_3804\" style=\"width: 511px\" class=\"wp-caption aligncenter\"><a href=\"https:\/\/www.preservons-la-nature.fr\/blog\/wp-content\/uploads\/2014\/07\/DSC09303.jpg\" target=\"_blank\"><img loading=\"lazy\" decoding=\"async\" aria-describedby=\"caption-attachment-3804\" class=\"wp-image-3804 \" title=\"Malcolmia ramosissima (Desf.) Gennari ( Malcolmie ramifi\u00e9  )\" src=\"https:\/\/www.preservons-la-nature.fr\/blog\/wp-content\/uploads\/2014\/07\/DSC09303.jpg\" alt=\"Malcolmia ramosissima (Desf.) Gennari ( Malcolmie ramifi\u00e9  )\" width=\"501\" height=\"752\" srcset=\"https:\/\/preservons-la-nature.fr\/blog\/wp-content\/uploads\/2014\/07\/DSC09303.jpg 667w, https:\/\/preservons-la-nature.fr\/blog\/wp-content\/uploads\/2014\/07\/DSC09303-200x300.jpg 200w, https:\/\/preservons-la-nature.fr\/blog\/wp-content\/uploads\/2014\/07\/DSC09303-533x800.jpg 533w\" sizes=\"auto, (max-width: 501px) 100vw, 501px\" \/><\/a><p id=\"caption-attachment-3804\" class=\"wp-caption-text\">Malcolmia ramosissima (Desf.) Gennari ( Malcolmie ramifi\u00e9 )<\/p><\/div><\/p>\n<p><strong><span style=\"text-decoration: underline;\">Nom :<\/span><\/strong> <i>Malcolmia ramosissima (Desf.) Gennari<\/i> ( Malcolmie ramifi\u00e9\u00a0 )<\/p>\n<p><strong><span style=\"text-decoration: underline;\">Famille :<\/span><\/strong> BRASSICACEAE<\/p>\n<p><strong><span style=\"text-decoration: underline;\">Floraison :<\/span><\/strong> Avril &#8211; Mai<\/p>\n<p><strong><span style=\"text-decoration: underline;\">Forme biologique :<\/span><\/strong><br \/>\nTh\u00e9rophyte scapiforrne.<\/p>\n<p><strong><span style=\"text-decoration: underline;\">Protection :<\/span><\/strong><br \/>\n&#8211; Liste des esp\u00e8ces v\u00e9g\u00e9tales prot\u00e9g\u00e9es en r\u00e9gion Languedoc-Roussillon Article 1 (1997)<br \/>\n&#8211; Liste des esp\u00e8ces v\u00e9g\u00e9tales prot\u00e9g\u00e9es en r\u00e9gion Provence-Alpes-C\u00f4te-d&rsquo;Azur Article 1 (1994)<\/p>\n<p><strong><span style=\"text-decoration: underline;\">Description dans la flore de Coste :<\/span><\/strong><br \/>\nPlante annuelle, d&rsquo;un vert blanch\u00e2tre ; tige de 5-20 cm, dress\u00e9e, \u00e0 rameaux d\u00e9passant l&rsquo;axe primaire ; feuilles oblongues, obtuses, enti\u00e8res ou sinu\u00e9es-dentel\u00e9es ; fleurs violettes, petites ; s\u00e9pales \u00e9gaux \u00e0 la base, aussi longs ou plus longs que le p\u00e9dicelle ; p\u00e9tales orbiculaires ; stigmate conique, bifide, \u00e0 lobes connivents ; siliques gr\u00eales, \u00e0 cloison mince, mais opaque, les bords seuls \u00e9troitement transparents ; graines brun\u00e2tres, non tronqu\u00e9es.<\/p>\n<div id=\"attachment_3803\" style=\"width: 1010px\" class=\"wp-caption aligncenter\"><a href=\"https:\/\/www.preservons-la-nature.fr\/blog\/wp-content\/uploads\/2014\/07\/DSC09298.jpg\" target=\"_blank\"><img loading=\"lazy\" decoding=\"async\" aria-describedby=\"caption-attachment-3803\" class=\"wp-image-3803 size-full\" title=\"Malcolmia ramosissima (Desf.) Gennari ( Malcolmie ramifi\u00e9  )\" src=\"https:\/\/www.preservons-la-nature.fr\/blog\/wp-content\/uploads\/2014\/07\/DSC09298.jpg\" alt=\"Malcolmia ramosissima (Desf.) Gennari ( Malcolmie ramifi\u00e9  )\" width=\"1000\" height=\"667\" srcset=\"https:\/\/preservons-la-nature.fr\/blog\/wp-content\/uploads\/2014\/07\/DSC09298.jpg 1000w, https:\/\/preservons-la-nature.fr\/blog\/wp-content\/uploads\/2014\/07\/DSC09298-300x200.jpg 300w\" sizes=\"auto, (max-width: 1000px) 100vw, 1000px\" \/><\/a><p id=\"caption-attachment-3803\" class=\"wp-caption-text\">Malcolmia ramosissima (Desf.) Gennari ( Malcolmie ramifi\u00e9 )<\/p><\/div>\n<p><strong><span style=\"text-decoration: underline;\">Pr\u00e9sent dans le(s) d\u00e9partement(s) suivant(s) :<\/span><\/strong><br \/>\nAlpes-Maritimes, Aude, Corse-du-Sud, Haute-Corse, Pyr\u00e9n\u00e9es-Orientales, Var.<\/p>\n<div id=\"attachment_3805\" style=\"width: 610px\" class=\"wp-caption aligncenter\"><a href=\"https:\/\/www.preservons-la-nature.fr\/blog\/?attachment_id=3805\" rel=\"attachment wp-att-3805\"><img loading=\"lazy\" decoding=\"async\" aria-describedby=\"caption-attachment-3805\" class=\"size-full wp-image-3805\" src=\"https:\/\/www.preservons-la-nature.fr\/blog\/wp-content\/uploads\/2014\/07\/carte20.jpg\" alt=\"R\u00e9partition de Malcolmia ramosissima (Desf.) Gennari ( Malcolmie ramifi\u00e9  )\" width=\"600\" height=\"600\" srcset=\"https:\/\/preservons-la-nature.fr\/blog\/wp-content\/uploads\/2014\/07\/carte20.jpg 600w, https:\/\/preservons-la-nature.fr\/blog\/wp-content\/uploads\/2014\/07\/carte20-150x150.jpg 150w, https:\/\/preservons-la-nature.fr\/blog\/wp-content\/uploads\/2014\/07\/carte20-300x300.jpg 300w\" sizes=\"auto, (max-width: 600px) 100vw, 600px\" \/><\/a><p id=\"caption-attachment-3805\" class=\"wp-caption-text\">R\u00e9partition de Malcolmia ramosissima (Desf.) Gennari ( Malcolmie ramifi\u00e9 )<\/p><\/div>\n<p><strong><span style=\"text-decoration: underline;\">Phytosociologie :<\/span><i><\/i><\/strong><\/p>\n<table>\n<tbody>\n<tr>\n<td>Ordre<\/td>\n<td>Classe<\/td>\n<\/tr>\n<tr>\n<td><strong>Malcolmietalia ramosissimae<\/strong><\/td>\n<td><strong>Helianthemetea guttati<\/strong><\/td>\n<\/tr>\n<tr>\n<td>Communaut\u00e9s vernales, m\u00e9diterran\u00e9ennes, surtout littorales, sur sols sableux profonds, meubles en saison s\u00e8che.<\/td>\n<td>V\u00e9g\u00e9tations annuelles acidiphiles des sols souvent sableux, oligotrophes, et des lithosols.<\/td>\n<\/tr>\n<\/tbody>\n<\/table>\n<p><strong><span style=\"text-decoration: underline;\">Taxonomie :<\/span><\/strong><br \/>\n<i>Malcolmia ramosissima (Desf.) Gennari<\/i> a pour synonymes (Informations issues de la BDTFX Version 2.0, <a href=\"http:\/\/www.tela-botanica.org\" target=\"_blank\">Tela Botanica<\/a>) :<i><br \/>\n&#8211; Hesperis parviflora DC.<br \/>\n&#8211; Hesperis pumila Poir.<br \/>\n&#8211; Hesperis ramosissima Desf.<br \/>\n&#8211; Malcolmia parviflora (DC.) DC.<br \/>\n&#8211; Maresia ramosissima (Desf.) F.Dvor\u00e1k<br \/>\n&#8211; Wilckia parviflora (DC.) Hal\u00e1csy<br \/>\n<\/i><\/p>\n","protected":false},"excerpt":{"rendered":"<p>Une fiche plus r&eacute;cente existe, vous pouvez la consulter ICI Nom : Malcolmia ramosissima (Desf.) Gennari ( Malcolmie ramifi\u00e9\u00a0 ) Famille : BRASSICACEAE Floraison : Avril &#8211; Mai Forme biologique : Th\u00e9rophyte scapiforrne. Protection : &#8211; Liste des esp\u00e8ces v\u00e9g\u00e9tales &hellip; <a href=\"https:\/\/preservons-la-nature.fr\/blog\/?p=3802\">Continuer la lecture <span class=\"meta-nav\">&rarr;<\/span><\/a><\/p>\n","protected":false},"author":1,"featured_media":0,"comment_status":"open","ping_status":"open","sticky":false,"template":"","format":"standard","meta":{"footnotes":""},"categories":[102],"tags":[26],"class_list":["post-3802","post","type-post","status-publish","format-standard","hentry","category-fiche-partielle-de-plantes","tag-brassicacees"],"_links":{"self":[{"href":"https:\/\/preservons-la-nature.fr\/blog\/index.php?rest_route=\/wp\/v2\/posts\/3802","targetHints":{"allow":["GET"]}}],"collection":[{"href":"https:\/\/preservons-la-nature.fr\/blog\/index.php?rest_route=\/wp\/v2\/posts"}],"about":[{"href":"https:\/\/preservons-la-nature.fr\/blog\/index.php?rest_route=\/wp\/v2\/types\/post"}],"author":[{"embeddable":true,"href":"https:\/\/preservons-la-nature.fr\/blog\/index.php?rest_route=\/wp\/v2\/users\/1"}],"replies":[{"embeddable":true,"href":"https:\/\/preservons-la-nature.fr\/blog\/index.php?rest_route=%2Fwp%2Fv2%2Fcomments&post=3802"}],"version-history":[{"count":1,"href":"https:\/\/preservons-la-nature.fr\/blog\/index.php?rest_route=\/wp\/v2\/posts\/3802\/revisions"}],"predecessor-version":[{"id":3806,"href":"https:\/\/preservons-la-nature.fr\/blog\/index.php?rest_route=\/wp\/v2\/posts\/3802\/revisions\/3806"}],"wp:attachment":[{"href":"https:\/\/preservons-la-nature.fr\/blog\/index.php?rest_route=%2Fwp%2Fv2%2Fmedia&parent=3802"}],"wp:term":[{"taxonomy":"category","embeddable":true,"href":"https:\/\/preservons-la-nature.fr\/blog\/index.php?rest_route=%2Fwp%2Fv2%2Fcategories&post=3802"},{"taxonomy":"post_tag","embeddable":true,"href":"https:\/\/preservons-la-nature.fr\/blog\/index.php?rest_route=%2Fwp%2Fv2%2Ftags&post=3802"}],"curies":[{"name":"wp","href":"https:\/\/api.w.org\/{rel}","templated":true}]}}