{"id":3796,"date":"2014-08-02T00:46:11","date_gmt":"2014-08-01T23:46:11","guid":{"rendered":"https:\/\/www.preservons-la-nature.fr\/blog\/?p=3796"},"modified":"2014-07-04T13:04:12","modified_gmt":"2014-07-04T12:04:12","slug":"logfia-minima-sm-dumort-cotonniere-naine","status":"publish","type":"post","link":"https:\/\/preservons-la-nature.fr\/blog\/?p=3796","title":{"rendered":"Logfia minima (Sm.) Dumort. ( Cotonni\u00e8re naine )"},"content":{"rendered":"<p><STRONG>Une fiche plus r&eacute;cente existe, vous pouvez la consulter <a href=\"https:\/\/www.preservons-la-nature.fr\/flore\/taxon\/678.html\">ICI<\/a><\/STRONG><div id=\"attachment_3797\" style=\"width: 479px\" class=\"wp-caption aligncenter\"><a href=\"https:\/\/www.preservons-la-nature.fr\/blog\/wp-content\/uploads\/2014\/07\/DSC08324.jpg\" target=\"_blank\"><img loading=\"lazy\" decoding=\"async\" aria-describedby=\"caption-attachment-3797\" class=\"wp-image-3797 \" title=\"Logfia minima (Sm.) Dumort. ( Cotonni\u00e8re naine )\" src=\"https:\/\/www.preservons-la-nature.fr\/blog\/wp-content\/uploads\/2014\/07\/DSC08324.jpg\" alt=\"Logfia minima (Sm.) Dumort. ( Cotonni\u00e8re naine )\" width=\"469\" height=\"704\" srcset=\"https:\/\/preservons-la-nature.fr\/blog\/wp-content\/uploads\/2014\/07\/DSC08324.jpg 667w, https:\/\/preservons-la-nature.fr\/blog\/wp-content\/uploads\/2014\/07\/DSC08324-200x300.jpg 200w, https:\/\/preservons-la-nature.fr\/blog\/wp-content\/uploads\/2014\/07\/DSC08324-533x800.jpg 533w\" sizes=\"auto, (max-width: 469px) 100vw, 469px\" \/><\/a><p id=\"caption-attachment-3797\" class=\"wp-caption-text\">Logfia minima (Sm.) Dumort. ( Cotonni\u00e8re naine )<\/p><\/div><\/p>\n<p><strong><span style=\"text-decoration: underline;\">Nom :<\/span><\/strong> <i>Logfia minima (Sm.) Dumort.<\/i> ( Cotonni\u00e8re naine )<\/p>\n<p><strong><span style=\"text-decoration: underline;\">Autre(s) nom(s) :<\/span><\/strong><br \/>\nGnaphale nain.<\/p>\n<p><strong><span style=\"text-decoration: underline;\">Famille :<\/span><\/strong> ASTERACEAE<\/p>\n<p><strong><span style=\"text-decoration: underline;\">Floraison :<\/span><\/strong> Juin &#8211; Ao\u00fbt<\/p>\n<p><strong><span style=\"text-decoration: underline;\">Protection :<\/span><\/strong><br \/>\n&#8211; Liste des esp\u00e8ces v\u00e9g\u00e9tales prot\u00e9g\u00e9es en r\u00e9gion Rh\u00f4ne-Alpes Article 5 (1990)<\/p>\n<p><strong><span style=\"text-decoration: underline;\">Description dans la flore de Coste :<\/span><\/strong><br \/>\nPlante annuelle, bri\u00e8vement soyeuse ; tige de 10-25 cm, dress\u00e9e, gr\u00eale, rameuse, \u00e0 rameaux \u00e9tal\u00e9s-dress\u00e9s, simples ou dichotomes ; feuilles rapproch\u00e9es, dress\u00e9es-appliqu\u00e9es contre la tige, lin\u00e9aires-lanc\u00e9ol\u00e9es, aigu\u00ebs ; involucre \u00e0 folioles non cuspid\u00e9es, lin\u00e9aires-lanc\u00e9ol\u00e9es, velues sur le dos, scarieuses, glabres et obtuses au sommet, les ext\u00e9rieures car\u00e9n\u00e9es ; capitules petites, ovo\u00efdes-coniques \u00e0 5 angles obtus tr\u00e8s prononc\u00e9s, sessiles, au nombre de 3-7, en glom\u00e9rules lat\u00e9raux et terminaux, environ moiti\u00e9 moins gros que dans F. arvensis; feuilles bract\u00e9oles plus courtes que les glom\u00e9rules.<\/p>\n<p><strong><span style=\"text-decoration: underline;\">Pr\u00e9sent dans le(s) d\u00e9partement(s) suivant(s) :<\/span><\/strong><br \/>\nAisne, Allier, Alpes-de-Haute-Provence, Alpes-Maritimes, Ard\u00e8che, Ardennes, Aube, Aude, Aveyron, Bas-Rhin, Bouches-du-Rh\u00f4ne, Calvados, Cantal, Charente, Charente-Maritime, Cher, Corr\u00e8ze, C\u00f4te-d&rsquo;Or, C\u00f4tes-d&rsquo;Armor, Creuse, Deux-S\u00e8vres, Dordogne, Essonne, Eure, Eure-et-Loir, Finist\u00e8re, Haute-Loire, Haute-Marne, Hautes-Alpes, Haute-Savoie, Haute-Vienne, Haut-Rhin, Ille-et-Vilaine, Indre, Indre-et-Loire, Is\u00e8re, Jura, Loire, Loire-Atlantique, Loiret, Loir-et-Cher, Lot, Loz\u00e8re, Maine-et-Loire, Manche, Marne, Mayenne, Morbihan, Moselle, Ni\u00e8vre, Nord, Oise, Orne, Pas-de-Calais, Sa\u00f4ne-et-Loire, Sarthe, Seine-et-Marne, Seine-Maritime, Somme, Val-d&rsquo;Oise, Var, Vaucluse, Vend\u00e9e, Vienne, Yonne, Yvelines.<\/p>\n<div id=\"attachment_3798\" style=\"width: 610px\" class=\"wp-caption aligncenter\"><a href=\"https:\/\/www.preservons-la-nature.fr\/blog\/?attachment_id=3798\" rel=\"attachment wp-att-3798\"><img loading=\"lazy\" decoding=\"async\" aria-describedby=\"caption-attachment-3798\" class=\"size-full wp-image-3798\" src=\"https:\/\/www.preservons-la-nature.fr\/blog\/wp-content\/uploads\/2014\/07\/carte19.jpg\" alt=\"R\u00e9partition de Logfia minima (Sm.) Dumort. ( Cotonni\u00e8re naine )\" width=\"600\" height=\"600\" srcset=\"https:\/\/preservons-la-nature.fr\/blog\/wp-content\/uploads\/2014\/07\/carte19.jpg 600w, https:\/\/preservons-la-nature.fr\/blog\/wp-content\/uploads\/2014\/07\/carte19-150x150.jpg 150w, https:\/\/preservons-la-nature.fr\/blog\/wp-content\/uploads\/2014\/07\/carte19-300x300.jpg 300w\" sizes=\"auto, (max-width: 600px) 100vw, 600px\" \/><\/a><p id=\"caption-attachment-3798\" class=\"wp-caption-text\">R\u00e9partition de Logfia minima (Sm.) Dumort. ( Cotonni\u00e8re naine )<\/p><\/div>\n<p><strong><span style=\"text-decoration: underline;\">Phytosociologie :<\/span><i><\/i><\/strong><\/p>\n<table>\n<tbody>\n<tr>\n<td>Alliance<\/td>\n<td>Ordre<\/td>\n<td>Classe<\/td>\n<\/tr>\n<tr>\n<td><strong>Corynephorion canescentis<\/strong><\/td>\n<td><strong>Corynephoretalia canescentis<\/strong><\/td>\n<td><strong>Koelerio glaucae-Corynephoretea canescentis<\/strong><\/td>\n<\/tr>\n<tr>\n<td>Communaut\u00e9s des sables souvent mobiles acides ou d\u00e9calcifi\u00e9s, ainsi que des ar\u00e8nes granitiques ; rares et dispers\u00e9es en France.<\/td>\n<td>Communaut\u00e9s tr\u00e8s ouvertes de l&rsquo;int\u00e9rieur des terres, souvent riches en Lichens et Bryophytes.<\/td>\n<td>Pelouses pionni\u00e8res, \u00e0 dominance d\u2019h\u00e9micryptophytes (plus ou moins riches en annuelles), atlantiques \u00e0 m\u00e9dioeurop\u00e9ennes, sur sables plus ou moins stabilis\u00e9s.<\/td>\n<\/tr>\n<\/tbody>\n<\/table>\n<table>\n<tbody>\n<tr>\n<td>Alliance<\/td>\n<td>Ordre<\/td>\n<td>Classe<\/td>\n<\/tr>\n<tr>\n<td><strong>Sedion anglici<\/strong><\/td>\n<td><strong>Sedo albi-Scleranthetalia biennis<\/strong><\/td>\n<td><strong>Sedo albi-Scleranthetea biennis<\/strong><\/td>\n<\/tr>\n<tr>\n<td>Communaut\u00e9s atlantiques (surtout Massif armoricain).<\/td>\n<td>Communaut\u00e9s silicicoles.<\/td>\n<td>V\u00e9g\u00e9tation pionni\u00e8re \u00e0 dominance de vivaces (souvent crassulescentes) de dalles rocheuses plus ou moins horizontales, atlantique \u00e0 m\u00e9dioeurop\u00e9enne, souvent montagnarde.<\/td>\n<\/tr>\n<\/tbody>\n<\/table>\n<table>\n<tbody>\n<tr>\n<td>Alliance<\/td>\n<td>Ordre<\/td>\n<td>Classe<\/td>\n<\/tr>\n<tr>\n<td><strong>Thero-Airion<\/strong><\/td>\n<td><strong>Helianthemetalia guttati<\/strong><\/td>\n<td><strong>Helianthemetea guttati<\/strong><\/td>\n<\/tr>\n<tr>\n<td>Communaut\u00e9s vernales \u00e0 estivales des sols x\u00e9riques, atlantiques \u00e0 m\u00e9dioeurop\u00e9ennes, sur sables, ar\u00e8nes et dalles siliceuses.<\/td>\n<td>Communaut\u00e9s non littorales.<\/td>\n<td>V\u00e9g\u00e9tations annuelles acidiphiles des sols souvent sableux, oligotrophes, et des lithosols.<\/td>\n<\/tr>\n<\/tbody>\n<\/table>\n<p><strong><span style=\"text-decoration: underline;\">Taxonomie :<\/span><\/strong><br \/>\n<i>Logfia minima (Sm.) Dumort.<\/i> a pour synonymes (Informations issues de la BDTFX Version 2.0, <a href=\"http:\/\/www.tela-botanica.org\" target=\"_blank\">Tela Botanica<\/a>) :<i><br \/>\n&#8211; Filago minima (Sm.) Fr.<br \/>\n&#8211; Filago minima (Sm.) Pers.<br \/>\n&#8211; Filago minor Bubani<br \/>\n&#8211; Filago montana L.<br \/>\n&#8211; Gnaphalium minimum Sm.<br \/>\n&#8211; Logfia lanceolata Cass.<br \/>\n&#8211; Oglifa minima (Sm.) Rchb.f.<br \/>\n&#8211; Xerotium minimum (Sm.) Bluff &amp; Fingerh.<br \/>\n&#8211; Xerotium montanum (L.) Bluff &amp; Fingerh.<br \/>\n<\/i><\/p>\n","protected":false},"excerpt":{"rendered":"<p>Une fiche plus r&eacute;cente existe, vous pouvez la consulter ICI Nom : Logfia minima (Sm.) Dumort. ( Cotonni\u00e8re naine ) Autre(s) nom(s) : Gnaphale nain. Famille : ASTERACEAE Floraison : Juin &#8211; Ao\u00fbt Protection : &#8211; Liste des esp\u00e8ces v\u00e9g\u00e9tales &hellip; <a href=\"https:\/\/preservons-la-nature.fr\/blog\/?p=3796\">Continuer la lecture <span class=\"meta-nav\">&rarr;<\/span><\/a><\/p>\n","protected":false},"author":1,"featured_media":0,"comment_status":"open","ping_status":"open","sticky":false,"template":"","format":"standard","meta":{"footnotes":""},"categories":[102],"tags":[48],"class_list":["post-3796","post","type-post","status-publish","format-standard","hentry","category-fiche-partielle-de-plantes","tag-asteracees"],"_links":{"self":[{"href":"https:\/\/preservons-la-nature.fr\/blog\/index.php?rest_route=\/wp\/v2\/posts\/3796","targetHints":{"allow":["GET"]}}],"collection":[{"href":"https:\/\/preservons-la-nature.fr\/blog\/index.php?rest_route=\/wp\/v2\/posts"}],"about":[{"href":"https:\/\/preservons-la-nature.fr\/blog\/index.php?rest_route=\/wp\/v2\/types\/post"}],"author":[{"embeddable":true,"href":"https:\/\/preservons-la-nature.fr\/blog\/index.php?rest_route=\/wp\/v2\/users\/1"}],"replies":[{"embeddable":true,"href":"https:\/\/preservons-la-nature.fr\/blog\/index.php?rest_route=%2Fwp%2Fv2%2Fcomments&post=3796"}],"version-history":[{"count":3,"href":"https:\/\/preservons-la-nature.fr\/blog\/index.php?rest_route=\/wp\/v2\/posts\/3796\/revisions"}],"predecessor-version":[{"id":3801,"href":"https:\/\/preservons-la-nature.fr\/blog\/index.php?rest_route=\/wp\/v2\/posts\/3796\/revisions\/3801"}],"wp:attachment":[{"href":"https:\/\/preservons-la-nature.fr\/blog\/index.php?rest_route=%2Fwp%2Fv2%2Fmedia&parent=3796"}],"wp:term":[{"taxonomy":"category","embeddable":true,"href":"https:\/\/preservons-la-nature.fr\/blog\/index.php?rest_route=%2Fwp%2Fv2%2Fcategories&post=3796"},{"taxonomy":"post_tag","embeddable":true,"href":"https:\/\/preservons-la-nature.fr\/blog\/index.php?rest_route=%2Fwp%2Fv2%2Ftags&post=3796"}],"curies":[{"name":"wp","href":"https:\/\/api.w.org\/{rel}","templated":true}]}}