{"id":3791,"date":"2014-08-01T00:42:00","date_gmt":"2014-07-31T23:42:00","guid":{"rendered":"https:\/\/www.preservons-la-nature.fr\/blog\/?p=3791"},"modified":"2014-07-04T12:45:15","modified_gmt":"2014-07-04T11:45:15","slug":"limonium-cordatum-l-mill-statice-cordee","status":"publish","type":"post","link":"https:\/\/preservons-la-nature.fr\/blog\/?p=3791","title":{"rendered":"Limonium cordatum (L.) Mill. ( Statice cord\u00e9e )"},"content":{"rendered":"<p><STRONG>Une fiche plus r&eacute;cente existe, vous pouvez la consulter <a href=\"https:\/\/www.preservons-la-nature.fr\/flore\/taxon\/2799.html\">ICI<\/a><\/STRONG><div id=\"attachment_3793\" style=\"width: 491px\" class=\"wp-caption aligncenter\"><a href=\"https:\/\/www.preservons-la-nature.fr\/blog\/wp-content\/uploads\/2014\/07\/DSC06572.jpg\" target=\"_blank\"><img loading=\"lazy\" decoding=\"async\" aria-describedby=\"caption-attachment-3793\" class=\"wp-image-3793 \" title=\"Limonium cordatum (L.) Mill. ( Statice cord\u00e9e )\" src=\"https:\/\/www.preservons-la-nature.fr\/blog\/wp-content\/uploads\/2014\/07\/DSC06572.jpg\" alt=\"Limonium cordatum (L.) Mill. ( Statice cord\u00e9e )\" width=\"481\" height=\"722\" srcset=\"https:\/\/preservons-la-nature.fr\/blog\/wp-content\/uploads\/2014\/07\/DSC06572.jpg 667w, https:\/\/preservons-la-nature.fr\/blog\/wp-content\/uploads\/2014\/07\/DSC06572-200x300.jpg 200w, https:\/\/preservons-la-nature.fr\/blog\/wp-content\/uploads\/2014\/07\/DSC06572-533x800.jpg 533w\" sizes=\"auto, (max-width: 481px) 100vw, 481px\" \/><\/a><p id=\"caption-attachment-3793\" class=\"wp-caption-text\">Limonium cordatum (L.) Mill. ( Statice cord\u00e9e )<\/p><\/div><\/p>\n<p><strong><span style=\"text-decoration: underline;\">Nom :<\/span><\/strong> <i>Limonium cordatum (L.) Mill.<\/i> ( Statice cord\u00e9e )<\/p>\n<p><strong><span style=\"text-decoration: underline;\">Autre(s) nom(s) :<\/span><\/strong><br \/>\nStatice \u00e0 feuilles cord\u00e9es.<\/p>\n<p><strong><span style=\"text-decoration: underline;\">Famille :<\/span><\/strong> PLUMBAGINACEAE<\/p>\n<p><strong><span style=\"text-decoration: underline;\">Floraison :<\/span><\/strong> Mai &#8211; Septembre<\/p>\n<p><strong><span style=\"text-decoration: underline;\">Protection :<\/span><\/strong><br \/>\n&#8211; Liste des esp\u00e8ces v\u00e9g\u00e9tales prot\u00e9g\u00e9es sur l&rsquo;ensemble du territoire fran\u00e7ais m\u00e9tropolitain Article 1<br \/>\n&#8211; Liste rouge fran\u00e7aise IUCN 2012 LC<\/p>\n<p><strong><span style=\"text-decoration: underline;\">Description dans la flore de Coste :<\/span><\/strong><br \/>\nPlante vivace de 10-25 cm, bri\u00e8vement pubescente, \u00e0 souche ligneuse-tortueuse \u00e0 divisions \u00e9pig\u00e9es couvertes de feuilles imbriqu\u00e9es, petites, spatul\u00e9es, r\u00e9tuses ou un peu \u00e9chancr\u00e9es, uninerv\u00e9es, pub\u00e9rulentes ; hampes dress\u00e9es, flexueuses, tr\u00e8s rameuses, les rameaux st\u00e9riles tr\u00e8s nombreux, tr\u00e8s flexueux en zigzag, \u00e0 articles gr\u00eales et courts ; \u00e9pillets droits, \u00e0 1-2 fleurs, non contigus, en \u00e9pis courts et rapproch\u00e9s en panicule assez dense ; bract\u00e9es pubescentes, l&rsquo;ext\u00e9rieure 4 fois plus courte que l&rsquo;int\u00e9rieure, arrondie sur le dos ; calice \u00e0 tube droit, tr\u00e8s poilu, \u00e0 dents ovales-obtuses ; corolle violac\u00e9e, petite.<\/p>\n<div id=\"attachment_3792\" style=\"width: 1010px\" class=\"wp-caption aligncenter\"><a href=\"https:\/\/www.preservons-la-nature.fr\/blog\/wp-content\/uploads\/2014\/07\/DSC06571.jpg\" target=\"_blank\"><img loading=\"lazy\" decoding=\"async\" aria-describedby=\"caption-attachment-3792\" class=\"wp-image-3792 size-full\" title=\"Limonium cordatum (L.) Mill. ( Statice cord\u00e9e )\" src=\"https:\/\/www.preservons-la-nature.fr\/blog\/wp-content\/uploads\/2014\/07\/DSC06571.jpg\" alt=\"Limonium cordatum (L.) Mill. ( Statice cord\u00e9e )\" width=\"1000\" height=\"667\" srcset=\"https:\/\/preservons-la-nature.fr\/blog\/wp-content\/uploads\/2014\/07\/DSC06571.jpg 1000w, https:\/\/preservons-la-nature.fr\/blog\/wp-content\/uploads\/2014\/07\/DSC06571-300x200.jpg 300w\" sizes=\"auto, (max-width: 1000px) 100vw, 1000px\" \/><\/a><p id=\"caption-attachment-3792\" class=\"wp-caption-text\">Limonium cordatum (L.) Mill. ( Statice cord\u00e9e )<\/p><\/div>\n<p><strong><span style=\"text-decoration: underline;\">Pr\u00e9sent dans le(s) d\u00e9partement(s) suivant(s) :<\/span><\/strong><br \/>\nAlpes-Maritimes, Bouches-du-Rh\u00f4ne, Var.<\/p>\n<div id=\"attachment_3794\" style=\"width: 610px\" class=\"wp-caption aligncenter\"><a href=\"https:\/\/www.preservons-la-nature.fr\/blog\/?attachment_id=3794\" rel=\"attachment wp-att-3794\"><img loading=\"lazy\" decoding=\"async\" aria-describedby=\"caption-attachment-3794\" class=\"size-full wp-image-3794\" src=\"https:\/\/www.preservons-la-nature.fr\/blog\/wp-content\/uploads\/2014\/07\/carte18.jpg\" alt=\"R\u00e9partition de Limonium cordatum (L.) Mill. ( Statice cord\u00e9e )\" width=\"600\" height=\"600\" srcset=\"https:\/\/preservons-la-nature.fr\/blog\/wp-content\/uploads\/2014\/07\/carte18.jpg 600w, https:\/\/preservons-la-nature.fr\/blog\/wp-content\/uploads\/2014\/07\/carte18-150x150.jpg 150w, https:\/\/preservons-la-nature.fr\/blog\/wp-content\/uploads\/2014\/07\/carte18-300x300.jpg 300w\" sizes=\"auto, (max-width: 600px) 100vw, 600px\" \/><\/a><p id=\"caption-attachment-3794\" class=\"wp-caption-text\">R\u00e9partition de Limonium cordatum (L.) Mill. ( Statice cord\u00e9e )<\/p><\/div>\n<p><strong><span style=\"text-decoration: underline;\">Taxonomie :<\/span><\/strong><br \/>\n<i>Limonium cordatum (L.) Mill.<\/i> a pour synonymes (Informations issues de la BDTFX Version 2.0, <a href=\"http:\/\/www.tela-botanica.org\" target=\"_blank\">Tela Botanica<\/a>) :<i><br \/>\n&#8211; Limonium pubescens (DC.) Kuntze ex P.Fourn.<br \/>\n&#8211; Statice cordata L.<br \/>\n&#8211; Statice pubescens DC.<br \/>\n&#8211; Taxanthema cordata (L.) Sweet<br \/>\n<\/i><\/p>\n","protected":false},"excerpt":{"rendered":"<p>Une fiche plus r&eacute;cente existe, vous pouvez la consulter ICI Nom : Limonium cordatum (L.) Mill. ( Statice cord\u00e9e ) Autre(s) nom(s) : Statice \u00e0 feuilles cord\u00e9es. Famille : PLUMBAGINACEAE Floraison : Mai &#8211; Septembre Protection : &#8211; Liste des &hellip; <a href=\"https:\/\/preservons-la-nature.fr\/blog\/?p=3791\">Continuer la lecture <span class=\"meta-nav\">&rarr;<\/span><\/a><\/p>\n","protected":false},"author":1,"featured_media":0,"comment_status":"open","ping_status":"open","sticky":false,"template":"","format":"standard","meta":{"footnotes":""},"categories":[102],"tags":[98],"class_list":["post-3791","post","type-post","status-publish","format-standard","hentry","category-fiche-partielle-de-plantes","tag-plombaginacees"],"_links":{"self":[{"href":"https:\/\/preservons-la-nature.fr\/blog\/index.php?rest_route=\/wp\/v2\/posts\/3791","targetHints":{"allow":["GET"]}}],"collection":[{"href":"https:\/\/preservons-la-nature.fr\/blog\/index.php?rest_route=\/wp\/v2\/posts"}],"about":[{"href":"https:\/\/preservons-la-nature.fr\/blog\/index.php?rest_route=\/wp\/v2\/types\/post"}],"author":[{"embeddable":true,"href":"https:\/\/preservons-la-nature.fr\/blog\/index.php?rest_route=\/wp\/v2\/users\/1"}],"replies":[{"embeddable":true,"href":"https:\/\/preservons-la-nature.fr\/blog\/index.php?rest_route=%2Fwp%2Fv2%2Fcomments&post=3791"}],"version-history":[{"count":1,"href":"https:\/\/preservons-la-nature.fr\/blog\/index.php?rest_route=\/wp\/v2\/posts\/3791\/revisions"}],"predecessor-version":[{"id":3795,"href":"https:\/\/preservons-la-nature.fr\/blog\/index.php?rest_route=\/wp\/v2\/posts\/3791\/revisions\/3795"}],"wp:attachment":[{"href":"https:\/\/preservons-la-nature.fr\/blog\/index.php?rest_route=%2Fwp%2Fv2%2Fmedia&parent=3791"}],"wp:term":[{"taxonomy":"category","embeddable":true,"href":"https:\/\/preservons-la-nature.fr\/blog\/index.php?rest_route=%2Fwp%2Fv2%2Fcategories&post=3791"},{"taxonomy":"post_tag","embeddable":true,"href":"https:\/\/preservons-la-nature.fr\/blog\/index.php?rest_route=%2Fwp%2Fv2%2Ftags&post=3791"}],"curies":[{"name":"wp","href":"https:\/\/api.w.org\/{rel}","templated":true}]}}