{"id":3779,"date":"2014-07-30T00:44:25","date_gmt":"2014-07-29T23:44:25","guid":{"rendered":"https:\/\/www.preservons-la-nature.fr\/blog\/?p=3779"},"modified":"2014-07-04T07:52:26","modified_gmt":"2014-07-04T06:52:26","slug":"koeleria-glauca-spreng-dc-koelerie-glauque","status":"publish","type":"post","link":"https:\/\/preservons-la-nature.fr\/blog\/?p=3779","title":{"rendered":"Koeleria glauca (Spreng.) DC. ( Ko\u00e9l\u00e9rie glauque )"},"content":{"rendered":"<p><STRONG>Une fiche plus r&eacute;cente existe, vous pouvez la consulter <a href=\"https:\/\/www.preservons-la-nature.fr\/flore\/taxon\/7167.html\">ICI<\/a><\/STRONG><div id=\"attachment_3781\" style=\"width: 528px\" class=\"wp-caption aligncenter\"><a href=\"https:\/\/www.preservons-la-nature.fr\/blog\/wp-content\/uploads\/2014\/07\/DSC08131.jpg\" target=\"_blank\"><img loading=\"lazy\" decoding=\"async\" aria-describedby=\"caption-attachment-3781\" class=\"wp-image-3781 \" title=\"Koeleria glauca (Spreng.) DC. ( Ko\u00e9l\u00e9rie glauque )\" src=\"https:\/\/www.preservons-la-nature.fr\/blog\/wp-content\/uploads\/2014\/07\/DSC08131.jpg\" alt=\"Koeleria glauca (Spreng.) DC. ( Ko\u00e9l\u00e9rie glauque )\" width=\"518\" height=\"777\" srcset=\"https:\/\/preservons-la-nature.fr\/blog\/wp-content\/uploads\/2014\/07\/DSC08131.jpg 667w, https:\/\/preservons-la-nature.fr\/blog\/wp-content\/uploads\/2014\/07\/DSC08131-200x300.jpg 200w, https:\/\/preservons-la-nature.fr\/blog\/wp-content\/uploads\/2014\/07\/DSC08131-533x800.jpg 533w\" sizes=\"auto, (max-width: 518px) 100vw, 518px\" \/><\/a><p id=\"caption-attachment-3781\" class=\"wp-caption-text\">Koeleria glauca (Spreng.) DC. ( Ko\u00e9l\u00e9rie glauque )<\/p><\/div><\/p>\n<p><strong><span style=\"text-decoration: underline;\">Nom :<\/span><\/strong> <i>Koeleria glauca (Spreng.) DC.<\/i> ( Ko\u00e9l\u00e9rie glauque )<\/p>\n<p><strong><span style=\"text-decoration: underline;\">Famille :<\/span><\/strong> POACEAE<\/p>\n<p><strong><span style=\"text-decoration: underline;\">Floraison :<\/span><\/strong> Mai &#8211; Juin<\/p>\n<div id=\"attachment_3780\" style=\"width: 531px\" class=\"wp-caption aligncenter\"><a href=\"https:\/\/www.preservons-la-nature.fr\/blog\/wp-content\/uploads\/2014\/07\/DSC08015.jpg\" target=\"_blank\"><img loading=\"lazy\" decoding=\"async\" aria-describedby=\"caption-attachment-3780\" class=\"wp-image-3780 \" title=\"Koeleria glauca (Spreng.) DC. ( Ko\u00e9l\u00e9rie glauque )\" src=\"https:\/\/www.preservons-la-nature.fr\/blog\/wp-content\/uploads\/2014\/07\/DSC08015.jpg\" alt=\"Koeleria glauca (Spreng.) DC. ( Ko\u00e9l\u00e9rie glauque )\" width=\"521\" height=\"782\" srcset=\"https:\/\/preservons-la-nature.fr\/blog\/wp-content\/uploads\/2014\/07\/DSC08015.jpg 667w, https:\/\/preservons-la-nature.fr\/blog\/wp-content\/uploads\/2014\/07\/DSC08015-200x300.jpg 200w, https:\/\/preservons-la-nature.fr\/blog\/wp-content\/uploads\/2014\/07\/DSC08015-533x800.jpg 533w\" sizes=\"auto, (max-width: 521px) 100vw, 521px\" \/><\/a><p id=\"caption-attachment-3780\" class=\"wp-caption-text\">Koeleria glauca (Spreng.) DC. ( Ko\u00e9l\u00e9rie glauque )<\/p><\/div>\n<p><strong><span style=\"text-decoration: underline;\">Pr\u00e9sent dans le(s) d\u00e9partement(s) suivant(s) :<\/span><\/strong><br \/>\nCalvados, C\u00f4tes-d&rsquo;Armor, Essonne, Finist\u00e8re, Ille-et-Vilaine, Loire-Atlantique, Maine-et-Loire, Manche, Morbihan, Vend\u00e9e.<\/p>\n<div id=\"attachment_3782\" style=\"width: 610px\" class=\"wp-caption aligncenter\"><a href=\"https:\/\/www.preservons-la-nature.fr\/blog\/?attachment_id=3782\" rel=\"attachment wp-att-3782\"><img loading=\"lazy\" decoding=\"async\" aria-describedby=\"caption-attachment-3782\" class=\"size-full wp-image-3782\" src=\"https:\/\/www.preservons-la-nature.fr\/blog\/wp-content\/uploads\/2014\/07\/carte16.jpg\" alt=\"Koeleria glauca (SR\u00e9partition de Koeleria glauca (Spreng.) DC. ( Ko\u00e9l\u00e9rie glauque )\" width=\"600\" height=\"600\" srcset=\"https:\/\/preservons-la-nature.fr\/blog\/wp-content\/uploads\/2014\/07\/carte16.jpg 600w, https:\/\/preservons-la-nature.fr\/blog\/wp-content\/uploads\/2014\/07\/carte16-150x150.jpg 150w, https:\/\/preservons-la-nature.fr\/blog\/wp-content\/uploads\/2014\/07\/carte16-300x300.jpg 300w\" sizes=\"auto, (max-width: 600px) 100vw, 600px\" \/><\/a><p id=\"caption-attachment-3782\" class=\"wp-caption-text\">R\u00e9partition de Koeleria glauca (Spreng.) DC. ( Ko\u00e9l\u00e9rie glauque )<\/p><\/div>\n<p><strong><span style=\"text-decoration: underline;\">Taxonomie :<\/span><\/strong><br \/>\n<i>Koeleria glauca (Spreng.) DC.<\/i> a pour synonymes (Informations issues de la BDTFX Version 2.0, <a href=\"http:\/\/www.tela-botanica.org\" target=\"_blank\">Tela Botanica<\/a>) :<i><br \/>\n&#8211; Aira glauca Spreng.<br \/>\n&#8211; Airochloa glauca (Spreng.) Link ex Schur<br \/>\n&#8211; Koeleria albescens subsp. arenaria (Dumort.) Rauschert<br \/>\n&#8211; Koeleria albescens var. arenaria (Dumort.) Nyman<br \/>\n&#8211; Koeleria albescens var. gracilis Godr.<br \/>\n&#8211; Koeleria cristata subsp. arenaria Dumort.<br \/>\n&#8211; Koeleria cristata subsp. glauca (Spreng.) Celak.<br \/>\n&#8211; Koeleria cristata var. arenaria (Dumort.) Lej. &amp; Courtois<br \/>\n&#8211; Koeleria cristata var. argentea G.Westb.<br \/>\n&#8211; Koeleria cristata var. puberula G.Westb.<br \/>\n&#8211; Koeleria cristata var. pubescens Br\u00e9b.<br \/>\n&#8211; Koeleria dactyloides (Rochel) Rchb.<br \/>\n&#8211; Koeleria glauca subsp. dactyloides (Rochel) Nyman<br \/>\n&#8211; Koeleria glauca subsp. intermedia (Ahlq.) Domin<br \/>\n&#8211; Koeleria glauca var. bessarabica Domin<br \/>\n&#8211; Koeleria glauca var. intermedia (Ahlq.) Domin<br \/>\n&#8211; Koeleria glauca var. pohleana Domin<br \/>\n&#8211; Koeleria intermedia Ahlq.<br \/>\n&#8211; Koeleria pohleana (Domin) Gontsch.<br \/>\n&#8211; Koeleria rochelii Schur<br \/>\n&#8211; Koeleria sabuletorum Domin<br \/>\n&#8211; Poa glauca Schkuhr<br \/>\n<\/i><br \/>\n<span style=\"text-decoration: underline;\">Sous-esp\u00e8ces ou vari\u00e9t\u00e9s :<\/span><br \/>\n<i>&#8211; Koeleria glauca (Spreng.) DC. subsp. glauca<br \/>\n<\/i><\/p>\n","protected":false},"excerpt":{"rendered":"<p>Une fiche plus r&eacute;cente existe, vous pouvez la consulter ICI Nom : Koeleria glauca (Spreng.) DC. ( Ko\u00e9l\u00e9rie glauque ) Famille : POACEAE Floraison : Mai &#8211; Juin Pr\u00e9sent dans le(s) d\u00e9partement(s) suivant(s) : Calvados, C\u00f4tes-d&rsquo;Armor, Essonne, Finist\u00e8re, Ille-et-Vilaine, Loire-Atlantique, &hellip; <a href=\"https:\/\/preservons-la-nature.fr\/blog\/?p=3779\">Continuer la lecture <span class=\"meta-nav\">&rarr;<\/span><\/a><\/p>\n","protected":false},"author":1,"featured_media":0,"comment_status":"open","ping_status":"open","sticky":false,"template":"","format":"standard","meta":{"footnotes":""},"categories":[102],"tags":[80],"class_list":["post-3779","post","type-post","status-publish","format-standard","hentry","category-fiche-partielle-de-plantes","tag-poacees"],"_links":{"self":[{"href":"https:\/\/preservons-la-nature.fr\/blog\/index.php?rest_route=\/wp\/v2\/posts\/3779","targetHints":{"allow":["GET"]}}],"collection":[{"href":"https:\/\/preservons-la-nature.fr\/blog\/index.php?rest_route=\/wp\/v2\/posts"}],"about":[{"href":"https:\/\/preservons-la-nature.fr\/blog\/index.php?rest_route=\/wp\/v2\/types\/post"}],"author":[{"embeddable":true,"href":"https:\/\/preservons-la-nature.fr\/blog\/index.php?rest_route=\/wp\/v2\/users\/1"}],"replies":[{"embeddable":true,"href":"https:\/\/preservons-la-nature.fr\/blog\/index.php?rest_route=%2Fwp%2Fv2%2Fcomments&post=3779"}],"version-history":[{"count":2,"href":"https:\/\/preservons-la-nature.fr\/blog\/index.php?rest_route=\/wp\/v2\/posts\/3779\/revisions"}],"predecessor-version":[{"id":3784,"href":"https:\/\/preservons-la-nature.fr\/blog\/index.php?rest_route=\/wp\/v2\/posts\/3779\/revisions\/3784"}],"wp:attachment":[{"href":"https:\/\/preservons-la-nature.fr\/blog\/index.php?rest_route=%2Fwp%2Fv2%2Fmedia&parent=3779"}],"wp:term":[{"taxonomy":"category","embeddable":true,"href":"https:\/\/preservons-la-nature.fr\/blog\/index.php?rest_route=%2Fwp%2Fv2%2Fcategories&post=3779"},{"taxonomy":"post_tag","embeddable":true,"href":"https:\/\/preservons-la-nature.fr\/blog\/index.php?rest_route=%2Fwp%2Fv2%2Ftags&post=3779"}],"curies":[{"name":"wp","href":"https:\/\/api.w.org\/{rel}","templated":true}]}}