{"id":3743,"date":"2014-07-23T00:56:56","date_gmt":"2014-07-22T23:56:56","guid":{"rendered":"https:\/\/www.preservons-la-nature.fr\/blog\/?p=3743"},"modified":"2014-07-03T07:59:44","modified_gmt":"2014-07-03T06:59:44","slug":"hypericum-humifusum-l-millepertuis-couche","status":"publish","type":"post","link":"https:\/\/preservons-la-nature.fr\/blog\/?p=3743","title":{"rendered":"Hypericum humifusum L. ( Millepertuis couch\u00e9 )"},"content":{"rendered":"<p><STRONG>Une fiche plus r&eacute;cente existe, vous pouvez la consulter <a href=\"https:\/\/www.preservons-la-nature.fr\/flore\/taxon\/571.html\">ICI<\/a><\/STRONG><div id=\"attachment_3744\" style=\"width: 1010px\" class=\"wp-caption aligncenter\"><a href=\"https:\/\/www.preservons-la-nature.fr\/blog\/wp-content\/uploads\/2014\/07\/DSC08321.jpg\" target=\"_blank\"><img loading=\"lazy\" decoding=\"async\" aria-describedby=\"caption-attachment-3744\" class=\"wp-image-3744 size-full\" title=\"Hypericum humifusum L. ( Millepertuis couch\u00e9 )\" src=\"https:\/\/www.preservons-la-nature.fr\/blog\/wp-content\/uploads\/2014\/07\/DSC08321.jpg\" alt=\"Hypericum humifusum L. ( Millepertuis couch\u00e9 )\" width=\"1000\" height=\"667\" srcset=\"https:\/\/preservons-la-nature.fr\/blog\/wp-content\/uploads\/2014\/07\/DSC08321.jpg 1000w, https:\/\/preservons-la-nature.fr\/blog\/wp-content\/uploads\/2014\/07\/DSC08321-300x200.jpg 300w\" sizes=\"auto, (max-width: 1000px) 100vw, 1000px\" \/><\/a><p id=\"caption-attachment-3744\" class=\"wp-caption-text\">Hypericum humifusum L. ( Millepertuis couch\u00e9 )<\/p><\/div><br \/>\n<strong><span style=\"text-decoration: underline;\">Nom :<\/span><\/strong> <i>Hypericum humifusum L.<\/i> ( Millepertuis couch\u00e9 )<\/p>\n<p><strong><span style=\"text-decoration: underline;\">Autre(s) nom(s) :<\/span><\/strong><br \/>\nPetit Millepertuis.<\/p>\n<p><strong><span style=\"text-decoration: underline;\">Famille :<\/span><\/strong> HYPERICACEAE<\/p>\n<p><strong><span style=\"text-decoration: underline;\">Floraison :<\/span><\/strong> Juin &#8211; Septembre<\/p>\n<p><strong><span style=\"text-decoration: underline;\">Forme biologique :<\/span><\/strong><br \/>\nTh\u00e9rophyte.<\/p>\n<p><strong><span style=\"text-decoration: underline;\">Description dans la flore de Coste :<\/span><\/strong><br \/>\nPlante annuelle ou vivace, glabre ; tiges de 5 \u00e0 20 cm, gr\u00eales, couch\u00e9es ou ascendantes, cylindriques avec deux lignes peu saillantes ; feuilles subsessiles, petites, oblongues, obtuses, planes, bord\u00e9es de points noirs, les sup\u00e9rieures seules finement ponctu\u00e9es-transparentes ; fleurs jaunes, petites, solitaires ou peu nombreuses en corymbe l\u00e2che et feuill\u00e9 ; p\u00e9dicelles \u00e9galant le calice ou plus longs ; s\u00e9pales in\u00e9gaux, oblongs-obtus, souvent bord\u00e9s de points noirs et parfois de cils glanduleux ; p\u00e9tales d\u00e9passant peu le calice ; 15 \u00e0 20 \u00e9tamines, plus courtes que les p\u00e9tales ; capsule ovale, un peu plus longue que le calice, munie de nombreuses bandelettes.<br \/>\n<div id=\"attachment_3745\" style=\"width: 1010px\" class=\"wp-caption aligncenter\"><a href=\"https:\/\/www.preservons-la-nature.fr\/blog\/wp-content\/uploads\/2014\/07\/DSC08321-2.jpg\" target=\"_blank\"><img loading=\"lazy\" decoding=\"async\" aria-describedby=\"caption-attachment-3745\" class=\"wp-image-3745 size-full\" title=\"Hypericum humifusum L. ( Millepertuis couch\u00e9 )\" src=\"https:\/\/www.preservons-la-nature.fr\/blog\/wp-content\/uploads\/2014\/07\/DSC08321-2.jpg\" alt=\"Hypericum humifusum L. ( Millepertuis couch\u00e9 )\" width=\"1000\" height=\"667\" srcset=\"https:\/\/preservons-la-nature.fr\/blog\/wp-content\/uploads\/2014\/07\/DSC08321-2.jpg 1000w, https:\/\/preservons-la-nature.fr\/blog\/wp-content\/uploads\/2014\/07\/DSC08321-2-300x200.jpg 300w\" sizes=\"auto, (max-width: 1000px) 100vw, 1000px\" \/><\/a><p id=\"caption-attachment-3745\" class=\"wp-caption-text\">Hypericum humifusum L. ( Millepertuis couch\u00e9 )<\/p><\/div><br \/>\n<strong><span style=\"text-decoration: underline;\">Pr\u00e9sent dans le(s) d\u00e9partement(s) suivant(s) :<\/span><\/strong><br \/>\nAin, Aisne, Ard\u00e8che, Ardennes, Aube, Aveyron, Bas-Rhin, Calvados, Cantal, Charente, Charente-Maritime, Cher, Corr\u00e8ze, C\u00f4te-d&rsquo;Or, C\u00f4tes-d&rsquo;Armor, Creuse, Deux-S\u00e8vres, Dordogne, Doubs, Dr\u00f4me, Essonne, Eure, Eure-et-Loir, Finist\u00e8re, Haute-Loire, Haute-Marne, Haute-Sa\u00f4ne, Haute-Savoie, Haute-Vienne, Hauts-de-Seine, Ille-et-Vilaine, Indre, Indre-et-Loire, Is\u00e8re, Jura, Loire, Loire-Atlantique, Loiret, Loir-et-Cher, Lot, Lot-et-Garonne, Loz\u00e8re, Maine-et-Loire, Manche, Marne, Mayenne, Meurthe-et-Moselle, Meuse, Morbihan, Moselle, Ni\u00e8vre, Nord, Oise, Orne, Paris, Pas-de-Calais, Puy-de-D\u00f4me, Rh\u00f4ne, Sa\u00f4ne-et-Loire, Sarthe, Savoie, Seine-et-Marne, Seine-Maritime, Seine-Saint-Denis, Somme, Tarn-et-Garonne, Territoire-de-Belfort, Val-de-Marne, Val-d&rsquo;Oise, Vend\u00e9e, Vienne, Yonne, Yvelines.<br \/>\n<div id=\"attachment_3746\" style=\"width: 610px\" class=\"wp-caption aligncenter\"><a href=\"https:\/\/www.preservons-la-nature.fr\/blog\/?attachment_id=3746\" rel=\"attachment wp-att-3746\"><img loading=\"lazy\" decoding=\"async\" aria-describedby=\"caption-attachment-3746\" src=\"https:\/\/www.preservons-la-nature.fr\/blog\/wp-content\/uploads\/2014\/07\/carte9.jpg\" alt=\"R\u00e9partition d&#039;Hypericum humifusum L. ( Millepertuis couch\u00e9 )\" width=\"600\" height=\"600\" class=\"size-full wp-image-3746\" srcset=\"https:\/\/preservons-la-nature.fr\/blog\/wp-content\/uploads\/2014\/07\/carte9.jpg 600w, https:\/\/preservons-la-nature.fr\/blog\/wp-content\/uploads\/2014\/07\/carte9-150x150.jpg 150w, https:\/\/preservons-la-nature.fr\/blog\/wp-content\/uploads\/2014\/07\/carte9-300x300.jpg 300w\" sizes=\"auto, (max-width: 600px) 100vw, 600px\" \/><\/a><p id=\"caption-attachment-3746\" class=\"wp-caption-text\">R\u00e9partition d&rsquo;Hypericum humifusum L. ( Millepertuis couch\u00e9 )<\/p><\/div><br \/>\n<strong><span style=\"text-decoration: underline;\">Phytosociologie :<\/span><i><\/i><\/strong><\/p>\n<table>\n<tbody>\n<tr>\n<td>Alliance<\/td>\n<td>Ordre<\/td>\n<td>Classe<\/td>\n<\/tr>\n<tr>\n<td><strong>Cicendion filiformis<\/strong><\/td>\n<td><strong>Isoetetalia durieui<\/strong><\/td>\n<td><strong>Isoeto durieui-Juncetea bufonii<\/strong><\/td>\n<\/tr>\n<tr>\n<td>Communaut\u00e9s m\u00e9sohygrophiles de niveau topographique moyen \u00e0 sup\u00e9rieur.<\/td>\n<td>Communaut\u00e9s amphibies et hygrophiles m\u00e9diterran\u00e9ennes et thermo-atlantiques, des sols oligotrophes.<\/td>\n<td>V\u00e9g\u00e9tation pionni\u00e8re riche en annuelles, hygrophile \u00e0 m\u00e9sohygrophile, des sols exond\u00e9s ou humides, oligotrophes \u00e0 m\u00e9so-eutrophes.<\/td>\n<\/tr>\n<\/tbody>\n<\/table>\n<table>\n<tbody>\n<tr>\n<td>Classe<\/td>\n<\/tr>\n<tr>\n<td><strong>Isoeto durieui-Juncetea bufonii<\/strong><\/td>\n<\/tr>\n<tr>\n<td>V\u00e9g\u00e9tation pionni\u00e8re riche en annuelles, hygrophile \u00e0 m\u00e9sohygrophile, des sols exond\u00e9s ou humides, oligotrophes \u00e0 m\u00e9so-eutrophes.<\/td>\n<\/tr>\n<\/tbody>\n<\/table>\n<table>\n<tbody>\n<tr>\n<td>Alliance<\/td>\n<td>Ordre<\/td>\n<td>Classe<\/td>\n<\/tr>\n<tr>\n<td><strong>Juncion acutiflori<\/strong><\/td>\n<td><strong>Molinietalia caeruleae<\/strong><\/td>\n<td><strong>Molinio caeruleae-Juncetea acutiflori<\/strong><\/td>\n<\/tr>\n<tr>\n<td>Communaut\u00e9s atlantiques \u00e0 montagnardes sur sol m\u00e9sotrophe.<\/td>\n<td>Communaut\u00e9s non m\u00e9diterran\u00e9ennes sur sols tourbeux \u00e0 paratourbeux.<\/td>\n<td>Prairies hygrophiles \u00e0 m\u00e9sohygrophiles, sur sol oligotrophe \u00e0 m\u00e9sotrophe.<\/td>\n<\/tr>\n<\/tbody>\n<\/table>\n<table>\n<tbody>\n<tr>\n<td>Ordre<\/td>\n<td>Classe<\/td>\n<\/tr>\n<tr>\n<td><strong>Nanocyperetalia flavescentis<\/strong><\/td>\n<td><strong>Isoeto durieui-Juncetea bufonii<\/strong><\/td>\n<\/tr>\n<tr>\n<td>Communaut\u00e9s m\u00e9so-hygrophiles m\u00e9diterran\u00e9o-atlantiques \u00e0 continentales des sols de niveau topographique moyen.<\/td>\n<td>V\u00e9g\u00e9tation pionni\u00e8re riche en annuelles, hygrophile \u00e0 m\u00e9sohygrophile, des sols exond\u00e9s ou humides, oligotrophes \u00e0 m\u00e9so-eutrophes.<\/td>\n<\/tr>\n<\/tbody>\n<\/table>\n<table>\n<tbody>\n<tr>\n<td>Alliance<\/td>\n<td>Ordre<\/td>\n<td>Classe<\/td>\n<\/tr>\n<tr>\n<td><strong>Radiolion linoidis<\/strong><\/td>\n<td><strong>Nanocyperetalia flavescentis<\/strong><\/td>\n<td><strong>Isoeto durieui-Juncetea bufonii<\/strong><\/td>\n<\/tr>\n<tr>\n<td>Communaut\u00e9s des sols sableux acides m\u00e9sotrophes.<\/td>\n<td>Communaut\u00e9s m\u00e9so-hygrophiles m\u00e9diterran\u00e9o-atlantiques \u00e0 continentales des sols de niveau topographique moyen.<\/td>\n<td>V\u00e9g\u00e9tation pionni\u00e8re riche en annuelles, hygrophile \u00e0 m\u00e9sohygrophile, des sols exond\u00e9s ou humides, oligotrophes \u00e0 m\u00e9so-eutrophes.<\/td>\n<\/tr>\n<\/tbody>\n<\/table>\n<table>\n<tbody>\n<tr>\n<td>Alliance<\/td>\n<td>Ordre<\/td>\n<td>Classe<\/td>\n<\/tr>\n<tr>\n<td><strong>Scleranthion annui<\/strong><\/td>\n<td><strong>Aperetalia spicae-venti<\/strong><\/td>\n<td><strong>Stellarietea mediae<\/strong><\/td>\n<\/tr>\n<tr>\n<td>Communaut\u00e9s eurosib\u00e9riennes.<\/td>\n<td>Communaut\u00e9s des cultures et moissons sur sols sablonneux plus ou moins acides.<\/td>\n<td>V\u00e9g\u00e9tation annuelle, nitrophile, commensale des cultures annuelles ou sarcl\u00e9es.<\/td>\n<\/tr>\n<\/tbody>\n<\/table>\n<p><strong><span style=\"text-decoration: underline;\">Taxonomie :<\/span><\/strong><br \/>\n<i>Hypericum humifusum L.<\/i> a pour synonymes (Informations issues de la BDTFX Version 2.0, <a href=\"http:\/\/www.tela-botanica.org\" target=\"_blank\">Tela Botanica<\/a>) :<i><br \/>\n&#8211; Hypericum decumbens Peterm.<br \/>\n&#8211; Hypericum exiguum Bubani<br \/>\n&#8211; Hypericum humifusum proles liottardii (Vill.) Rouy &amp; Foucaud<br \/>\n&#8211; Hypericum humifusum subsp. liottardii (Vill.) Bonnier<br \/>\n&#8211; Hypericum humifusum var. ambiguum Gillot<br \/>\n&#8211; Hypericum humifusum var. australe Willk.<br \/>\n&#8211; Hypericum humifusum var. calycinum Willk.<br \/>\n&#8211; Hypericum humifusum var. decumbens (Peterm.) Rchb.<br \/>\n&#8211; Hypericum humifusum var. liottardii (Vill.) Vill.<br \/>\n&#8211; Hypericum liottardii Vill.<br \/>\n&#8211; Hypericum losae Sennen ex Losa<br \/>\n<\/i><\/p>\n","protected":false},"excerpt":{"rendered":"<p>Une fiche plus r&eacute;cente existe, vous pouvez la consulter ICI Nom : Hypericum humifusum L. ( Millepertuis couch\u00e9 ) Autre(s) nom(s) : Petit Millepertuis. Famille : HYPERICACEAE Floraison : Juin &#8211; Septembre Forme biologique : Th\u00e9rophyte. Description dans la flore &hellip; <a href=\"https:\/\/preservons-la-nature.fr\/blog\/?p=3743\">Continuer la lecture <span class=\"meta-nav\">&rarr;<\/span><\/a><\/p>\n","protected":false},"author":1,"featured_media":0,"comment_status":"open","ping_status":"open","sticky":false,"template":"","format":"standard","meta":{"footnotes":""},"categories":[102],"tags":[70],"class_list":["post-3743","post","type-post","status-publish","format-standard","hentry","category-fiche-partielle-de-plantes","tag-hypericacees"],"_links":{"self":[{"href":"https:\/\/preservons-la-nature.fr\/blog\/index.php?rest_route=\/wp\/v2\/posts\/3743","targetHints":{"allow":["GET"]}}],"collection":[{"href":"https:\/\/preservons-la-nature.fr\/blog\/index.php?rest_route=\/wp\/v2\/posts"}],"about":[{"href":"https:\/\/preservons-la-nature.fr\/blog\/index.php?rest_route=\/wp\/v2\/types\/post"}],"author":[{"embeddable":true,"href":"https:\/\/preservons-la-nature.fr\/blog\/index.php?rest_route=\/wp\/v2\/users\/1"}],"replies":[{"embeddable":true,"href":"https:\/\/preservons-la-nature.fr\/blog\/index.php?rest_route=%2Fwp%2Fv2%2Fcomments&post=3743"}],"version-history":[{"count":1,"href":"https:\/\/preservons-la-nature.fr\/blog\/index.php?rest_route=\/wp\/v2\/posts\/3743\/revisions"}],"predecessor-version":[{"id":3747,"href":"https:\/\/preservons-la-nature.fr\/blog\/index.php?rest_route=\/wp\/v2\/posts\/3743\/revisions\/3747"}],"wp:attachment":[{"href":"https:\/\/preservons-la-nature.fr\/blog\/index.php?rest_route=%2Fwp%2Fv2%2Fmedia&parent=3743"}],"wp:term":[{"taxonomy":"category","embeddable":true,"href":"https:\/\/preservons-la-nature.fr\/blog\/index.php?rest_route=%2Fwp%2Fv2%2Fcategories&post=3743"},{"taxonomy":"post_tag","embeddable":true,"href":"https:\/\/preservons-la-nature.fr\/blog\/index.php?rest_route=%2Fwp%2Fv2%2Ftags&post=3743"}],"curies":[{"name":"wp","href":"https:\/\/api.w.org\/{rel}","templated":true}]}}