{"id":3733,"date":"2014-07-21T00:48:04","date_gmt":"2014-07-20T23:48:04","guid":{"rendered":"https:\/\/www.preservons-la-nature.fr\/blog\/?p=3733"},"modified":"2014-07-03T07:53:03","modified_gmt":"2014-07-03T06:53:03","slug":"bellevalia-romana-l-rchb-bellevalia-de-rome","status":"publish","type":"post","link":"https:\/\/preservons-la-nature.fr\/blog\/?p=3733","title":{"rendered":"Bellevalia romana (L.) Rchb. ( Bellevalia de Rome )"},"content":{"rendered":"<p><STRONG>Une fiche plus r&eacute;cente existe, vous pouvez la consulter <a href=\"https:\/\/www.preservons-la-nature.fr\/flore\/taxon\/1779.html\">ICI<\/a><\/STRONG><div id=\"attachment_3735\" style=\"width: 549px\" class=\"wp-caption aligncenter\"><a href=\"https:\/\/www.preservons-la-nature.fr\/blog\/wp-content\/uploads\/2014\/07\/DSC08697.jpg\" target=\"_blank\"><img loading=\"lazy\" decoding=\"async\" aria-describedby=\"caption-attachment-3735\" class=\"wp-image-3735 \" title=\"Bellevalia romana (L.) Rchb. ( Bellevalia de Rome )\" src=\"https:\/\/www.preservons-la-nature.fr\/blog\/wp-content\/uploads\/2014\/07\/DSC08697.jpg\" alt=\"Bellevalia romana (L.) Rchb. ( Bellevalia de Rome )\" width=\"539\" height=\"809\" srcset=\"https:\/\/preservons-la-nature.fr\/blog\/wp-content\/uploads\/2014\/07\/DSC08697.jpg 667w, https:\/\/preservons-la-nature.fr\/blog\/wp-content\/uploads\/2014\/07\/DSC08697-200x300.jpg 200w, https:\/\/preservons-la-nature.fr\/blog\/wp-content\/uploads\/2014\/07\/DSC08697-533x800.jpg 533w\" sizes=\"auto, (max-width: 539px) 100vw, 539px\" \/><\/a><p id=\"caption-attachment-3735\" class=\"wp-caption-text\">Bellevalia romana (L.) Rchb. ( Bellevalia de Rome )<\/p><\/div><\/p>\n<p><strong><span style=\"text-decoration: underline;\">Nom :<\/span><\/strong> <i>Bellevalia romana (L.) Rchb.<\/i> ( Bellevalia de Rome )<\/p>\n<p><strong><span style=\"text-decoration: underline;\">Autre(s) nom(s) :<\/span><\/strong><br \/>\nJacinthe romaine.<\/p>\n<p><strong><span style=\"text-decoration: underline;\">Famille :<\/span><\/strong> ASPARAGACEAE<\/p>\n<p><strong><span style=\"text-decoration: underline;\">Floraison :<\/span><\/strong> Avril &#8211; Mai<\/p>\n<p><strong><span style=\"text-decoration: underline;\">Protection :<\/span><\/strong><br \/>\n&#8211; Liste des esp\u00e8ces v\u00e9g\u00e9tales prot\u00e9g\u00e9es sur l&rsquo;ensemble du territoire fran\u00e7ais m\u00e9tropolitain Article 1<br \/>\n&#8211; Liste rouge fran\u00e7aise IUCN 2012 NT<\/p>\n<p><strong><span style=\"text-decoration: underline;\">Description dans la flore de Coste :<\/span><\/strong><br \/>\nPlante vivace de 20-50 cm, glabre, \u00e0 bulbe gros, ovale, brun ; feuilles 4-5, longuement lin\u00e9aires, lanc\u00e9ol\u00e9es, canalicul\u00e9es, larges de 5-15 mm, lisses, d\u00e9passant la tige ; fleurs d&rsquo;un blanc verd\u00e2tre, violac\u00e9es \u00e0 la base, toujours dress\u00e9es, en grappe conique, \u00e0 la fin allong\u00e9e et l\u00e2che ; p\u00e9dicelles longs de 6-15 mm, dress\u00e9s-\u00e9tal\u00e9s, aussi longs ou un peu plus longs que la fleur ; bract\u00e9oles minuscules ; p\u00e9rianthe long de 6-9 mm, en cloche, \u00e0 lobes lanc\u00e9ol\u00e9s subaigus aussi longs que le tube ; filets plus longs que l&rsquo;anth\u00e8re violac\u00e9e ; capsule suborbiculaire-trigone.<\/p>\n<div id=\"attachment_3734\" style=\"width: 543px\" class=\"wp-caption aligncenter\"><a href=\"https:\/\/www.preservons-la-nature.fr\/blog\/wp-content\/uploads\/2014\/07\/DSC00247.jpg\" target=\"_blank\"><img loading=\"lazy\" decoding=\"async\" aria-describedby=\"caption-attachment-3734\" class=\"wp-image-3734 \" title=\"Bellevalia romana (L.) Rchb. ( Bellevalia de Rome )\" src=\"https:\/\/www.preservons-la-nature.fr\/blog\/wp-content\/uploads\/2014\/07\/DSC00247.jpg\" alt=\"Bellevalia romana (L.) Rchb. ( Bellevalia de Rome )\" width=\"533\" height=\"800\" srcset=\"https:\/\/preservons-la-nature.fr\/blog\/wp-content\/uploads\/2014\/07\/DSC00247.jpg 667w, https:\/\/preservons-la-nature.fr\/blog\/wp-content\/uploads\/2014\/07\/DSC00247-200x300.jpg 200w, https:\/\/preservons-la-nature.fr\/blog\/wp-content\/uploads\/2014\/07\/DSC00247-533x800.jpg 533w\" sizes=\"auto, (max-width: 533px) 100vw, 533px\" \/><\/a><p id=\"caption-attachment-3734\" class=\"wp-caption-text\">Bellevalia romana (L.) Rchb. ( Bellevalia de Rome )<\/p><\/div>\n<p><strong><span style=\"text-decoration: underline;\">Pr\u00e9sent dans le(s) d\u00e9partement(s) suivant(s) :<\/span><\/strong><br \/>\nAlpes-Maritimes, Ari\u00e8ge, Aude, Bouches-du-Rh\u00f4ne, Corse-du-Sud, Dordogne, Gers, Gironde, Haute-Corse, Haute-Garonne, Hautes-Pyr\u00e9n\u00e9es, H\u00e9rault, Lot, Lot-et-Garonne, Pyr\u00e9n\u00e9es-Orientales, Tarn, Tarn-et-Garonne, Var.<\/p>\n<div id=\"attachment_3737\" style=\"width: 610px\" class=\"wp-caption aligncenter\"><a href=\"https:\/\/www.preservons-la-nature.fr\/blog\/?attachment_id=3737\" rel=\"attachment wp-att-3737\"><img loading=\"lazy\" decoding=\"async\" aria-describedby=\"caption-attachment-3737\" class=\"size-full wp-image-3737\" src=\"https:\/\/www.preservons-la-nature.fr\/blog\/wp-content\/uploads\/2014\/07\/carte7.jpg\" alt=\"R\u00e9partition de Bellevalia romana (L.) Rchb. ( Bellevalia de Rome )\" width=\"600\" height=\"600\" srcset=\"https:\/\/preservons-la-nature.fr\/blog\/wp-content\/uploads\/2014\/07\/carte7.jpg 600w, https:\/\/preservons-la-nature.fr\/blog\/wp-content\/uploads\/2014\/07\/carte7-150x150.jpg 150w, https:\/\/preservons-la-nature.fr\/blog\/wp-content\/uploads\/2014\/07\/carte7-300x300.jpg 300w\" sizes=\"auto, (max-width: 600px) 100vw, 600px\" \/><\/a><p id=\"caption-attachment-3737\" class=\"wp-caption-text\">R\u00e9partition de Bellevalia romana (L.) Rchb. ( Bellevalia de Rome )<\/p><\/div>\n<p><strong><span style=\"text-decoration: underline;\">Taxonomie :<\/span><\/strong><br \/>\n<i>Bellevalia romana (L.) Rchb.<\/i> a pour synonymes (Informations issues de la BDTFX Version 2.0, <a href=\"http:\/\/www.tela-botanica.org\" target=\"_blank\">Tela Botanica<\/a>) :<i><br \/>\n&#8211; Bellevalia appendiculata Lapeyr.<br \/>\n&#8211; Bellevalia operculata Lapeyr.<br \/>\n&#8211; Hyacinthus romanus L.<br \/>\n&#8211; Rytidolobus appendiculatus Dulac<br \/>\n&#8211; Scilla romana (L.) Ker Gawl.<br \/>\n<\/i><\/p>\n<div id=\"attachment_3736\" style=\"width: 533px\" class=\"wp-caption aligncenter\"><a href=\"https:\/\/www.preservons-la-nature.fr\/blog\/wp-content\/uploads\/2014\/07\/DSC08699.jpg\" target=\"_blank\"><img loading=\"lazy\" decoding=\"async\" aria-describedby=\"caption-attachment-3736\" class=\"wp-image-3736 \" title=\"Bellevalia romana (L.) Rchb. ( Bellevalia de Rome )\" src=\"https:\/\/www.preservons-la-nature.fr\/blog\/wp-content\/uploads\/2014\/07\/DSC08699.jpg\" alt=\"Bellevalia romana (L.) Rchb. ( Bellevalia de Rome )\" width=\"523\" height=\"785\" srcset=\"https:\/\/preservons-la-nature.fr\/blog\/wp-content\/uploads\/2014\/07\/DSC08699.jpg 667w, https:\/\/preservons-la-nature.fr\/blog\/wp-content\/uploads\/2014\/07\/DSC08699-200x300.jpg 200w, https:\/\/preservons-la-nature.fr\/blog\/wp-content\/uploads\/2014\/07\/DSC08699-533x800.jpg 533w\" sizes=\"auto, (max-width: 523px) 100vw, 523px\" \/><\/a><p id=\"caption-attachment-3736\" class=\"wp-caption-text\">Bellevalia romana (L.) Rchb. ( Bellevalia de Rome )<\/p><\/div>\n","protected":false},"excerpt":{"rendered":"<p>Une fiche plus r&eacute;cente existe, vous pouvez la consulter ICI Nom : Bellevalia romana (L.) Rchb. ( Bellevalia de Rome ) Autre(s) nom(s) : Jacinthe romaine. Famille : ASPARAGACEAE Floraison : Avril &#8211; Mai Protection : &#8211; Liste des esp\u00e8ces &hellip; <a href=\"https:\/\/preservons-la-nature.fr\/blog\/?p=3733\">Continuer la lecture <span class=\"meta-nav\">&rarr;<\/span><\/a><\/p>\n","protected":false},"author":1,"featured_media":0,"comment_status":"open","ping_status":"open","sticky":false,"template":"","format":"standard","meta":{"footnotes":""},"categories":[102],"tags":[112],"class_list":["post-3733","post","type-post","status-publish","format-standard","hentry","category-fiche-partielle-de-plantes","tag-asparagaceae"],"_links":{"self":[{"href":"https:\/\/preservons-la-nature.fr\/blog\/index.php?rest_route=\/wp\/v2\/posts\/3733","targetHints":{"allow":["GET"]}}],"collection":[{"href":"https:\/\/preservons-la-nature.fr\/blog\/index.php?rest_route=\/wp\/v2\/posts"}],"about":[{"href":"https:\/\/preservons-la-nature.fr\/blog\/index.php?rest_route=\/wp\/v2\/types\/post"}],"author":[{"embeddable":true,"href":"https:\/\/preservons-la-nature.fr\/blog\/index.php?rest_route=\/wp\/v2\/users\/1"}],"replies":[{"embeddable":true,"href":"https:\/\/preservons-la-nature.fr\/blog\/index.php?rest_route=%2Fwp%2Fv2%2Fcomments&post=3733"}],"version-history":[{"count":1,"href":"https:\/\/preservons-la-nature.fr\/blog\/index.php?rest_route=\/wp\/v2\/posts\/3733\/revisions"}],"predecessor-version":[{"id":3738,"href":"https:\/\/preservons-la-nature.fr\/blog\/index.php?rest_route=\/wp\/v2\/posts\/3733\/revisions\/3738"}],"wp:attachment":[{"href":"https:\/\/preservons-la-nature.fr\/blog\/index.php?rest_route=%2Fwp%2Fv2%2Fmedia&parent=3733"}],"wp:term":[{"taxonomy":"category","embeddable":true,"href":"https:\/\/preservons-la-nature.fr\/blog\/index.php?rest_route=%2Fwp%2Fv2%2Fcategories&post=3733"},{"taxonomy":"post_tag","embeddable":true,"href":"https:\/\/preservons-la-nature.fr\/blog\/index.php?rest_route=%2Fwp%2Fv2%2Ftags&post=3733"}],"curies":[{"name":"wp","href":"https:\/\/api.w.org\/{rel}","templated":true}]}}