{"id":3728,"date":"2014-07-20T00:20:56","date_gmt":"2014-07-19T23:20:56","guid":{"rendered":"https:\/\/www.preservons-la-nature.fr\/blog\/?p=3728"},"modified":"2014-10-29T12:42:17","modified_gmt":"2014-10-29T11:42:17","slug":"hordeum-secalinum-schreb-orge-faux-seigle","status":"publish","type":"post","link":"https:\/\/preservons-la-nature.fr\/blog\/?p=3728","title":{"rendered":"Hordeum secalinum Schreb. ( Orge faux seigle )"},"content":{"rendered":"<p><STRONG>Une fiche plus r&eacute;cente existe, vous pouvez la consulter <a href=\"https:\/\/www.preservons-la-nature.fr\/flore\/taxon\/558.html\">ICI<\/a><\/STRONG><div id=\"attachment_3729\" style=\"width: 565px\" class=\"wp-caption aligncenter\"><a href=\"https:\/\/www.preservons-la-nature.fr\/blog\/wp-content\/uploads\/2014\/07\/DSC08770.jpg\" target=\"_blank\"><img loading=\"lazy\" decoding=\"async\" aria-describedby=\"caption-attachment-3729\" class=\"wp-image-3729 \" title=\"Hordeum secalinum Schreb. ( Orge faux seigle )\" src=\"https:\/\/www.preservons-la-nature.fr\/blog\/wp-content\/uploads\/2014\/07\/DSC08770.jpg\" alt=\"Hordeum secalinum Schreb. ( Orge faux seigle )\" width=\"555\" height=\"833\" srcset=\"https:\/\/preservons-la-nature.fr\/blog\/wp-content\/uploads\/2014\/07\/DSC08770.jpg 667w, https:\/\/preservons-la-nature.fr\/blog\/wp-content\/uploads\/2014\/07\/DSC08770-200x300.jpg 200w, https:\/\/preservons-la-nature.fr\/blog\/wp-content\/uploads\/2014\/07\/DSC08770-533x800.jpg 533w\" sizes=\"auto, (max-width: 555px) 100vw, 555px\" \/><\/a><p id=\"caption-attachment-3729\" class=\"wp-caption-text\">Hordeum secalinum Schreb. ( Orge faux seigle )<\/p><\/div><\/p>\n<p><strong><span style=\"text-decoration: underline;\">Nom :<\/span><\/strong> <i>Hordeum secalinum Schreb.<\/i> ( Orge faux seigle )<\/p>\n<p><strong><span style=\"text-decoration: underline;\">Famille :<\/span><\/strong> POACEAE<\/p>\n<p><strong><span style=\"text-decoration: underline;\">Floraison :<\/span><\/strong> Mai &#8211; Juillet<\/p>\n<p><strong><span style=\"text-decoration: underline;\">Forme biologique :<\/span><\/strong><br \/>\nH\u00e9micryptophyte.<\/p>\n<p><strong><span style=\"text-decoration: underline;\">Protection :<\/span><\/strong><br \/>\n&#8211; Liste des esp\u00e8ces v\u00e9g\u00e9tales prot\u00e9g\u00e9es en r\u00e9gion Alsace Article 1 (1993)<br \/>\n&#8211; Liste rouge europ\u00e9enne IUCN 2012 LC<\/p>\n<p><strong><span style=\"text-decoration: underline;\">Description dans la flore de Coste :<\/span><\/strong><br \/>\nPlante vivace de 40 \u00e0 80 cm de hauteur, verte, \u00e0 souche gazonnante et \u00e0 tiges gr\u00eales, dress\u00e9es ou ascendantes, nues au sommet. Feuilles planes, \u00e9troites, pubescentes au moins sur les gaines inf\u00e9rieures et \u00e0 ligule courte, tronqu\u00e9e. \u00c9pi assez gr\u00eale, cylindrac\u00e9, \u00e0 axe peu fragile. \u00c9pillet moyen seul fertile, sessile, assez longuement arist\u00e9 , les lat\u00e9raux plus petits, st\u00e9riles, p\u00e9dicell\u00e9s, bri\u00e8vement arist\u00e9s. Glumes toutes \u00e9gales, s\u00e9tac\u00e9es, scabres, non cili\u00e9es. Glumelle de l&rsquo;\u00e9pillet moyen \u00e0 ar\u00eate aussi longue qu&rsquo;elle et que les glumes, celle des lat\u00e9raux \u00e0 ar\u00eate bien plus courte qu&rsquo;elle. Caryopse oblong.<\/p>\n<div id=\"attachment_3730\" style=\"width: 571px\" class=\"wp-caption aligncenter\"><a href=\"https:\/\/www.preservons-la-nature.fr\/blog\/wp-content\/uploads\/2014\/07\/DSC08770-2.jpg\" target=\"_blank\"><img loading=\"lazy\" decoding=\"async\" aria-describedby=\"caption-attachment-3730\" class=\"wp-image-3730 \" title=\"Hordeum secalinum Schreb. ( Orge faux seigle )\" src=\"https:\/\/www.preservons-la-nature.fr\/blog\/wp-content\/uploads\/2014\/07\/DSC08770-2.jpg\" alt=\"Hordeum secalinum Schreb. ( Orge faux seigle )\" width=\"561\" height=\"842\" srcset=\"https:\/\/preservons-la-nature.fr\/blog\/wp-content\/uploads\/2014\/07\/DSC08770-2.jpg 667w, https:\/\/preservons-la-nature.fr\/blog\/wp-content\/uploads\/2014\/07\/DSC08770-2-200x300.jpg 200w, https:\/\/preservons-la-nature.fr\/blog\/wp-content\/uploads\/2014\/07\/DSC08770-2-533x800.jpg 533w\" sizes=\"auto, (max-width: 561px) 100vw, 561px\" \/><\/a><p id=\"caption-attachment-3730\" class=\"wp-caption-text\">Hordeum secalinum Schreb. ( Orge faux seigle )<\/p><\/div>\n<p><strong><span style=\"text-decoration: underline;\">Pr\u00e9sent dans le(s) d\u00e9partement(s) suivant(s) :<\/span><\/strong><br \/>\nAin, Aisne, Allier, Alpes-de-Haute-Provence, Alpes-Maritimes, Ard\u00e8che, Ardennes, Aube, Bouches-du-Rh\u00f4ne, Calvados, Charente, Charente-Maritime, Cher, C\u00f4te-d&rsquo;Or, C\u00f4tes-d&rsquo;Armor, Deux-S\u00e8vres, Dordogne, Doubs, Dr\u00f4me, Essonne, Eure, Eure-et-Loir, Finist\u00e8re, Gironde, Haute-Corse, Haute-Loire, Haute-Marne, Hautes-Alpes, Haute-Sa\u00f4ne, Haute-Savoie, Ille-et-Vilaine, Indre, Indre-et-Loire, Jura, Loire, Loire-Atlantique, Loiret, Loir-et-Cher, Lot, Lot-et-Garonne, Maine-et-Loire, Manche, Marne, Mayenne, Meurthe-et-Moselle, Meuse, Morbihan, Moselle, Ni\u00e8vre, Nord, Oise, Orne, Pas-de-Calais, Rh\u00f4ne, Sa\u00f4ne-et-Loire, Sarthe, Seine-et-Marne, Seine-Maritime, Seine-Saint-Denis, Somme, Tarn-et-Garonne, Val-d&rsquo;Oise, Var, Vaucluse, Vend\u00e9e, Vienne, Vosges, Yonne, Yvelines.<\/p>\n<div id=\"attachment_3731\" style=\"width: 610px\" class=\"wp-caption aligncenter\"><a href=\"https:\/\/www.preservons-la-nature.fr\/blog\/?attachment_id=3731\" rel=\"attachment wp-att-3731\"><img loading=\"lazy\" decoding=\"async\" aria-describedby=\"caption-attachment-3731\" class=\"size-full wp-image-3731\" src=\"https:\/\/www.preservons-la-nature.fr\/blog\/wp-content\/uploads\/2014\/07\/carte6.jpg\" alt=\"R\u00e9partition de Hordeum secalinum Schreb. ( Orge faux seigle )\" width=\"600\" height=\"600\" srcset=\"https:\/\/preservons-la-nature.fr\/blog\/wp-content\/uploads\/2014\/07\/carte6.jpg 600w, https:\/\/preservons-la-nature.fr\/blog\/wp-content\/uploads\/2014\/07\/carte6-150x150.jpg 150w, https:\/\/preservons-la-nature.fr\/blog\/wp-content\/uploads\/2014\/07\/carte6-300x300.jpg 300w\" sizes=\"auto, (max-width: 600px) 100vw, 600px\" \/><\/a><p id=\"caption-attachment-3731\" class=\"wp-caption-text\">R\u00e9partition de Hordeum secalinum Schreb. ( Orge faux seigle )<\/p><\/div>\n<p><strong><span style=\"text-decoration: underline;\">Phytosociologie :<\/span><i><\/i><\/strong><\/p>\n<table>\n<tbody>\n<tr>\n<td>Alliance<\/td>\n<td>Ordre<\/td>\n<td>Classe<\/td>\n<\/tr>\n<tr>\n<td><strong>Alopecurion utriculati<\/strong><\/td>\n<td><strong>Potentillo anserinae-Polygonetalia avicularis<\/strong><\/td>\n<td><strong>Agrostietea stoloniferae<\/strong><\/td>\n<\/tr>\n<tr>\n<td>Communaut\u00e9s thermo-atlantiques.<\/td>\n<td>Prairies eurosib\u00e9riennes subissant des inondations de courte dur\u00e9e.<\/td>\n<td>V\u00e9g\u00e9tation prairiale des sols engorg\u00e9s ou inondables, essentiellement min\u00e9raux, m\u00e9sotrophes \u00e0 eutrophes.<\/td>\n<\/tr>\n<\/tbody>\n<\/table>\n<table>\n<tbody>\n<tr>\n<td>Alliance<\/td>\n<td>Ordre<\/td>\n<td>Classe<\/td>\n<\/tr>\n<tr>\n<td><strong>Arrhenatherion elatioris<\/strong><\/td>\n<td><strong>Arrhenatheretalia elatioris<\/strong><\/td>\n<td><strong>Arrhenatheretea elatioris<\/strong><\/td>\n<\/tr>\n<tr>\n<td>Communaut\u00e9s fauch\u00e9es collin\u00e9ennes \u00e0 submontagnardes.<\/td>\n<td>Prairies principalement fauch\u00e9es.<\/td>\n<td>V\u00e9g\u00e9tation prairiale, plus rarement de pelouses, m\u00e9sophile ou m\u00e9sohygrophile, m\u00e9sotrophe \u00e0 eutrophe.<\/td>\n<\/tr>\n<\/tbody>\n<\/table>\n<table>\n<tbody>\n<tr>\n<td>Alliance<\/td>\n<td>Ordre<\/td>\n<td>Classe<\/td>\n<\/tr>\n<tr>\n<td><strong>Bromion racemosi<\/strong><\/td>\n<td><strong>Potentillo anserinae-Polygonetalia avicularis<\/strong><\/td>\n<td><strong>Agrostietea stoloniferae<\/strong><\/td>\n<\/tr>\n<tr>\n<td>Communaut\u00e9s fauch\u00e9es atlantiques \u00e0 pr\u00e9continentales, surtout m\u00e9sotrophes.<\/td>\n<td>Prairies eurosib\u00e9riennes subissant des inondations de courte dur\u00e9e.<\/td>\n<td>V\u00e9g\u00e9tation prairiale des sols engorg\u00e9s ou inondables, essentiellement min\u00e9raux, m\u00e9sotrophes \u00e0 eutrophes.<\/td>\n<\/tr>\n<\/tbody>\n<\/table>\n<table>\n<tbody>\n<tr>\n<td>Sous-alliance<\/td>\n<td>Alliance<\/td>\n<td>Ordre<\/td>\n<td>Classe<\/td>\n<\/tr>\n<tr>\n<td><strong>Colchico autumnalis-Arrhenatherenion elatioris<\/strong><\/td>\n<td><strong>Arrhenatherion elatioris<\/strong><\/td>\n<td><strong>Arrhenatheretalia elatioris<\/strong><\/td>\n<td><strong>Arrhenatheretea elatioris<\/strong><\/td>\n<\/tr>\n<tr>\n<td>Communaut\u00e9s m\u00e9sohygrophiles.<\/td>\n<td>Communaut\u00e9s fauch\u00e9es collin\u00e9ennes \u00e0 submontagnardes.<\/td>\n<td>Prairies principalement fauch\u00e9es.<\/td>\n<td>V\u00e9g\u00e9tation prairiale, plus rarement de pelouses, m\u00e9sophile ou m\u00e9sohygrophile, m\u00e9sotrophe \u00e0 eutrophe.<\/td>\n<\/tr>\n<\/tbody>\n<\/table>\n<table>\n<tbody>\n<tr>\n<td>Alliance<\/td>\n<td>Ordre<\/td>\n<td>Classe<\/td>\n<\/tr>\n<tr>\n<td><strong>Cynosurion cristati<\/strong><\/td>\n<td><strong>Trifolio repentis-Phleetalia pratensis<\/strong><\/td>\n<td><strong>Arrhenatheretea elatioris<\/strong><\/td>\n<\/tr>\n<tr>\n<td>Communaut\u00e9s collin\u00e9ennes et montagnardes.<\/td>\n<td>Prairies p\u00e2tur\u00e9es.<\/td>\n<td>V\u00e9g\u00e9tation prairiale, plus rarement de pelouses, m\u00e9sophile ou m\u00e9sohygrophile, m\u00e9sotrophe \u00e0 eutrophe.<\/td>\n<\/tr>\n<\/tbody>\n<\/table>\n<p><strong><span style=\"text-decoration: underline;\">Taxonomie :<\/span><\/strong><br \/>\n<i>Hordeum secalinum Schreb.<\/i> a pour synonymes (Informations issues de la BDTFX Version 2.0, <a href=\"http:\/\/www.tela-botanica.org\" target=\"_blank\">Tela Botanica<\/a>) :<i><br \/>\n&#8211; Critesion secalinum (Schreb.) \u00c1.L\u00f6ve<br \/>\n&#8211; Frumentum pratense E.H.L.Krause<br \/>\n&#8211; Hordeum maritimum Roth<br \/>\n&#8211; Hordeum maximum Vill.<br \/>\n&#8211; Hordeum murinum subsp. secalinum (Schreb.) Bonnier &amp; Layens<br \/>\n&#8211; Hordeum murinum var. secalinum (Schreb.) Rich.<br \/>\n&#8211; Hordeum nodosum sensu Guin. &amp; R.Vilm.<br \/>\n&#8211; Hordeum nodosum var. secalinum (Schreb.) Maire<br \/>\n&#8211; Hordeum pratense Huds.<br \/>\n&#8211; Hordeum pratense var. maritimum (Roth) Steud.<br \/>\n&#8211; Hordeum pratense var. pubescens Peterm.<br \/>\n&#8211; Hordeum rothii Link<br \/>\n&#8211; Hordeum secalinum var. angustifolium J.T.Jansen &amp; Wacht.<br \/>\n&#8211; Hordeum secalinum var. distichum J.T.Jansen &amp; Wacht.<br \/>\n&#8211; Hordeum secalinum var. maritimum (Roth) W.D.J.Koch<br \/>\n&#8211; Hordeum secalinum var. pubescens N.H.F.Desp.<br \/>\n&#8211; Hordeum secalinum var. uniflorum Lojac.<br \/>\n&#8211; Hordeum sibiricum Roshev.<br \/>\n&#8211; Zeocriton secalinum (Schreb.) P.Beauv.<br \/>\n<\/i><\/p>\n","protected":false},"excerpt":{"rendered":"<p>Une fiche plus r&eacute;cente existe, vous pouvez la consulter ICI Nom : Hordeum secalinum Schreb. ( Orge faux seigle ) Famille : POACEAE Floraison : Mai &#8211; Juillet Forme biologique : H\u00e9micryptophyte. Protection : &#8211; Liste des esp\u00e8ces v\u00e9g\u00e9tales prot\u00e9g\u00e9es &hellip; <a href=\"https:\/\/preservons-la-nature.fr\/blog\/?p=3728\">Continuer la lecture <span class=\"meta-nav\">&rarr;<\/span><\/a><\/p>\n","protected":false},"author":1,"featured_media":0,"comment_status":"open","ping_status":"open","sticky":false,"template":"","format":"standard","meta":{"footnotes":""},"categories":[102],"tags":[80],"class_list":["post-3728","post","type-post","status-publish","format-standard","hentry","category-fiche-partielle-de-plantes","tag-poacees"],"_links":{"self":[{"href":"https:\/\/preservons-la-nature.fr\/blog\/index.php?rest_route=\/wp\/v2\/posts\/3728","targetHints":{"allow":["GET"]}}],"collection":[{"href":"https:\/\/preservons-la-nature.fr\/blog\/index.php?rest_route=\/wp\/v2\/posts"}],"about":[{"href":"https:\/\/preservons-la-nature.fr\/blog\/index.php?rest_route=\/wp\/v2\/types\/post"}],"author":[{"embeddable":true,"href":"https:\/\/preservons-la-nature.fr\/blog\/index.php?rest_route=\/wp\/v2\/users\/1"}],"replies":[{"embeddable":true,"href":"https:\/\/preservons-la-nature.fr\/blog\/index.php?rest_route=%2Fwp%2Fv2%2Fcomments&post=3728"}],"version-history":[{"count":2,"href":"https:\/\/preservons-la-nature.fr\/blog\/index.php?rest_route=\/wp\/v2\/posts\/3728\/revisions"}],"predecessor-version":[{"id":4123,"href":"https:\/\/preservons-la-nature.fr\/blog\/index.php?rest_route=\/wp\/v2\/posts\/3728\/revisions\/4123"}],"wp:attachment":[{"href":"https:\/\/preservons-la-nature.fr\/blog\/index.php?rest_route=%2Fwp%2Fv2%2Fmedia&parent=3728"}],"wp:term":[{"taxonomy":"category","embeddable":true,"href":"https:\/\/preservons-la-nature.fr\/blog\/index.php?rest_route=%2Fwp%2Fv2%2Fcategories&post=3728"},{"taxonomy":"post_tag","embeddable":true,"href":"https:\/\/preservons-la-nature.fr\/blog\/index.php?rest_route=%2Fwp%2Fv2%2Ftags&post=3728"}],"curies":[{"name":"wp","href":"https:\/\/api.w.org\/{rel}","templated":true}]}}