{"id":3723,"date":"2014-07-19T00:59:10","date_gmt":"2014-07-18T23:59:10","guid":{"rendered":"https:\/\/www.preservons-la-nature.fr\/blog\/?p=3723"},"modified":"2014-07-02T08:05:06","modified_gmt":"2014-07-02T07:05:06","slug":"herniaria-glabra-l-herniole","status":"publish","type":"post","link":"https:\/\/preservons-la-nature.fr\/blog\/?p=3723","title":{"rendered":"Herniaria glabra L. ( Herniole )"},"content":{"rendered":"<p><STRONG>Une fiche plus r&eacute;cente existe, vous pouvez la consulter <a href=\"https:\/\/www.preservons-la-nature.fr\/flore\/taxon\/1337.html\">ICI<\/a><\/STRONG><div id=\"attachment_3724\" style=\"width: 1010px\" class=\"wp-caption aligncenter\"><a href=\"https:\/\/www.preservons-la-nature.fr\/blog\/wp-content\/uploads\/2014\/07\/DSC07961.jpg\" target=\"_blank\"><img loading=\"lazy\" decoding=\"async\" aria-describedby=\"caption-attachment-3724\" class=\"wp-image-3724 size-full\" title=\"Herniaria glabra L. ( Herniole )\" src=\"https:\/\/www.preservons-la-nature.fr\/blog\/wp-content\/uploads\/2014\/07\/DSC07961.jpg\" alt=\"Herniaria glabra L. ( Herniole )\" width=\"1000\" height=\"667\" srcset=\"https:\/\/preservons-la-nature.fr\/blog\/wp-content\/uploads\/2014\/07\/DSC07961.jpg 1000w, https:\/\/preservons-la-nature.fr\/blog\/wp-content\/uploads\/2014\/07\/DSC07961-300x200.jpg 300w\" sizes=\"auto, (max-width: 1000px) 100vw, 1000px\" \/><\/a><p id=\"caption-attachment-3724\" class=\"wp-caption-text\">Herniaria glabra L. ( Herniole )<\/p><\/div><\/p>\n<p><strong><span style=\"text-decoration: underline;\">Nom :<\/span><\/strong> <i>Herniaria glabra L.<\/i> ( Herniole )<\/p>\n<p><strong><span style=\"text-decoration: underline;\">Autre(s) nom(s) :<\/span><\/strong><br \/>\nTurquette.<\/p>\n<p><strong><span style=\"text-decoration: underline;\">Famille :<\/span><\/strong> CARYOPHYLLACEAE<\/p>\n<p><strong><span style=\"text-decoration: underline;\">Floraison :<\/span><\/strong> Mai &#8211; Septembre<\/p>\n<p><strong><span style=\"text-decoration: underline;\">Description dans la flore de Coste :<\/span><\/strong><br \/>\nPlante p\u00e9rennante ou vivace de 5-20 cm, glabre ou glabrescente, d&rsquo;un vert clair, \u00e0 racine gr\u00eale ou un peu \u00e9paisse ; tiges gr\u00eales, couch\u00e9es-\u00e9tal\u00e9es ; feuilles glabres, oblongues ou lanc\u00e9ol\u00e9es, att\u00e9nu\u00e9es \u00e0 la base, oppos\u00e9es, les sup\u00e9rieures ordinairement alternes ; stipules petites, ovales, cili\u00e9es ; fleurs tr\u00e8s petites, sessiles, en glom\u00e9rules multiflores, oblongs, dispos\u00e9s en grappe le long des ramuscules ; s\u00e9pales oblongs, obtus, glabres, jaun\u00e2tres int\u00e9rieurement, \u00e9troitement margin\u00e9s-blanch\u00e2tres.<\/p>\n<p><strong><span style=\"text-decoration: underline;\">Pr\u00e9sent dans le(s) d\u00e9partement(s) suivant(s) :<\/span><\/strong><br \/>\nAisne, Allier, Alpes-de-Haute-Provence, Alpes-Maritimes, Ardennes, Aube, Bas-Rhin, Bouches-du-Rh\u00f4ne, Calvados, Cantal, Charente, Charente-Maritime, Cher, C\u00f4te-d&rsquo;Or, Creuse, Doubs, Essonne, Eure, Eure-et-Loir, Finist\u00e8re, Haute-Loire, Haute-Marne, Hautes-Alpes, Haute-Sa\u00f4ne, Haute-Vienne, Ille-et-Vilaine, Indre, Indre-et-Loire, Is\u00e8re, Jura, Loire-Atlantique, Loiret, Loir-et-Cher, Lot, Loz\u00e8re, Maine-et-Loire, Manche, Marne, Mayenne, Meurthe-et-Moselle, Meuse, Morbihan, Moselle, Ni\u00e8vre, Nord, Oise, Orne, Paris, Pas-de-Calais, Puy-de-D\u00f4me, Pyr\u00e9n\u00e9es-Orientales, Sa\u00f4ne-et-Loire, Sarthe, Seine-et-Marne, Seine-Maritime, Seine-Saint-Denis, Somme, Tarn-et-Garonne, Territoire-de-Belfort, Val-de-Marne, Val-d&rsquo;Oise, Var, Vaucluse, Vend\u00e9e, Vienne, Yonne, Yvelines.<\/p>\n<div id=\"attachment_3725\" style=\"width: 610px\" class=\"wp-caption aligncenter\"><a href=\"https:\/\/www.preservons-la-nature.fr\/blog\/?attachment_id=3725\" rel=\"attachment wp-att-3725\"><img loading=\"lazy\" decoding=\"async\" aria-describedby=\"caption-attachment-3725\" class=\"size-full wp-image-3725\" src=\"https:\/\/www.preservons-la-nature.fr\/blog\/wp-content\/uploads\/2014\/07\/carte5.jpg\" alt=\"R\u00e9partition de Herniaria glabra L. ( Herniole )\" width=\"600\" height=\"600\" srcset=\"https:\/\/preservons-la-nature.fr\/blog\/wp-content\/uploads\/2014\/07\/carte5.jpg 600w, https:\/\/preservons-la-nature.fr\/blog\/wp-content\/uploads\/2014\/07\/carte5-150x150.jpg 150w, https:\/\/preservons-la-nature.fr\/blog\/wp-content\/uploads\/2014\/07\/carte5-300x300.jpg 300w\" sizes=\"auto, (max-width: 600px) 100vw, 600px\" \/><\/a><p id=\"caption-attachment-3725\" class=\"wp-caption-text\">R\u00e9partition de Herniaria glabra L. ( Herniole )<\/p><\/div>\n<p><strong><span style=\"text-decoration: underline;\">Phytosociologie :<\/span><i><\/i><\/strong><\/p>\n<table>\n<tbody>\n<tr>\n<td>Ordre<\/td>\n<td>Classe<\/td>\n<\/tr>\n<tr>\n<td><strong>Corynephoretalia canescentis<\/strong><\/td>\n<td><strong>Koelerio glaucae-Corynephoretea canescentis<\/strong><\/td>\n<\/tr>\n<tr>\n<td>Communaut\u00e9s tr\u00e8s ouvertes de l&rsquo;int\u00e9rieur des terres, souvent riches en Lichens et Bryophytes.<\/td>\n<td>Pelouses pionni\u00e8res, \u00e0 dominance d\u2019h\u00e9micryptophytes (plus ou moins riches en annuelles), atlantiques \u00e0 m\u00e9dioeurop\u00e9ennes, sur sables plus ou moins stabilis\u00e9s.<\/td>\n<\/tr>\n<\/tbody>\n<\/table>\n<table>\n<tbody>\n<tr>\n<td>Alliance<\/td>\n<td>Ordre<\/td>\n<td>Classe<\/td>\n<\/tr>\n<tr>\n<td><strong>Polygono arenastri-Coronopodion squamati<\/strong><\/td>\n<td><strong>Polygono arenastri-Poetalia annuae<\/strong><\/td>\n<td><strong>Polygono arenastri-Poetea annuae<\/strong><\/td>\n<\/tr>\n<tr>\n<td>Communaut\u00e9s eurosib\u00e9riennes estivales.<\/td>\n<td>Communaut\u00e9s eurosib\u00e9riennes et m\u00e9diterran\u00e9ennes.<\/td>\n<td>V\u00e9g\u00e9tation annuelle subnitrophile des stations hyperpi\u00e9tin\u00e9es.<\/td>\n<\/tr>\n<\/tbody>\n<\/table>\n<table>\n<tbody>\n<tr>\n<td>Classe<\/td>\n<\/tr>\n<tr>\n<td><strong>Sedo albi-Scleranthetea biennis<\/strong><\/td>\n<\/tr>\n<tr>\n<td>V\u00e9g\u00e9tation pionni\u00e8re \u00e0 dominance de vivaces (souvent crassulescentes) de dalles rocheuses plus ou moins horizontales, atlantique \u00e0 m\u00e9dioeurop\u00e9enne, souvent montagnarde.<\/td>\n<\/tr>\n<\/tbody>\n<\/table>\n<table>\n<tbody>\n<tr>\n<td>Alliance<\/td>\n<td>Ordre<\/td>\n<td>Classe<\/td>\n<\/tr>\n<tr>\n<td><strong>Thero-Airion<\/strong><\/td>\n<td><strong>Helianthemetalia guttati<\/strong><\/td>\n<td><strong>Helianthemetea guttati<\/strong><\/td>\n<\/tr>\n<tr>\n<td>Communaut\u00e9s vernales \u00e0 estivales des sols x\u00e9riques, atlantiques \u00e0 m\u00e9dioeurop\u00e9ennes, sur sables, ar\u00e8nes et dalles siliceuses.<\/td>\n<td>Communaut\u00e9s non littorales.<\/td>\n<td>V\u00e9g\u00e9tations annuelles acidiphiles des sols souvent sableux, oligotrophes, et des lithosols.<\/td>\n<\/tr>\n<\/tbody>\n<\/table>\n<p><strong><span style=\"text-decoration: underline;\">Taxonomie :<\/span><\/strong><br \/>\n<i>Herniaria glabra L.<\/i> a pour synonymes (Informations issues de la BDTFX Version 2.0, <a href=\"http:\/\/www.tela-botanica.org\" target=\"_blank\">Tela Botanica<\/a>) :<i><br \/>\n&#8211; Herniaria glabra L. subsp. glabra<br \/>\n<\/i><br \/>\n<span style=\"text-decoration: underline;\">Sous-esp\u00e8ces ou vari\u00e9t\u00e9s :<\/span><br \/>\n<i>&#8211; Herniaria glabra L. var. glabra<br \/>\n&#8211; Herniaria glabra var. magniflora Chaudhri<br \/>\n&#8211; Herniaria glabra var. setulosa Beck<br \/>\n<\/i><\/p>\n","protected":false},"excerpt":{"rendered":"<p>Une fiche plus r&eacute;cente existe, vous pouvez la consulter ICI Nom : Herniaria glabra L. ( Herniole ) Autre(s) nom(s) : Turquette. Famille : CARYOPHYLLACEAE Floraison : Mai &#8211; Septembre Description dans la flore de Coste : Plante p\u00e9rennante ou &hellip; <a href=\"https:\/\/preservons-la-nature.fr\/blog\/?p=3723\">Continuer la lecture <span class=\"meta-nav\">&rarr;<\/span><\/a><\/p>\n","protected":false},"author":1,"featured_media":0,"comment_status":"open","ping_status":"open","sticky":false,"template":"","format":"standard","meta":{"footnotes":""},"categories":[102],"tags":[61],"class_list":["post-3723","post","type-post","status-publish","format-standard","hentry","category-fiche-partielle-de-plantes","tag-caryophyllacees"],"_links":{"self":[{"href":"https:\/\/preservons-la-nature.fr\/blog\/index.php?rest_route=\/wp\/v2\/posts\/3723","targetHints":{"allow":["GET"]}}],"collection":[{"href":"https:\/\/preservons-la-nature.fr\/blog\/index.php?rest_route=\/wp\/v2\/posts"}],"about":[{"href":"https:\/\/preservons-la-nature.fr\/blog\/index.php?rest_route=\/wp\/v2\/types\/post"}],"author":[{"embeddable":true,"href":"https:\/\/preservons-la-nature.fr\/blog\/index.php?rest_route=\/wp\/v2\/users\/1"}],"replies":[{"embeddable":true,"href":"https:\/\/preservons-la-nature.fr\/blog\/index.php?rest_route=%2Fwp%2Fv2%2Fcomments&post=3723"}],"version-history":[{"count":2,"href":"https:\/\/preservons-la-nature.fr\/blog\/index.php?rest_route=\/wp\/v2\/posts\/3723\/revisions"}],"predecessor-version":[{"id":3727,"href":"https:\/\/preservons-la-nature.fr\/blog\/index.php?rest_route=\/wp\/v2\/posts\/3723\/revisions\/3727"}],"wp:attachment":[{"href":"https:\/\/preservons-la-nature.fr\/blog\/index.php?rest_route=%2Fwp%2Fv2%2Fmedia&parent=3723"}],"wp:term":[{"taxonomy":"category","embeddable":true,"href":"https:\/\/preservons-la-nature.fr\/blog\/index.php?rest_route=%2Fwp%2Fv2%2Fcategories&post=3723"},{"taxonomy":"post_tag","embeddable":true,"href":"https:\/\/preservons-la-nature.fr\/blog\/index.php?rest_route=%2Fwp%2Fv2%2Ftags&post=3723"}],"curies":[{"name":"wp","href":"https:\/\/api.w.org\/{rel}","templated":true}]}}