{"id":3719,"date":"2014-07-18T00:55:42","date_gmt":"2014-07-17T23:55:42","guid":{"rendered":"https:\/\/www.preservons-la-nature.fr\/blog\/?p=3719"},"modified":"2014-07-02T07:59:06","modified_gmt":"2014-07-02T06:59:06","slug":"genista-linifolia-l-genet-a-feuilles-de-lin","status":"publish","type":"post","link":"https:\/\/preservons-la-nature.fr\/blog\/?p=3719","title":{"rendered":"Genista linifolia L. ( Gen\u00eat \u00e0 feuilles de lin )"},"content":{"rendered":"<p><STRONG>Une fiche plus r&eacute;cente existe, vous pouvez la consulter <a href=\"https:\/\/www.preservons-la-nature.fr\/flore\/taxon\/4269.html\">ICI<\/a><\/STRONG><div id=\"attachment_3720\" style=\"width: 1010px\" class=\"wp-caption aligncenter\"><a href=\"https:\/\/www.preservons-la-nature.fr\/blog\/wp-content\/uploads\/2014\/07\/DSC03179.jpg\" target=\"_blank\"><img loading=\"lazy\" decoding=\"async\" aria-describedby=\"caption-attachment-3720\" class=\"wp-image-3720 size-full\" title=\"Genista linifolia L. ( Gen\u00eat \u00e0 feuilles de lin )\" src=\"https:\/\/www.preservons-la-nature.fr\/blog\/wp-content\/uploads\/2014\/07\/DSC03179.jpg\" alt=\"Genista linifolia L. ( Gen\u00eat \u00e0 feuilles de lin )\" width=\"1000\" height=\"667\" srcset=\"https:\/\/preservons-la-nature.fr\/blog\/wp-content\/uploads\/2014\/07\/DSC03179.jpg 1000w, https:\/\/preservons-la-nature.fr\/blog\/wp-content\/uploads\/2014\/07\/DSC03179-300x200.jpg 300w\" sizes=\"auto, (max-width: 1000px) 100vw, 1000px\" \/><\/a><p id=\"caption-attachment-3720\" class=\"wp-caption-text\">Genista linifolia L. ( Gen\u00eat \u00e0 feuilles de lin )<\/p><\/div><\/p>\n<p><strong><span style=\"text-decoration: underline;\">Nom :<\/span><\/strong> <i>Genista linifolia L.<\/i> ( Gen\u00eat \u00e0 feuilles de lin )<\/p>\n<p><strong><span style=\"text-decoration: underline;\">Famille :<\/span><\/strong> FABACEAE<\/p>\n<p><strong><span style=\"text-decoration: underline;\">Floraison :<\/span><\/strong> Mars &#8211; Mai<\/p>\n<p><strong><span style=\"text-decoration: underline;\">Forme biologique :<\/span><\/strong><br \/>\nNanophan\u00e9rophyte.<\/p>\n<p><strong><span style=\"text-decoration: underline;\">Protection :<\/span><\/strong><br \/>\n&#8211; Liste des esp\u00e8ces v\u00e9g\u00e9tales prot\u00e9g\u00e9es sur l&rsquo;ensemble du territoire fran\u00e7ais m\u00e9tropolitain Article 1<br \/>\n&#8211; Liste rouge fran\u00e7aise IUCN 2012 VU<\/p>\n<p><strong><span style=\"text-decoration: underline;\">Description dans la flore de Coste :<\/span><\/strong><br \/>\nSous-arbrisseau de 20-50 cm, non \u00e9pineux, tr\u00e8s rameux, dress\u00e9, \u00e0 rameaux \u00e9pais, raides, stri\u00e9s, pubescents, tr\u00e8s feuilles ; feuilles trifoliol\u00e9es, sessiles, \u00e0 folioles lin\u00e9aires oblongues, enroul\u00e9es par les bords, coriaces, velues-soyeuses en dessous ; stipules nulles ; fleurs 3-8 en grappes terminales courtes, ovo\u00efdes, denses, feuill\u00e9es \u00e0 la base ; p\u00e9dicelles bract\u00e9oles, plus longs que le tube du calice ; calice velu-soyeux, \u00e0 l\u00e8vres presque \u00e9gales ; corolle pubescente, \u00e0 \u00e9tendard redress\u00e9, plus long que la car\u00e8ne ; gousse de 15-20 mm sur 6-7, lin\u00e9aire-oblongue, bossel\u00e9e, presque droite, velue, \u00e0 2-3 graines ovo\u00efdes.<\/p>\n<p><strong><span style=\"text-decoration: underline;\">Pr\u00e9sent dans le(s) d\u00e9partement(s) suivant(s) :<\/span><\/strong><br \/>\nAlpes-Maritimes, Corse-du-Sud, Haute-Corse, Var.<br \/>\n<div id=\"attachment_3721\" style=\"width: 610px\" class=\"wp-caption aligncenter\"><a href=\"https:\/\/www.preservons-la-nature.fr\/blog\/?attachment_id=3721\" rel=\"attachment wp-att-3721\"><img loading=\"lazy\" decoding=\"async\" aria-describedby=\"caption-attachment-3721\" src=\"https:\/\/www.preservons-la-nature.fr\/blog\/wp-content\/uploads\/2014\/07\/carte4.jpg\" alt=\"R\u00e9partition de Genista linifolia L. ( Gen\u00eat \u00e0 feuilles de lin )\" width=\"600\" height=\"600\" class=\"size-full wp-image-3721\" srcset=\"https:\/\/preservons-la-nature.fr\/blog\/wp-content\/uploads\/2014\/07\/carte4.jpg 600w, https:\/\/preservons-la-nature.fr\/blog\/wp-content\/uploads\/2014\/07\/carte4-150x150.jpg 150w, https:\/\/preservons-la-nature.fr\/blog\/wp-content\/uploads\/2014\/07\/carte4-300x300.jpg 300w\" sizes=\"auto, (max-width: 600px) 100vw, 600px\" \/><\/a><p id=\"caption-attachment-3721\" class=\"wp-caption-text\">R\u00e9partition de Genista linifolia L. ( Gen\u00eat \u00e0 feuilles de lin )<\/p><\/div><br \/>\n<strong><span style=\"text-decoration: underline;\">Phytosociologie :<\/span><i><\/i><\/strong><\/p>\n<table>\n<tbody>\n<tr>\n<td>Sous-alliance<\/td>\n<td>Alliance<\/td>\n<td>Ordre<\/td>\n<td>Classe<\/td>\n<\/tr>\n<tr>\n<td><strong>Quercenion suberis<\/strong><\/td>\n<td><strong>Quercion ilicis<\/strong><\/td>\n<td><strong>Quercetalia ilicis<\/strong><\/td>\n<td><strong>Quercetea ilicis<\/strong><\/td>\n<\/tr>\n<tr>\n<td>Ch\u00eanaies m\u00e9diterran\u00e9ennes \u00e0 dominance de ch\u00eane li\u00e8ge.<\/td>\n<td>Communaut\u00e9s du m\u00e9diterran\u00e9en subhumide (avec irradiation thermo-atlantique).<\/td>\n<td>Communaut\u00e9s arbor\u00e9es ferm\u00e9es.<\/td>\n<td>V\u00e9g\u00e9tation arbor\u00e9e ou arbustive m\u00e9diterran\u00e9enne, souvent sempervirente et scl\u00e9rophylle.<\/td>\n<\/tr>\n<\/tbody>\n<\/table>\n<p><strong><span style=\"text-decoration: underline;\">Taxonomie :<\/span><\/strong><br \/>\n<i>Genista linifolia L.<\/i> a pour synonymes (Informations issues de la BDTFX Version 2.0, <a href=\"http:\/\/www.tela-botanica.org\" target=\"_blank\">Tela Botanica<\/a>) :<i><br \/>\n&#8211; Avornela linifolia (L.) Raf.<br \/>\n&#8211; Cytisus linifolius (L.) Lam.<br \/>\n&#8211; Cytisus linifolius var. leiocarpus (J.J.Rodr.) Porta<br \/>\n&#8211; Genista ephedroides auct.Co.<br \/>\n&#8211; Genista linifolia L. subsp. linifolia<br \/>\n&#8211; Genista linifolia var. leucocarpa J.J.Rodr.<br \/>\n&#8211; Genistoides linifolia (L.) Moench<br \/>\n&#8211; Spartium amoenum Salisb.<br \/>\n&#8211; Spartium linifolium (L.) Desf.<br \/>\n&#8211; Telinaria linifolia (L.) C.Presl<br \/>\n&#8211; Teline linifolia (L.) Webb &amp; Berthel.<br \/>\n<\/i><\/p>\n","protected":false},"excerpt":{"rendered":"<p>Une fiche plus r&eacute;cente existe, vous pouvez la consulter ICI Nom : Genista linifolia L. ( Gen\u00eat \u00e0 feuilles de lin ) Famille : FABACEAE Floraison : Mars &#8211; Mai Forme biologique : Nanophan\u00e9rophyte. Protection : &#8211; Liste des esp\u00e8ces &hellip; <a href=\"https:\/\/preservons-la-nature.fr\/blog\/?p=3719\">Continuer la lecture <span class=\"meta-nav\">&rarr;<\/span><\/a><\/p>\n","protected":false},"author":1,"featured_media":0,"comment_status":"open","ping_status":"open","sticky":false,"template":"","format":"standard","meta":{"footnotes":""},"categories":[102],"tags":[12],"class_list":["post-3719","post","type-post","status-publish","format-standard","hentry","category-fiche-partielle-de-plantes","tag-fabacees"],"_links":{"self":[{"href":"https:\/\/preservons-la-nature.fr\/blog\/index.php?rest_route=\/wp\/v2\/posts\/3719","targetHints":{"allow":["GET"]}}],"collection":[{"href":"https:\/\/preservons-la-nature.fr\/blog\/index.php?rest_route=\/wp\/v2\/posts"}],"about":[{"href":"https:\/\/preservons-la-nature.fr\/blog\/index.php?rest_route=\/wp\/v2\/types\/post"}],"author":[{"embeddable":true,"href":"https:\/\/preservons-la-nature.fr\/blog\/index.php?rest_route=\/wp\/v2\/users\/1"}],"replies":[{"embeddable":true,"href":"https:\/\/preservons-la-nature.fr\/blog\/index.php?rest_route=%2Fwp%2Fv2%2Fcomments&post=3719"}],"version-history":[{"count":1,"href":"https:\/\/preservons-la-nature.fr\/blog\/index.php?rest_route=\/wp\/v2\/posts\/3719\/revisions"}],"predecessor-version":[{"id":3722,"href":"https:\/\/preservons-la-nature.fr\/blog\/index.php?rest_route=\/wp\/v2\/posts\/3719\/revisions\/3722"}],"wp:attachment":[{"href":"https:\/\/preservons-la-nature.fr\/blog\/index.php?rest_route=%2Fwp%2Fv2%2Fmedia&parent=3719"}],"wp:term":[{"taxonomy":"category","embeddable":true,"href":"https:\/\/preservons-la-nature.fr\/blog\/index.php?rest_route=%2Fwp%2Fv2%2Fcategories&post=3719"},{"taxonomy":"post_tag","embeddable":true,"href":"https:\/\/preservons-la-nature.fr\/blog\/index.php?rest_route=%2Fwp%2Fv2%2Ftags&post=3719"}],"curies":[{"name":"wp","href":"https:\/\/api.w.org\/{rel}","templated":true}]}}