{"id":3715,"date":"2014-07-17T00:52:54","date_gmt":"2014-07-16T23:52:54","guid":{"rendered":"https:\/\/www.preservons-la-nature.fr\/blog\/?p=3715"},"modified":"2014-07-02T07:55:19","modified_gmt":"2014-07-02T06:55:19","slug":"echinophora-spinosa-l-echinophore-epineuse","status":"publish","type":"post","link":"https:\/\/preservons-la-nature.fr\/blog\/?p=3715","title":{"rendered":"Echinophora spinosa L. ( Echinophore \u00e9pineuse  )"},"content":{"rendered":"<p><STRONG>Une fiche plus r&eacute;cente existe, vous pouvez la consulter <a href=\"https:\/\/www.preservons-la-nature.fr\/flore\/taxon\/2252.html\">ICI<\/a><\/STRONG><div id=\"attachment_3716\" style=\"width: 1010px\" class=\"wp-caption aligncenter\"><a href=\"https:\/\/www.preservons-la-nature.fr\/blog\/wp-content\/uploads\/2014\/07\/DSC09325.jpg\" target=\"_blank\"><img loading=\"lazy\" decoding=\"async\" aria-describedby=\"caption-attachment-3716\" class=\"wp-image-3716 size-full\" title=\"Echinophora spinosa L. ( Echinophore \u00e9pineuse  )\" src=\"https:\/\/www.preservons-la-nature.fr\/blog\/wp-content\/uploads\/2014\/07\/DSC09325.jpg\" alt=\"Echinophora spinosa L. ( Echinophore \u00e9pineuse  )\" width=\"1000\" height=\"667\" srcset=\"https:\/\/preservons-la-nature.fr\/blog\/wp-content\/uploads\/2014\/07\/DSC09325.jpg 1000w, https:\/\/preservons-la-nature.fr\/blog\/wp-content\/uploads\/2014\/07\/DSC09325-300x200.jpg 300w\" sizes=\"auto, (max-width: 1000px) 100vw, 1000px\" \/><\/a><p id=\"caption-attachment-3716\" class=\"wp-caption-text\">Echinophora spinosa L. ( Echinophore \u00e9pineuse )<\/p><\/div><\/p>\n<p><strong><span style=\"text-decoration: underline;\">Nom :<\/span><\/strong> <i>Echinophora spinosa L.<\/i> ( Echinophore \u00e9pineuse\u00a0 )<\/p>\n<p><strong><span style=\"text-decoration: underline;\">Autre(s) nom(s) :<\/span><\/strong><br \/>\nChardon porte-\u00e9pine, Panais \u00e9pineux.<\/p>\n<p><strong><span style=\"text-decoration: underline;\">Famille :<\/span><\/strong> APIACEAE<\/p>\n<p><strong><span style=\"text-decoration: underline;\">Floraison :<\/span><\/strong> Juillet &#8211; Octobre<\/p>\n<p><strong><span style=\"text-decoration: underline;\">Forme biologique :<\/span><\/strong><br \/>\nH\u00e9micryptophyte scapiforme.<\/p>\n<p><strong><span style=\"text-decoration: underline;\">Protection :<\/span><\/strong><br \/>\n&#8211; Liste des esp\u00e8ces v\u00e9g\u00e9tales prot\u00e9g\u00e9es en r\u00e9gion Provence-Alpes-C\u00f4te-d&rsquo;Azur Article 1 (1994)<\/p>\n<p><strong><span style=\"text-decoration: underline;\">Description dans la flore de Coste :<\/span><\/strong><br \/>\nPlante vivace de 20-50 cm, glauque, glabrescente, \u00e0 racine \u00e9paisse, profonde ; tige robuste, sillonn\u00e9e, pleine, \u00e0 nombreux rameaux \u00e9tal\u00e9s en corymbe ; feuilles raides, charnues, oblongues, bipennatis\u00e9qu\u00e9es, \u00e0 lobes \u00e9pineux, car\u00e9n\u00e9s en dessous, canalicul\u00e9s en dessus ; fleurs blanches, rayonnantes, polygames, la centrale de l&rsquo;ombellule sessile et seule fertile ; ombelles \u00e0 5-8 rayons courts, \u00e9pais, anguleux, in\u00e9gaux, pubescents ; involucre \u00e0 5-8 folioles lin\u00e9aires-lanc\u00e9ol\u00e9es, \u00e9pineuses, car\u00e9n\u00e9es, presque aussi longues que l&rsquo;ombelle ; calice \u00e0 5 dents en al\u00eane, raides, \u00e9pineuses ; p\u00e9tales obovales, \u00e9margin\u00e9s, \u00e0 pointe courb\u00e9e ; styles dress\u00e9s, allong\u00e9s; fruit renferm\u00e9 dans le r\u00e9ceptacle, oblong, \u00e0 bec court ; m\u00e9ricarpes \u00e0 5 c\u00f4tes \u00e9gales, d\u00e9prim\u00e9es, ondul\u00e9es.<\/p>\n<p><strong><span style=\"text-decoration: underline;\">Pr\u00e9sent dans le(s) d\u00e9partement(s) suivant(s) :<\/span><\/strong><br \/>\nAlpes-Maritimes, Aude, Bouches-du-Rh\u00f4ne, Corse-du-Sud, Gard, Haute-Corse, H\u00e9rault, Pyr\u00e9n\u00e9es-Orientales, Var.<\/p>\n<div id=\"attachment_3717\" style=\"width: 610px\" class=\"wp-caption aligncenter\"><a href=\"https:\/\/www.preservons-la-nature.fr\/blog\/?attachment_id=3717\" rel=\"attachment wp-att-3717\"><img loading=\"lazy\" decoding=\"async\" aria-describedby=\"caption-attachment-3717\" class=\"size-full wp-image-3717\" src=\"https:\/\/www.preservons-la-nature.fr\/blog\/wp-content\/uploads\/2014\/07\/carte3.jpg\" alt=\"R\u00e9partition de Echinophora spinosa L. ( Echinophore \u00e9pineuse  )\" width=\"600\" height=\"600\" srcset=\"https:\/\/preservons-la-nature.fr\/blog\/wp-content\/uploads\/2014\/07\/carte3.jpg 600w, https:\/\/preservons-la-nature.fr\/blog\/wp-content\/uploads\/2014\/07\/carte3-150x150.jpg 150w, https:\/\/preservons-la-nature.fr\/blog\/wp-content\/uploads\/2014\/07\/carte3-300x300.jpg 300w\" sizes=\"auto, (max-width: 600px) 100vw, 600px\" \/><\/a><p id=\"caption-attachment-3717\" class=\"wp-caption-text\">R\u00e9partition de Echinophora spinosa L. ( Echinophore \u00e9pineuse )<\/p><\/div>\n","protected":false},"excerpt":{"rendered":"<p>Une fiche plus r&eacute;cente existe, vous pouvez la consulter ICI Nom : Echinophora spinosa L. ( Echinophore \u00e9pineuse\u00a0 ) Autre(s) nom(s) : Chardon porte-\u00e9pine, Panais \u00e9pineux. Famille : APIACEAE Floraison : Juillet &#8211; Octobre Forme biologique : H\u00e9micryptophyte scapiforme. Protection &hellip; <a href=\"https:\/\/preservons-la-nature.fr\/blog\/?p=3715\">Continuer la lecture <span class=\"meta-nav\">&rarr;<\/span><\/a><\/p>\n","protected":false},"author":1,"featured_media":0,"comment_status":"open","ping_status":"open","sticky":false,"template":"","format":"standard","meta":{"footnotes":""},"categories":[102],"tags":[58],"class_list":["post-3715","post","type-post","status-publish","format-standard","hentry","category-fiche-partielle-de-plantes","tag-apiacees"],"_links":{"self":[{"href":"https:\/\/preservons-la-nature.fr\/blog\/index.php?rest_route=\/wp\/v2\/posts\/3715","targetHints":{"allow":["GET"]}}],"collection":[{"href":"https:\/\/preservons-la-nature.fr\/blog\/index.php?rest_route=\/wp\/v2\/posts"}],"about":[{"href":"https:\/\/preservons-la-nature.fr\/blog\/index.php?rest_route=\/wp\/v2\/types\/post"}],"author":[{"embeddable":true,"href":"https:\/\/preservons-la-nature.fr\/blog\/index.php?rest_route=\/wp\/v2\/users\/1"}],"replies":[{"embeddable":true,"href":"https:\/\/preservons-la-nature.fr\/blog\/index.php?rest_route=%2Fwp%2Fv2%2Fcomments&post=3715"}],"version-history":[{"count":1,"href":"https:\/\/preservons-la-nature.fr\/blog\/index.php?rest_route=\/wp\/v2\/posts\/3715\/revisions"}],"predecessor-version":[{"id":3718,"href":"https:\/\/preservons-la-nature.fr\/blog\/index.php?rest_route=\/wp\/v2\/posts\/3715\/revisions\/3718"}],"wp:attachment":[{"href":"https:\/\/preservons-la-nature.fr\/blog\/index.php?rest_route=%2Fwp%2Fv2%2Fmedia&parent=3715"}],"wp:term":[{"taxonomy":"category","embeddable":true,"href":"https:\/\/preservons-la-nature.fr\/blog\/index.php?rest_route=%2Fwp%2Fv2%2Fcategories&post=3715"},{"taxonomy":"post_tag","embeddable":true,"href":"https:\/\/preservons-la-nature.fr\/blog\/index.php?rest_route=%2Fwp%2Fv2%2Ftags&post=3715"}],"curies":[{"name":"wp","href":"https:\/\/api.w.org\/{rel}","templated":true}]}}