{"id":3709,"date":"2014-07-16T00:48:16","date_gmt":"2014-07-15T23:48:16","guid":{"rendered":"https:\/\/www.preservons-la-nature.fr\/blog\/?p=3709"},"modified":"2014-07-02T07:52:08","modified_gmt":"2014-07-02T06:52:08","slug":"crucianella-maritima-l-crucianelle-maritime","status":"publish","type":"post","link":"https:\/\/preservons-la-nature.fr\/blog\/?p=3709","title":{"rendered":"Crucianella maritima L. ( Crucianelle maritime  )"},"content":{"rendered":"<p><STRONG>Une fiche plus r&eacute;cente existe, vous pouvez la consulter <a href=\"https:\/\/www.preservons-la-nature.fr\/flore\/taxon\/2131.html\">ICI<\/a><\/STRONG><div id=\"attachment_3710\" style=\"width: 542px\" class=\"wp-caption aligncenter\"><a href=\"https:\/\/www.preservons-la-nature.fr\/blog\/wp-content\/uploads\/2014\/07\/DSC09319.jpg\" target=\"_blank\"><img loading=\"lazy\" decoding=\"async\" aria-describedby=\"caption-attachment-3710\" class=\"wp-image-3710 \" title=\"Crucianella maritima L. ( Crucianelle maritime  )\" src=\"https:\/\/www.preservons-la-nature.fr\/blog\/wp-content\/uploads\/2014\/07\/DSC09319.jpg\" alt=\"Crucianella maritima L. ( Crucianelle maritime  )\" width=\"532\" height=\"798\" srcset=\"https:\/\/preservons-la-nature.fr\/blog\/wp-content\/uploads\/2014\/07\/DSC09319.jpg 667w, https:\/\/preservons-la-nature.fr\/blog\/wp-content\/uploads\/2014\/07\/DSC09319-200x300.jpg 200w, https:\/\/preservons-la-nature.fr\/blog\/wp-content\/uploads\/2014\/07\/DSC09319-533x800.jpg 533w\" sizes=\"auto, (max-width: 532px) 100vw, 532px\" \/><\/a><p id=\"caption-attachment-3710\" class=\"wp-caption-text\">Crucianella maritima L. ( Crucianelle maritime )<\/p><\/div><br \/>\n<strong><span style=\"text-decoration: underline;\">Nom :<\/span><\/strong> <i>Crucianella maritima L.<\/i> ( Crucianelle maritime\u00a0 )<\/p>\n<p><strong><span style=\"text-decoration: underline;\">Famille :<\/span><\/strong> RUBIACEAE<\/p>\n<p><strong><span style=\"text-decoration: underline;\">Floraison :<\/span><\/strong> Mai &#8211; Juillet<\/p>\n<p><strong><span style=\"text-decoration: underline;\">Forme biologique :<\/span><\/strong><br \/>\nCham\u00e9phyte suffrutescent.<\/p>\n<p><strong><span style=\"text-decoration: underline;\">Protection :<\/span><\/strong><br \/>\n&#8211; Liste des esp\u00e8ces v\u00e9g\u00e9tales prot\u00e9g\u00e9es en r\u00e9gion Provence-Alpes-C\u00f4te-d&rsquo;Azur Article 1 (1994)<\/p>\n<p><strong><span style=\"text-decoration: underline;\">Description dans la flore de Coste :<\/span><\/strong><br \/>\nPlante vivace de 10-40 cm, glabre et glauque, \u00e0 souche ligneuse, tortueuse ; tiges assez robustes, d\u00e9combantes, blanches et lisses ; feuilles verticill\u00e9es par 4, dress\u00e9es, imbriqu\u00e9es \u00e0 la base ou sur les jeunes tiges, ovales ou lanc\u00e9ol\u00e9es, mucron\u00e9es, coriaces, glauques, blanches-cartilagineuses \u00e0 la marge, lisses ou un peu rudes ; \u00e9pis floraux courtement p\u00e9doncules, ovales-oblongs {3-4 cm de long sur 1 de large), dens\u00e9ment imbriqu\u00e9s ; bract\u00e9es externes libres, ovales-acumin\u00e9es, membraneuses et cili\u00e9es aux bords, les lat\u00e9rales conn\u00e9es jusqu&rsquo;au milieu ; corolle longuement saillante.<br \/>\n<div id=\"attachment_3711\" style=\"width: 1010px\" class=\"wp-caption aligncenter\"><a href=\"https:\/\/www.preservons-la-nature.fr\/blog\/wp-content\/uploads\/2014\/07\/DSC09331.jpg\" target=\"_blank\"><img loading=\"lazy\" decoding=\"async\" aria-describedby=\"caption-attachment-3711\" class=\"wp-image-3711 size-full\" title=\"Crucianella maritima L. ( Crucianelle maritime  )\" src=\"https:\/\/www.preservons-la-nature.fr\/blog\/wp-content\/uploads\/2014\/07\/DSC09331.jpg\" alt=\"Crucianella maritima L. ( Crucianelle maritime  )\" width=\"1000\" height=\"667\" srcset=\"https:\/\/preservons-la-nature.fr\/blog\/wp-content\/uploads\/2014\/07\/DSC09331.jpg 1000w, https:\/\/preservons-la-nature.fr\/blog\/wp-content\/uploads\/2014\/07\/DSC09331-300x200.jpg 300w\" sizes=\"auto, (max-width: 1000px) 100vw, 1000px\" \/><\/a><p id=\"caption-attachment-3711\" class=\"wp-caption-text\">Crucianella maritima L. ( Crucianelle maritime )<\/p><\/div><br \/>\n<strong><span style=\"text-decoration: underline;\">Pr\u00e9sent dans le(s) d\u00e9partement(s) suivant(s) :<\/span><\/strong><br \/>\nAlpes-Maritimes, Aude, Bouches-du-Rh\u00f4ne, Corse-du-Sud, Gard, Haute-Corse, H\u00e9rault, Pyr\u00e9n\u00e9es-Orientales, Var.<br \/>\n<div id=\"attachment_3712\" style=\"width: 610px\" class=\"wp-caption aligncenter\"><a href=\"https:\/\/www.preservons-la-nature.fr\/blog\/?attachment_id=3712\" rel=\"attachment wp-att-3712\"><img loading=\"lazy\" decoding=\"async\" aria-describedby=\"caption-attachment-3712\" class=\"size-full wp-image-3712\" src=\"https:\/\/www.preservons-la-nature.fr\/blog\/wp-content\/uploads\/2014\/07\/carte2.jpg\" alt=\"R\u00e9partition de Crucianella maritima L. ( Crucianelle maritime  )\" width=\"600\" height=\"600\" srcset=\"https:\/\/preservons-la-nature.fr\/blog\/wp-content\/uploads\/2014\/07\/carte2.jpg 600w, https:\/\/preservons-la-nature.fr\/blog\/wp-content\/uploads\/2014\/07\/carte2-150x150.jpg 150w, https:\/\/preservons-la-nature.fr\/blog\/wp-content\/uploads\/2014\/07\/carte2-300x300.jpg 300w\" sizes=\"auto, (max-width: 600px) 100vw, 600px\" \/><\/a><p id=\"caption-attachment-3712\" class=\"wp-caption-text\">R\u00e9partition de Crucianella maritima L. ( Crucianelle maritime )<\/p><\/div><br \/>\n<strong><span style=\"text-decoration: underline;\">Phytosociologie :<\/span><i><\/i><\/strong><\/p>\n<table>\n<tbody>\n<tr>\n<td>Alliance<\/td>\n<td>Ordre<\/td>\n<td>Classe<\/td>\n<\/tr>\n<tr>\n<td><strong>Crucianellion maritimae<\/strong><\/td>\n<td><strong>Ammophiletalia australis<\/strong><\/td>\n<td><strong>Euphorbio paraliae-Ammophiletea australis<\/strong><\/td>\n<\/tr>\n<tr>\n<td>Communaut\u00e9s des arri\u00e8re-dunes m\u00e9diterran\u00e9ennes occidentales.<\/td>\n<td>Communaut\u00e9s des avant-dunes et dunes meubles \u00e0 semi-fix\u00e9es, essentiellement m\u00e9diterran\u00e9ennes avec irradiations pr\u00e9pontique et hyper-atlantique.<\/td>\n<td>V\u00e9g\u00e9tation vivace pionni\u00e8re des sables dunaires m\u00e9diterran\u00e9enne \u00e0 m\u00e9diterran\u00e9o-atlantique et pr\u00e9pontique.<\/td>\n<\/tr>\n<\/tbody>\n<\/table>\n<p><strong><span style=\"text-decoration: underline;\">Taxonomie :<\/span><\/strong><br \/>\n<i>Crucianella maritima L.<\/i> a pour synonymes (Informations issues de la BDTFX Version 2.0, <a href=\"http:\/\/www.tela-botanica.org\" target=\"_blank\">Tela Botanica<\/a>) :<i><br \/>\n&#8211; Crucianella rupestris Guss.<br \/>\n&#8211; Rubeola maritima (L.) Moench<br \/>\n<\/i><\/p>\n","protected":false},"excerpt":{"rendered":"<p>Une fiche plus r&eacute;cente existe, vous pouvez la consulter ICI Nom : Crucianella maritima L. ( Crucianelle maritime\u00a0 ) Famille : RUBIACEAE Floraison : Mai &#8211; Juillet Forme biologique : Cham\u00e9phyte suffrutescent. Protection : &#8211; Liste des esp\u00e8ces v\u00e9g\u00e9tales prot\u00e9g\u00e9es &hellip; <a href=\"https:\/\/preservons-la-nature.fr\/blog\/?p=3709\">Continuer la lecture <span class=\"meta-nav\">&rarr;<\/span><\/a><\/p>\n","protected":false},"author":1,"featured_media":0,"comment_status":"open","ping_status":"open","sticky":false,"template":"","format":"standard","meta":{"footnotes":""},"categories":[102],"tags":[38],"class_list":["post-3709","post","type-post","status-publish","format-standard","hentry","category-fiche-partielle-de-plantes","tag-rubiacees"],"_links":{"self":[{"href":"https:\/\/preservons-la-nature.fr\/blog\/index.php?rest_route=\/wp\/v2\/posts\/3709","targetHints":{"allow":["GET"]}}],"collection":[{"href":"https:\/\/preservons-la-nature.fr\/blog\/index.php?rest_route=\/wp\/v2\/posts"}],"about":[{"href":"https:\/\/preservons-la-nature.fr\/blog\/index.php?rest_route=\/wp\/v2\/types\/post"}],"author":[{"embeddable":true,"href":"https:\/\/preservons-la-nature.fr\/blog\/index.php?rest_route=\/wp\/v2\/users\/1"}],"replies":[{"embeddable":true,"href":"https:\/\/preservons-la-nature.fr\/blog\/index.php?rest_route=%2Fwp%2Fv2%2Fcomments&post=3709"}],"version-history":[{"count":2,"href":"https:\/\/preservons-la-nature.fr\/blog\/index.php?rest_route=\/wp\/v2\/posts\/3709\/revisions"}],"predecessor-version":[{"id":3714,"href":"https:\/\/preservons-la-nature.fr\/blog\/index.php?rest_route=\/wp\/v2\/posts\/3709\/revisions\/3714"}],"wp:attachment":[{"href":"https:\/\/preservons-la-nature.fr\/blog\/index.php?rest_route=%2Fwp%2Fv2%2Fmedia&parent=3709"}],"wp:term":[{"taxonomy":"category","embeddable":true,"href":"https:\/\/preservons-la-nature.fr\/blog\/index.php?rest_route=%2Fwp%2Fv2%2Fcategories&post=3709"},{"taxonomy":"post_tag","embeddable":true,"href":"https:\/\/preservons-la-nature.fr\/blog\/index.php?rest_route=%2Fwp%2Fv2%2Ftags&post=3709"}],"curies":[{"name":"wp","href":"https:\/\/api.w.org\/{rel}","templated":true}]}}