{"id":3702,"date":"2014-07-15T00:03:59","date_gmt":"2014-07-14T23:03:59","guid":{"rendered":"https:\/\/www.preservons-la-nature.fr\/blog\/?p=3702"},"modified":"2014-06-30T12:07:22","modified_gmt":"2014-06-30T11:07:22","slug":"bituminaria-bituminosa-l-c-h-stirt-herbe-au-bitume","status":"publish","type":"post","link":"https:\/\/preservons-la-nature.fr\/blog\/?p=3702","title":{"rendered":"Bituminaria bituminosa (L.) C.H.Stirt. ( Herbe au bitume )"},"content":{"rendered":"<p><STRONG>Une fiche plus r&eacute;cente existe, vous pouvez la consulter <a href=\"https:\/\/www.preservons-la-nature.fr\/flore\/taxon\/1799.html\">ICI<\/a><\/STRONG><div id=\"attachment_3703\" style=\"width: 503px\" class=\"wp-caption aligncenter\"><a href=\"https:\/\/www.preservons-la-nature.fr\/blog\/wp-content\/uploads\/2014\/06\/DSC7727.jpg\" target=\"_blank\"><img loading=\"lazy\" decoding=\"async\" aria-describedby=\"caption-attachment-3703\" class=\"wp-image-3703 \" title=\"Bituminaria bituminosa (L.) C.H.Stirt. ( Herbe au bitume )\" src=\"https:\/\/www.preservons-la-nature.fr\/blog\/wp-content\/uploads\/2014\/06\/DSC7727.jpg\" alt=\"Bituminaria bituminosa (L.) C.H.Stirt. ( Herbe au bitume )\" width=\"493\" height=\"740\" srcset=\"https:\/\/preservons-la-nature.fr\/blog\/wp-content\/uploads\/2014\/06\/DSC7727.jpg 667w, https:\/\/preservons-la-nature.fr\/blog\/wp-content\/uploads\/2014\/06\/DSC7727-200x300.jpg 200w, https:\/\/preservons-la-nature.fr\/blog\/wp-content\/uploads\/2014\/06\/DSC7727-533x800.jpg 533w\" sizes=\"auto, (max-width: 493px) 100vw, 493px\" \/><\/a><p id=\"caption-attachment-3703\" class=\"wp-caption-text\">Bituminaria bituminosa (L.) C.H.Stirt. ( Herbe au bitume )<\/p><\/div><\/p>\n<p><strong><span style=\"text-decoration: underline;\"><br \/>\nNom :<\/span><\/strong> <i>Bituminaria bituminosa (L.) C.H.Stirt.<\/i> ( Herbe au bitume )<\/p>\n<p><strong><span style=\"text-decoration: underline;\">Autre(s) nom(s) :<\/span><\/strong><br \/>\nPsolar\u00e9e \u00e0 odeur de bitume, Tr\u00e8fle bitumineux.<\/p>\n<p><strong><span style=\"text-decoration: underline;\">Famille :<\/span><\/strong> FABACEAE<\/p>\n<p><strong><span style=\"text-decoration: underline;\">Floraison :<\/span><\/strong> Mai &#8211; Octobre<\/p>\n<p><strong><span style=\"text-decoration: underline;\">Forme biologique :<\/span><\/strong><br \/>\nCham\u00e9phyte.<\/p>\n<p><strong><span style=\"text-decoration: underline;\">Protection :<\/span><\/strong><br \/>\n&#8211; Liste des esp\u00e8ces v\u00e9g\u00e9tales prot\u00e9g\u00e9es en r\u00e9gion Limousin Article 1 (1989)<\/p>\n<p><strong><span style=\"text-decoration: underline;\">Description dans la flore de Coste :<\/span><\/strong><br \/>\nPlante vivace de 50 cm \u00e0 1 m\u00e8tre, herbac\u00e9e, pubescente-glanduleuse, dress\u00e9e, \u00e0 forte odeur de bitume ; feuilles trifoliol\u00e9es, \u00e0 folioles elliptiques ou lanc\u00e9ol\u00e9es, enti\u00e8res, ponctu\u00e9es-glanduleuses ; stipules libres, lin\u00e9aires acumin\u00e9es ; fleurs bleu\u00e2tres, 10-15 en t\u00eates subglobuleuses, involucr\u00e9es, serr\u00e9es, sur des p\u00e9doncules axillaires 2-4 fois plus longs que la feuille ; calice velu, en cloche, \u00e0 5 dents in\u00e9gales, lanc\u00e9ol\u00e9es-lin\u00e9aires, \u00e9galant le tube ; \u00e9tendard oblong, d\u00e9passant les ailes et la car\u00e8ne obtuse ; \u00e9tamines diadelphes ; stigmate en t\u00eate ; gousse incluse, ovale-comprim\u00e9e, \u00e0 bec ensiforme 2 fois plus long quelle, non stipit\u00e9e, velue, ind\u00e9hiscente, \u00e0 une seule graine.<\/p>\n<div id=\"attachment_3704\" style=\"width: 1010px\" class=\"wp-caption aligncenter\"><a href=\"https:\/\/www.preservons-la-nature.fr\/blog\/wp-content\/uploads\/2014\/06\/DSC7729.jpg\" target=\"_blank\"><img loading=\"lazy\" decoding=\"async\" aria-describedby=\"caption-attachment-3704\" class=\"wp-image-3704 size-full\" title=\"Bituminaria bituminosa (L.) C.H.Stirt. ( Herbe au bitume )\" src=\"https:\/\/www.preservons-la-nature.fr\/blog\/wp-content\/uploads\/2014\/06\/DSC7729.jpg\" alt=\"Bituminaria bituminosa (L.) C.H.Stirt. ( Herbe au bitume )\" width=\"1000\" height=\"667\" srcset=\"https:\/\/preservons-la-nature.fr\/blog\/wp-content\/uploads\/2014\/06\/DSC7729.jpg 1000w, https:\/\/preservons-la-nature.fr\/blog\/wp-content\/uploads\/2014\/06\/DSC7729-300x200.jpg 300w\" sizes=\"auto, (max-width: 1000px) 100vw, 1000px\" \/><\/a><p id=\"caption-attachment-3704\" class=\"wp-caption-text\">Bituminaria bituminosa (L.) C.H.Stirt. ( Herbe au bitume )<\/p><\/div>\n<p><strong><span style=\"text-decoration: underline;\">Pr\u00e9sent dans le(s) d\u00e9partement(s) suivant(s) :<\/span><\/strong><br \/>\nAlpes-de-Haute-Provence, Alpes-Maritimes, Ari\u00e8ge, Aude, Bouches-du-Rh\u00f4ne, Corr\u00e8ze, Corse-du-Sud, Dordogne, Dr\u00f4me, Gard, Haute-Corse, Haute-Garonne, Hautes-Alpes, Is\u00e8re, Lot, Lot-et-Garonne, Pyr\u00e9n\u00e9es-Orientales, Sa\u00f4ne-et-Loire, Tarn, Tarn-et-Garonne, Var, Vaucluse.<\/p>\n<div id=\"attachment_3706\" style=\"width: 610px\" class=\"wp-caption aligncenter\"><a href=\"https:\/\/www.preservons-la-nature.fr\/blog\/?attachment_id=3706\" rel=\"attachment wp-att-3706\"><img loading=\"lazy\" decoding=\"async\" aria-describedby=\"caption-attachment-3706\" class=\"size-full wp-image-3706\" src=\"https:\/\/www.preservons-la-nature.fr\/blog\/wp-content\/uploads\/2014\/06\/carte28.jpg\" alt=\"R\u00e9partition de Bituminaria bituminosa (L.) C.H.Stirt. ( Herbe au bitume )\" width=\"600\" height=\"600\" srcset=\"https:\/\/preservons-la-nature.fr\/blog\/wp-content\/uploads\/2014\/06\/carte28.jpg 600w, https:\/\/preservons-la-nature.fr\/blog\/wp-content\/uploads\/2014\/06\/carte28-150x150.jpg 150w, https:\/\/preservons-la-nature.fr\/blog\/wp-content\/uploads\/2014\/06\/carte28-300x300.jpg 300w\" sizes=\"auto, (max-width: 600px) 100vw, 600px\" \/><\/a><p id=\"caption-attachment-3706\" class=\"wp-caption-text\">R\u00e9partition de Bituminaria bituminosa (L.) C.H.Stirt. ( Herbe au bitume )<\/p><\/div>\n<p><strong><span style=\"text-decoration: underline;\">Phytosociologie :<\/span><i><\/i><\/strong><\/p>\n<table>\n<tbody>\n<tr>\n<td>Classe<\/td>\n<\/tr>\n<tr>\n<td><strong>Cisto ladaniferi-Lavanduletea stoechadis<\/strong><\/td>\n<\/tr>\n<tr>\n<td>Landes thermophiles sur substrat acide, domin\u00e9es par les cham\u00e9phytes, des \u00e9tages thermo- \u00e0 supram\u00e9diterran\u00e9en.<\/td>\n<\/tr>\n<\/tbody>\n<\/table>\n<table>\n<tbody>\n<tr>\n<td>Classe<\/td>\n<\/tr>\n<tr>\n<td><strong>Lygeo sparti-Stipetea tenacissimae<\/strong><\/td>\n<\/tr>\n<tr>\n<td>V\u00e9g\u00e9tation de garrigues et d&rsquo;ourlets m\u00e9diterran\u00e9ens riches en gramin\u00e9es vivaces, sur sols basiques.<\/td>\n<\/tr>\n<\/tbody>\n<\/table>\n<table>\n<tbody>\n<tr>\n<td>Ordre<\/td>\n<td>Classe<\/td>\n<\/tr>\n<tr>\n<td><strong>Ononidetalia striatae<\/strong><\/td>\n<td><strong>Festuco valesiacae-Brometea erecti<\/strong><\/td>\n<\/tr>\n<tr>\n<td>Communaut\u00e9s x\u00e9rophiles \u00e0 m\u00e9sox\u00e9rophiles, subm\u00e9diterran\u00e9ennes, et supra- \u00e0 orom\u00e9diterran\u00e9ennes.<\/td>\n<td>Pelouses \u00e0 dominance d\u2019h\u00e9micryptophytes, parfois landines et garrigues sous climat subm\u00e9diterran\u00e9en, x\u00e9rophiles \u00e0 m\u00e9sox\u00e9rophiles, collin\u00e9ennes \u00e0 montagnardes, europ\u00e9ennes et ouest-sib\u00e9riennes, surtout sur substrats carbonat\u00e9s ou basiques.<\/td>\n<\/tr>\n<\/tbody>\n<\/table>\n<table>\n<tbody>\n<tr>\n<td>Ordre<\/td>\n<td>Classe<\/td>\n<\/tr>\n<tr>\n<td><strong>Pistacio lentisci-Rhamnetalia alaterni<\/strong><\/td>\n<td><strong>Quercetea ilicis<\/strong><\/td>\n<\/tr>\n<tr>\n<td>Communaut\u00e9s arbor\u00e9es claires ou arbustives, h\u00e9liophiles.<\/td>\n<td>V\u00e9g\u00e9tation arbor\u00e9e ou arbustive m\u00e9diterran\u00e9enne, souvent sempervirente et scl\u00e9rophylle.<\/td>\n<\/tr>\n<\/tbody>\n<\/table>\n<table>\n<tbody>\n<tr>\n<td>Alliance<\/td>\n<td>Ordre<\/td>\n<td>Classe<\/td>\n<\/tr>\n<tr>\n<td><strong>Quercion ilicis<\/strong><\/td>\n<td><strong>Quercetalia ilicis<\/strong><\/td>\n<td><strong>Quercetea ilicis<\/strong><\/td>\n<\/tr>\n<tr>\n<td>Communaut\u00e9s du m\u00e9diterran\u00e9en subhumide (avec irradiation thermo-atlantique).<\/td>\n<td>Communaut\u00e9s arbor\u00e9es ferm\u00e9es.<\/td>\n<td>V\u00e9g\u00e9tation arbor\u00e9e ou arbustive m\u00e9diterran\u00e9enne, souvent sempervirente et scl\u00e9rophylle.<\/td>\n<\/tr>\n<\/tbody>\n<\/table>\n<table>\n<tbody>\n<tr>\n<td>Alliance<\/td>\n<td>Ordre<\/td>\n<td>Classe<\/td>\n<\/tr>\n<tr>\n<td><strong>Quercion pubescenti-sessiliflorae<\/strong><\/td>\n<td><strong>Quercetalia pubescenti-sessiliflorae<\/strong><\/td>\n<td><strong>Querco roboris-Fagetea sylvaticae<\/strong><\/td>\n<\/tr>\n<tr>\n<td>Communaut\u00e9s supram\u00e9diterran\u00e9ennes avec irradiations septentrionales.<\/td>\n<td>Communaut\u00e9s thermophiles sous influence m\u00e9diterran\u00e9enne \u00e0 thermo-continentale.<\/td>\n<td>For\u00eats temp\u00e9r\u00e9es caducifoli\u00e9es ou mixtes, collin\u00e9ennes et montagnardes (plus rarement subalpines), ainsi que supram\u00e9diterran\u00e9ennes.<\/td>\n<\/tr>\n<\/tbody>\n<\/table>\n<table>\n<tbody>\n<tr>\n<td>Classe<\/td>\n<\/tr>\n<tr>\n<td><strong>Rosmarinetea officinalis<\/strong><\/td>\n<\/tr>\n<tr>\n<td>Garrigues et formations cham\u00e9phytiques m\u00e9diterran\u00e9ennes \u00e0 m\u00e9diterran\u00e9o-atlantiques.<\/td>\n<\/tr>\n<\/tbody>\n<\/table>\n<p><strong><span style=\"text-decoration: underline;\">Taxonomie :<\/span><\/strong><br \/>\n<i>Bituminaria bituminosa (L.) C.H.Stirt.<\/i> a pour synonymes (Informations issues de la BDTFX Version 2.0, <a href=\"http:\/\/www.tela-botanica.org\" target=\"_blank\">Tela Botanica<\/a>) :<i><br \/>\n&#8211; Aspaltium bituminosum (L.) Fourr.<br \/>\n&#8211; Aspaltium frutescens Medik.<br \/>\n&#8211; Bipontinia bituminosa (L.) Alef.<br \/>\n&#8211; Bituminaria bituminosa var. palaestina (Gouan) R.Jahn<br \/>\n&#8211; Dorychnium angustifolium Moench<br \/>\n&#8211; Dorychnium rotundifolium Moench<br \/>\n&#8211; Lotodes bituminosa (L.) Kuntze<br \/>\n&#8211; Psoralea bituminosa L.<br \/>\n&#8211; Psoralea bituminosa subsp. latifolia (Moris) Arcang.<br \/>\n&#8211; Psoralea bituminosa subsp. plumosa (Rchb.) Nyman<br \/>\n&#8211; Psoralea bituminosa var. plumosa (Rchb.) P.Fourn.<br \/>\n&#8211; Psoralea foetida C.Presl<br \/>\n&#8211; Psoralea palaestina Gouan<br \/>\n&#8211; Psoralea plumosa Rchb.<br \/>\n&#8211; Rhyncodium bituminosum (L.) J.Presl<br \/>\n&#8211; Rhyncodium palaestinum (Gouan) J.Presl<br \/>\n<\/i><\/p>\n<div id=\"attachment_3705\" style=\"width: 1010px\" class=\"wp-caption aligncenter\"><a href=\"https:\/\/www.preservons-la-nature.fr\/blog\/wp-content\/uploads\/2014\/06\/DSC05142.jpg\" target=\"_blank\"><img loading=\"lazy\" decoding=\"async\" aria-describedby=\"caption-attachment-3705\" class=\"wp-image-3705 size-full\" title=\"Bituminaria bituminosa (L.) C.H.Stirt. ( Herbe au bitume )\" src=\"https:\/\/www.preservons-la-nature.fr\/blog\/wp-content\/uploads\/2014\/06\/DSC05142.jpg\" alt=\"Bituminaria bituminosa (L.) C.H.Stirt. ( Herbe au bitume )\" width=\"1000\" height=\"667\" srcset=\"https:\/\/preservons-la-nature.fr\/blog\/wp-content\/uploads\/2014\/06\/DSC05142.jpg 1000w, https:\/\/preservons-la-nature.fr\/blog\/wp-content\/uploads\/2014\/06\/DSC05142-300x200.jpg 300w\" sizes=\"auto, (max-width: 1000px) 100vw, 1000px\" \/><\/a><p id=\"caption-attachment-3705\" class=\"wp-caption-text\">Bituminaria bituminosa (L.) C.H.Stirt. ( Herbe au bitume )<\/p><\/div>\n","protected":false},"excerpt":{"rendered":"<p>Une fiche plus r&eacute;cente existe, vous pouvez la consulter ICI Nom : Bituminaria bituminosa (L.) C.H.Stirt. ( Herbe au bitume ) Autre(s) nom(s) : Psolar\u00e9e \u00e0 odeur de bitume, Tr\u00e8fle bitumineux. Famille : FABACEAE Floraison : Mai &#8211; Octobre Forme &hellip; <a href=\"https:\/\/preservons-la-nature.fr\/blog\/?p=3702\">Continuer la lecture <span class=\"meta-nav\">&rarr;<\/span><\/a><\/p>\n","protected":false},"author":1,"featured_media":0,"comment_status":"open","ping_status":"open","sticky":false,"template":"","format":"standard","meta":{"footnotes":""},"categories":[102],"tags":[12],"class_list":["post-3702","post","type-post","status-publish","format-standard","hentry","category-fiche-partielle-de-plantes","tag-fabacees"],"_links":{"self":[{"href":"https:\/\/preservons-la-nature.fr\/blog\/index.php?rest_route=\/wp\/v2\/posts\/3702","targetHints":{"allow":["GET"]}}],"collection":[{"href":"https:\/\/preservons-la-nature.fr\/blog\/index.php?rest_route=\/wp\/v2\/posts"}],"about":[{"href":"https:\/\/preservons-la-nature.fr\/blog\/index.php?rest_route=\/wp\/v2\/types\/post"}],"author":[{"embeddable":true,"href":"https:\/\/preservons-la-nature.fr\/blog\/index.php?rest_route=\/wp\/v2\/users\/1"}],"replies":[{"embeddable":true,"href":"https:\/\/preservons-la-nature.fr\/blog\/index.php?rest_route=%2Fwp%2Fv2%2Fcomments&post=3702"}],"version-history":[{"count":1,"href":"https:\/\/preservons-la-nature.fr\/blog\/index.php?rest_route=\/wp\/v2\/posts\/3702\/revisions"}],"predecessor-version":[{"id":3707,"href":"https:\/\/preservons-la-nature.fr\/blog\/index.php?rest_route=\/wp\/v2\/posts\/3702\/revisions\/3707"}],"wp:attachment":[{"href":"https:\/\/preservons-la-nature.fr\/blog\/index.php?rest_route=%2Fwp%2Fv2%2Fmedia&parent=3702"}],"wp:term":[{"taxonomy":"category","embeddable":true,"href":"https:\/\/preservons-la-nature.fr\/blog\/index.php?rest_route=%2Fwp%2Fv2%2Fcategories&post=3702"},{"taxonomy":"post_tag","embeddable":true,"href":"https:\/\/preservons-la-nature.fr\/blog\/index.php?rest_route=%2Fwp%2Fv2%2Ftags&post=3702"}],"curies":[{"name":"wp","href":"https:\/\/api.w.org\/{rel}","templated":true}]}}