{"id":3692,"date":"2014-07-13T00:56:15","date_gmt":"2014-07-12T23:56:15","guid":{"rendered":"https:\/\/www.preservons-la-nature.fr\/blog\/?p=3692"},"modified":"2014-06-30T11:59:12","modified_gmt":"2014-06-30T10:59:12","slug":"bartsia-trixago-l-bellardie","status":"publish","type":"post","link":"https:\/\/preservons-la-nature.fr\/blog\/?p=3692","title":{"rendered":"Bartsia trixago L. ( Bellardie  )"},"content":{"rendered":"<p><STRONG>Une fiche plus r&eacute;cente existe, vous pouvez la consulter <a href=\"https:\/\/www.preservons-la-nature.fr\/flore\/taxon\/1772.html\">ICI<\/a><\/STRONG><div id=\"attachment_3693\" style=\"width: 585px\" class=\"wp-caption aligncenter\"><a href=\"https:\/\/www.preservons-la-nature.fr\/blog\/wp-content\/uploads\/2014\/06\/DSC03184.jpg\" target=\"_blank\"><img loading=\"lazy\" decoding=\"async\" aria-describedby=\"caption-attachment-3693\" class=\"wp-image-3693 \" title=\"Bartsia trixago L. ( Bellardie  )\" src=\"https:\/\/www.preservons-la-nature.fr\/blog\/wp-content\/uploads\/2014\/06\/DSC03184.jpg\" alt=\"Bartsia trixago L. ( Bellardie  )\" width=\"575\" height=\"863\" srcset=\"https:\/\/preservons-la-nature.fr\/blog\/wp-content\/uploads\/2014\/06\/DSC03184.jpg 667w, https:\/\/preservons-la-nature.fr\/blog\/wp-content\/uploads\/2014\/06\/DSC03184-200x300.jpg 200w, https:\/\/preservons-la-nature.fr\/blog\/wp-content\/uploads\/2014\/06\/DSC03184-533x800.jpg 533w\" sizes=\"auto, (max-width: 575px) 100vw, 575px\" \/><\/a><p id=\"caption-attachment-3693\" class=\"wp-caption-text\">Bartsia trixago L. ( Bellardie )<\/p><\/div><\/p>\n<p><strong><span style=\"text-decoration: underline;\">Nom :<\/span><\/strong> <i>Bartsia trixago L.<\/i> ( Bellardie\u00a0 )<\/p>\n<p><strong><span style=\"text-decoration: underline;\">Autre(s) nom(s) :<\/span><\/strong><br \/>\nBartsie, Trixago de la Pouille.<\/p>\n<p><strong><span style=\"text-decoration: underline;\">Famille :<\/span><\/strong> OROBANCHACEAE<\/p>\n<p><strong><span style=\"text-decoration: underline;\">Floraison :<\/span><\/strong> Mai &#8211; Juillet<\/p>\n<p><strong><span style=\"text-decoration: underline;\">Forme biologique :<\/span><\/strong><br \/>\nTh\u00e9rophyte.<\/p>\n<p><strong><span style=\"text-decoration: underline;\">Protection :<\/span><\/strong><br \/>\n&#8211; Liste des esp\u00e8ces v\u00e9g\u00e9tales prot\u00e9g\u00e9es en r\u00e9gion Pays-de-la-Loire Article 1 (1993)<\/p>\n<p><strong><span style=\"text-decoration: underline;\">Description dans la flore de Coste :<\/span><\/strong><br \/>\nPlante annuelle de 10-50 cm, poilue-glanduleuse, \u00e0 tige raide, dress\u00e9e, simple ou peu rameuse, tr\u00e8s feuill\u00e9e ; feuilles oblongues-lanc\u00e9ol\u00e9es ou lin\u00e9aires, \u00e0 grosses dents \u00e9cart\u00e9es ; fleurs blanch\u00e2tres-purpurines m\u00eal\u00e9es de jaune ou jaunes, grandes, en grappes t\u00e9tragones courtes et serr\u00e9es ; calice renfl\u00e9 en cloche, fendu jusqu&rsquo;au quart, \u00e0 lobes ovales-obtus ; corolle de 2 cm et plus, d\u00e9passant 2-3 fois le calice, \u00e0 l\u00e8vre inf\u00e9rieur plus longue que la sup\u00e9rieur, \u00e0 2 bosses au palais ; capsule poilue, subglobuleuse, \u00e9galant presque le calice.<\/p>\n<div id=\"attachment_3694\" style=\"width: 587px\" class=\"wp-caption aligncenter\"><a href=\"https:\/\/www.preservons-la-nature.fr\/blog\/wp-content\/uploads\/2014\/06\/DSC03260.jpg\" target=\"_blank\"><img loading=\"lazy\" decoding=\"async\" aria-describedby=\"caption-attachment-3694\" class=\"wp-image-3694 \" title=\"Bartsia trixago L. ( Bellardie  )\" src=\"https:\/\/www.preservons-la-nature.fr\/blog\/wp-content\/uploads\/2014\/06\/DSC03260.jpg\" alt=\"Bartsia trixago L. ( Bellardie  )\" width=\"577\" height=\"866\" srcset=\"https:\/\/preservons-la-nature.fr\/blog\/wp-content\/uploads\/2014\/06\/DSC03260.jpg 667w, https:\/\/preservons-la-nature.fr\/blog\/wp-content\/uploads\/2014\/06\/DSC03260-200x300.jpg 200w, https:\/\/preservons-la-nature.fr\/blog\/wp-content\/uploads\/2014\/06\/DSC03260-533x800.jpg 533w\" sizes=\"auto, (max-width: 577px) 100vw, 577px\" \/><\/a><p id=\"caption-attachment-3694\" class=\"wp-caption-text\">Bartsia trixago L. ( Bellardie )<\/p><\/div>\n<p><strong><span style=\"text-decoration: underline;\">Pr\u00e9sent dans le(s) d\u00e9partement(s) suivant(s) :<\/span><\/strong><br \/>\nAlpes-de-Haute-Provence, Alpes-Maritimes, Bouches-du-Rh\u00f4ne, Charente-Maritime, Corse-du-Sud, Deux-S\u00e8vres, Finist\u00e8re, Haute-Corse, Morbihan, Pyr\u00e9n\u00e9es-Atlantiques, Var, Vend\u00e9e.<\/p>\n<div id=\"attachment_3695\" style=\"width: 610px\" class=\"wp-caption aligncenter\"><a href=\"https:\/\/www.preservons-la-nature.fr\/blog\/?attachment_id=3695\" rel=\"attachment wp-att-3695\"><img loading=\"lazy\" decoding=\"async\" aria-describedby=\"caption-attachment-3695\" class=\"size-full wp-image-3695\" src=\"https:\/\/www.preservons-la-nature.fr\/blog\/wp-content\/uploads\/2014\/06\/carte26.jpg\" alt=\"R\u00e9partition de Bartsia trixago L. ( Bellardie  )\" width=\"600\" height=\"600\" srcset=\"https:\/\/preservons-la-nature.fr\/blog\/wp-content\/uploads\/2014\/06\/carte26.jpg 600w, https:\/\/preservons-la-nature.fr\/blog\/wp-content\/uploads\/2014\/06\/carte26-150x150.jpg 150w, https:\/\/preservons-la-nature.fr\/blog\/wp-content\/uploads\/2014\/06\/carte26-300x300.jpg 300w\" sizes=\"auto, (max-width: 600px) 100vw, 600px\" \/><\/a><p id=\"caption-attachment-3695\" class=\"wp-caption-text\">R\u00e9partition de Bartsia trixago L. ( Bellardie )<\/p><\/div>\n<p><strong><span style=\"text-decoration: underline;\">Phytosociologie :<\/span><i><\/i><\/strong><\/p>\n<table>\n<tbody>\n<tr>\n<td>Classe<\/td>\n<\/tr>\n<tr>\n<td><strong>Helianthemetea guttati<\/strong><\/td>\n<\/tr>\n<tr>\n<td>V\u00e9g\u00e9tations annuelles acidiphiles des sols souvent sableux, oligotrophes, et des lithosols.<\/td>\n<\/tr>\n<\/tbody>\n<\/table>\n<table>\n<tbody>\n<tr>\n<td>Classe<\/td>\n<\/tr>\n<tr>\n<td><strong>Koelerio glaucae-Corynephoretea canescentis<\/strong><\/td>\n<\/tr>\n<tr>\n<td>Pelouses pionni\u00e8res, \u00e0 dominance d\u2019h\u00e9micryptophytes (plus ou moins riches en annuelles), atlantiques \u00e0 m\u00e9dioeurop\u00e9ennes, sur sables plus ou moins stabilis\u00e9s.<\/td>\n<\/tr>\n<\/tbody>\n<\/table>\n<p><strong><span style=\"text-decoration: underline;\">Taxonomie :<\/span><\/strong><br \/>\n<i>Bartsia trixago L.<\/i> a pour synonymes (Informations issues de la BDTFX Version 2.0, <a href=\"http:\/\/www.tela-botanica.org\" target=\"_blank\">Tela Botanica<\/a>) :<i><br \/>\n&#8211; Bartsia bicolor DC.<br \/>\n&#8211; Bartsia capensis (Willd.) Spreng.<br \/>\n&#8211; Bartsia maxima (Willd.) Pers.<br \/>\n&#8211; Bartsia versicolor (Willd.) Pers.<br \/>\n&#8211; Bellardia trixago (L.) All.<br \/>\n&#8211; Bellardia trixago var. maxima Rouy<br \/>\n&#8211; Euphrasia versicolor (Willd.) Bubani<br \/>\n&#8211; Lasiopera rhinanthina Hoffmanns. &amp; Link<br \/>\n&#8211; Rhinanthus maritimus Lam.<br \/>\n&#8211; Rhinanthus maximus Willd.<br \/>\n&#8211; Rhinanthus trixago (L.) L.<br \/>\n&#8211; Rhinanthus versicolor Lam.<br \/>\n&#8211; Trixago apula Steven<br \/>\n&#8211; Trixago carnea Griseb.<br \/>\n<\/i><\/p>\n","protected":false},"excerpt":{"rendered":"<p>Une fiche plus r&eacute;cente existe, vous pouvez la consulter ICI Nom : Bartsia trixago L. ( Bellardie\u00a0 ) Autre(s) nom(s) : Bartsie, Trixago de la Pouille. Famille : OROBANCHACEAE Floraison : Mai &#8211; Juillet Forme biologique : Th\u00e9rophyte. Protection : &hellip; <a href=\"https:\/\/preservons-la-nature.fr\/blog\/?p=3692\">Continuer la lecture <span class=\"meta-nav\">&rarr;<\/span><\/a><\/p>\n","protected":false},"author":1,"featured_media":0,"comment_status":"open","ping_status":"open","sticky":false,"template":"","format":"standard","meta":{"footnotes":""},"categories":[102],"tags":[75],"class_list":["post-3692","post","type-post","status-publish","format-standard","hentry","category-fiche-partielle-de-plantes","tag-orobanchacees"],"_links":{"self":[{"href":"https:\/\/preservons-la-nature.fr\/blog\/index.php?rest_route=\/wp\/v2\/posts\/3692","targetHints":{"allow":["GET"]}}],"collection":[{"href":"https:\/\/preservons-la-nature.fr\/blog\/index.php?rest_route=\/wp\/v2\/posts"}],"about":[{"href":"https:\/\/preservons-la-nature.fr\/blog\/index.php?rest_route=\/wp\/v2\/types\/post"}],"author":[{"embeddable":true,"href":"https:\/\/preservons-la-nature.fr\/blog\/index.php?rest_route=\/wp\/v2\/users\/1"}],"replies":[{"embeddable":true,"href":"https:\/\/preservons-la-nature.fr\/blog\/index.php?rest_route=%2Fwp%2Fv2%2Fcomments&post=3692"}],"version-history":[{"count":1,"href":"https:\/\/preservons-la-nature.fr\/blog\/index.php?rest_route=\/wp\/v2\/posts\/3692\/revisions"}],"predecessor-version":[{"id":3696,"href":"https:\/\/preservons-la-nature.fr\/blog\/index.php?rest_route=\/wp\/v2\/posts\/3692\/revisions\/3696"}],"wp:attachment":[{"href":"https:\/\/preservons-la-nature.fr\/blog\/index.php?rest_route=%2Fwp%2Fv2%2Fmedia&parent=3692"}],"wp:term":[{"taxonomy":"category","embeddable":true,"href":"https:\/\/preservons-la-nature.fr\/blog\/index.php?rest_route=%2Fwp%2Fv2%2Fcategories&post=3692"},{"taxonomy":"post_tag","embeddable":true,"href":"https:\/\/preservons-la-nature.fr\/blog\/index.php?rest_route=%2Fwp%2Fv2%2Ftags&post=3692"}],"curies":[{"name":"wp","href":"https:\/\/api.w.org\/{rel}","templated":true}]}}