{"id":3687,"date":"2014-07-12T00:49:45","date_gmt":"2014-07-11T23:49:45","guid":{"rendered":"https:\/\/www.preservons-la-nature.fr\/blog\/?p=3687"},"modified":"2014-06-30T11:56:09","modified_gmt":"2014-06-30T10:56:09","slug":"astragalus-sempervirens-lam-astragale-toujours-vert","status":"publish","type":"post","link":"https:\/\/preservons-la-nature.fr\/blog\/?p=3687","title":{"rendered":"Astragalus sempervirens Lam. ( Astragale toujours vert )"},"content":{"rendered":"<p><STRONG>Une fiche plus r&eacute;cente existe, vous pouvez la consulter <a href=\"https:\/\/www.preservons-la-nature.fr\/flore\/taxon\/7550.html\">ICI<\/a><\/STRONG><div id=\"attachment_3688\" style=\"width: 1010px\" class=\"wp-caption aligncenter\"><a href=\"https:\/\/www.preservons-la-nature.fr\/blog\/wp-content\/uploads\/2014\/06\/DSC8206.jpg\" target=\"_blank\"><img loading=\"lazy\" decoding=\"async\" aria-describedby=\"caption-attachment-3688\" class=\"wp-image-3688 size-full\" title=\"Astragalus sempervirens Lam. ( Astragale toujoiurs vert )\" src=\"https:\/\/www.preservons-la-nature.fr\/blog\/wp-content\/uploads\/2014\/06\/DSC8206.jpg\" alt=\"Astragalus sempervirens Lam. ( Astragale toujoiurs vert )\" width=\"1000\" height=\"667\" srcset=\"https:\/\/preservons-la-nature.fr\/blog\/wp-content\/uploads\/2014\/06\/DSC8206.jpg 1000w, https:\/\/preservons-la-nature.fr\/blog\/wp-content\/uploads\/2014\/06\/DSC8206-300x200.jpg 300w\" sizes=\"auto, (max-width: 1000px) 100vw, 1000px\" \/><\/a><p id=\"caption-attachment-3688\" class=\"wp-caption-text\">Astragalus sempervirens Lam. ( Astragale toujoiurs vert )<\/p><\/div><\/p>\n<p><strong><span style=\"text-decoration: underline;\">Nom :<\/span><\/strong> <i>Astragalus sempervirens Lam.<\/i> ( Astragale toujours vert )<\/p>\n<p><strong><span style=\"text-decoration: underline;\">Autre(s) nom(s) :<\/span><\/strong><br \/>\nAdragant de montagne, Astrage \u00e9pineux.<\/p>\n<p><strong><span style=\"text-decoration: underline;\">Famille :<\/span><\/strong> FABACEAE<\/p>\n<p><strong><span style=\"text-decoration: underline;\">Forme biologique :<\/span><\/strong><br \/>\nH\u00e9micryptophyte.<\/p>\n<div id=\"attachment_3689\" style=\"width: 1010px\" class=\"wp-caption aligncenter\"><a href=\"https:\/\/www.preservons-la-nature.fr\/blog\/wp-content\/uploads\/2014\/06\/DSC8209.jpg\" target=\"_blank\"><img loading=\"lazy\" decoding=\"async\" aria-describedby=\"caption-attachment-3689\" class=\"wp-image-3689 size-full\" title=\"Astragalus sempervirens Lam. ( Astragale toujoiurs vert )\" src=\"https:\/\/www.preservons-la-nature.fr\/blog\/wp-content\/uploads\/2014\/06\/DSC8209.jpg\" alt=\"Astragalus sempervirens Lam. ( Astragale toujoiurs vert )\" width=\"1000\" height=\"667\" srcset=\"https:\/\/preservons-la-nature.fr\/blog\/wp-content\/uploads\/2014\/06\/DSC8209.jpg 1000w, https:\/\/preservons-la-nature.fr\/blog\/wp-content\/uploads\/2014\/06\/DSC8209-300x200.jpg 300w\" sizes=\"auto, (max-width: 1000px) 100vw, 1000px\" \/><\/a><p id=\"caption-attachment-3689\" class=\"wp-caption-text\">Astragalus sempervirens Lam. ( Astragale toujoiurs vert )<\/p><\/div>\n<p><strong><span style=\"text-decoration: underline;\">Pr\u00e9sent dans le(s) d\u00e9partement(s) suivant(s) :<\/span><\/strong><br \/>\nAin, Alpes-de-Haute-Provence, Alpes-Maritimes, Ari\u00e8ge, Aude, Hautes-Alpes, Haute-Savoie, Is\u00e8re, Pyr\u00e9n\u00e9es-Orientales, Savoie, Var, Vaucluse.<\/p>\n<div id=\"attachment_3690\" style=\"width: 610px\" class=\"wp-caption aligncenter\"><a href=\"https:\/\/www.preservons-la-nature.fr\/blog\/?attachment_id=3690\" rel=\"attachment wp-att-3690\"><img loading=\"lazy\" decoding=\"async\" aria-describedby=\"caption-attachment-3690\" class=\"size-full wp-image-3690\" src=\"https:\/\/www.preservons-la-nature.fr\/blog\/wp-content\/uploads\/2014\/06\/carte25.jpg\" alt=\"R\u00e9partition d'Astragalus sempervirens Lam. ( Astragale toujours vert )\" width=\"600\" height=\"600\" srcset=\"https:\/\/preservons-la-nature.fr\/blog\/wp-content\/uploads\/2014\/06\/carte25.jpg 600w, https:\/\/preservons-la-nature.fr\/blog\/wp-content\/uploads\/2014\/06\/carte25-150x150.jpg 150w, https:\/\/preservons-la-nature.fr\/blog\/wp-content\/uploads\/2014\/06\/carte25-300x300.jpg 300w\" sizes=\"auto, (max-width: 600px) 100vw, 600px\" \/><\/a><p id=\"caption-attachment-3690\" class=\"wp-caption-text\">R\u00e9partition d&rsquo;Astragalus sempervirens Lam. ( Astragale toujours vert )<\/p><\/div>\n<p><strong><span style=\"text-decoration: underline;\">Phytosociologie :<\/span><i><\/i><\/strong><\/p>\n<table>\n<tbody>\n<tr>\n<td>Ordre<\/td>\n<td>Classe<\/td>\n<\/tr>\n<tr>\n<td><strong>Erico carneae-Pinetalia sylvestris<\/strong><\/td>\n<td><strong>Erico carneae-Pinetea sylvestris<\/strong><\/td>\n<\/tr>\n<tr>\n<td>Communaut\u00e9s domin\u00e9es par le pin sylvestre, le pin \u00e0 crochets, sur substrat calcaire \u00e0 neutre, le plus souvent m\u00e9sophiles.<\/td>\n<td>Pin\u00e8des calcicoles \u00e0 acidiclines, montagnardes et subalpines.<\/td>\n<\/tr>\n<\/tbody>\n<\/table>\n<table>\n<tbody>\n<tr>\n<td>Alliance<\/td>\n<td>Ordre<\/td>\n<td>Classe<\/td>\n<\/tr>\n<tr>\n<td><strong>Festucion scopariae<\/strong><\/td>\n<td><strong>Ononidetalia striatae<\/strong><\/td>\n<td><strong>Festuco valesiacae-Brometea erecti<\/strong><\/td>\n<\/tr>\n<tr>\n<td>Communaut\u00e9s m\u00e9sox\u00e9rophiles \u00e0 x\u00e9rophiles des Pyr\u00e9n\u00e9es.<\/td>\n<td>Communaut\u00e9s x\u00e9rophiles \u00e0 m\u00e9sox\u00e9rophiles, subm\u00e9diterran\u00e9ennes, et supra- \u00e0 orom\u00e9diterran\u00e9ennes.<\/td>\n<td>Pelouses \u00e0 dominance d\u2019h\u00e9micryptophytes, parfois landines et garrigues sous climat subm\u00e9diterran\u00e9en, x\u00e9rophiles \u00e0 m\u00e9sox\u00e9rophiles, collin\u00e9ennes \u00e0 montagnardes, europ\u00e9ennes et ouest-sib\u00e9riennes, surtout sur substrats carbonat\u00e9s ou basiques.<\/td>\n<\/tr>\n<\/tbody>\n<\/table>\n<table>\n<tbody>\n<tr>\n<td>Sous-alliance<\/td>\n<td>Alliance<\/td>\n<td>Sous-ordre<\/td>\n<td>Ordre<\/td>\n<td>Classe<\/td>\n<\/tr>\n<tr>\n<td><strong>Geranio nodosi-Fagenion sylvaticae<\/strong><\/td>\n<td><strong>Fagion sylvaticae<\/strong><\/td>\n<td><strong>Fagenalia sylvaticae<\/strong><\/td>\n<td><strong>Fagetalia sylvaticae<\/strong><\/td>\n<td><strong>Querco roboris-Fagetea sylvaticae<\/strong><\/td>\n<\/tr>\n<tr>\n<td>Communaut\u00e9s montagnardes m\u00e9ridionales (Tri\u00e8ves, Buech, Alpes du Sud, Corse).<\/td>\n<td>Communaut\u00e9s surtout montagnardes, acidiclines \u00e0 calcicoles.<\/td>\n<td>Communaut\u00e9s le plus souvent mixtes, montagnardes, plus rarement collin\u00e9ennes ou subalpines.<\/td>\n<td>Communaut\u00e9s collin\u00e9ennes et montagnardes, acidiclines \u00e0 calcicoles, non thermophiles.<\/td>\n<td>For\u00eats temp\u00e9r\u00e9es caducifoli\u00e9es ou mixtes, collin\u00e9ennes et montagnardes (plus rarement subalpines), ainsi que supram\u00e9diterran\u00e9ennes.<\/td>\n<\/tr>\n<\/tbody>\n<\/table>\n<table>\n<tbody>\n<tr>\n<td>Alliance<\/td>\n<td>Ordre<\/td>\n<td>Classe<\/td>\n<\/tr>\n<tr>\n<td><strong>Ononidion striatae<\/strong><\/td>\n<td><strong>Ononidetalia striatae<\/strong><\/td>\n<td><strong>Festuco valesiacae-Brometea erecti<\/strong><\/td>\n<\/tr>\n<tr>\n<td>Communaut\u00e9s x\u00e9rophiles ; tr\u00e8s r\u00e9pandues dans les Causses, les Corbi\u00e8res et en Haute-Provence.<\/td>\n<td>Communaut\u00e9s x\u00e9rophiles \u00e0 m\u00e9sox\u00e9rophiles, subm\u00e9diterran\u00e9ennes, et supra- \u00e0 orom\u00e9diterran\u00e9ennes.<\/td>\n<td>Pelouses \u00e0 dominance d\u2019h\u00e9micryptophytes, parfois landines et garrigues sous climat subm\u00e9diterran\u00e9en, x\u00e9rophiles \u00e0 m\u00e9sox\u00e9rophiles, collin\u00e9ennes \u00e0 montagnardes, europ\u00e9ennes et ouest-sib\u00e9riennes, surtout sur substrats carbonat\u00e9s ou basiques.<\/td>\n<\/tr>\n<\/tbody>\n<\/table>\n<table>\n<tbody>\n<tr>\n<td>Alliance<\/td>\n<td>Ordre<\/td>\n<td>Classe<\/td>\n<\/tr>\n<tr>\n<td><strong>Seslerion caeruleae<\/strong><\/td>\n<td><strong>Seslerietalia caeruleae<\/strong><\/td>\n<td><strong>Festuco-Seslerietea caeruleae<\/strong><\/td>\n<\/tr>\n<tr>\n<td>Communaut\u00e9s m\u00e9so-x\u00e9rophiles du Jura et des Alpes.<\/td>\n<td>Communaut\u00e9s montagnardes, subalpines et alpines des massifs europ\u00e9ens.<\/td>\n<td>Pelouses calcicoles nordiques et orophiles.<\/td>\n<\/tr>\n<\/tbody>\n<\/table>\n<table>\n<tbody>\n<tr>\n<td>Alliance<\/td>\n<td>Ordre<\/td>\n<td>Classe<\/td>\n<\/tr>\n<tr>\n<td><strong>Stipo capillatae-Poion carniolicae<\/strong><\/td>\n<td><strong>Festucetalia valesiacae<\/strong><\/td>\n<td><strong>Festuco valesiacae-Brometea erecti<\/strong><\/td>\n<\/tr>\n<tr>\n<td>Communaut\u00e9s ouest-alpines, des vall\u00e9es internes \u00e0 climat continental (Maurienne, Tarentaise, Durance).<\/td>\n<td>Communaut\u00e9s m\u00e9dioeurop\u00e9ennes \u00e0 est-europ\u00e9ennes.<\/td>\n<td>Pelouses \u00e0 dominance d\u2019h\u00e9micryptophytes, parfois landines et garrigues sous climat subm\u00e9diterran\u00e9en, x\u00e9rophiles \u00e0 m\u00e9sox\u00e9rophiles, collin\u00e9ennes \u00e0 montagnardes, europ\u00e9ennes et ouest-sib\u00e9riennes, surtout sur substrats carbonat\u00e9s ou basiques.<\/td>\n<\/tr>\n<\/tbody>\n<\/table>\n<table>\n<tbody>\n<tr>\n<td>Alliance<\/td>\n<td>Ordre<\/td>\n<td>Classe<\/td>\n<\/tr>\n<tr>\n<td><strong>Xerobromion erecti<\/strong><\/td>\n<td><strong>Brometalia erecti<\/strong><\/td>\n<td><strong>Festuco valesiacae-Brometea erecti<\/strong><\/td>\n<\/tr>\n<tr>\n<td>Communaut\u00e9s x\u00e9rophiles plus ou moins ouvertes, de caract\u00e8re subm\u00e9diterran\u00e9en.<\/td>\n<td>Communaut\u00e9s atlantiques \u00e0 subatlantiques.<\/td>\n<td>Pelouses \u00e0 dominance d\u2019h\u00e9micryptophytes, parfois landines et garrigues sous climat subm\u00e9diterran\u00e9en, x\u00e9rophiles \u00e0 m\u00e9sox\u00e9rophiles, collin\u00e9ennes \u00e0 montagnardes, europ\u00e9ennes et ouest-sib\u00e9riennes, surtout sur substrats carbonat\u00e9s ou basiques.<\/td>\n<\/tr>\n<\/tbody>\n<\/table>\n<p><span style=\"text-decoration: underline;\">Sous-esp\u00e8ces ou vari\u00e9t\u00e9s :<\/span><br \/>\n<i>&#8211; Astragalus sempervirens Lam. subsp. sempervirens<br \/>\n&#8211; Astragalus sempervirens subsp. catalaunicus (Braun-Blanq.) La\u00ednz<br \/>\n<\/i><\/p>\n","protected":false},"excerpt":{"rendered":"<p>Une fiche plus r&eacute;cente existe, vous pouvez la consulter ICI Nom : Astragalus sempervirens Lam. ( Astragale toujours vert ) Autre(s) nom(s) : Adragant de montagne, Astrage \u00e9pineux. Famille : FABACEAE Forme biologique : H\u00e9micryptophyte. Pr\u00e9sent dans le(s) d\u00e9partement(s) suivant(s) &hellip; <a href=\"https:\/\/preservons-la-nature.fr\/blog\/?p=3687\">Continuer la lecture <span class=\"meta-nav\">&rarr;<\/span><\/a><\/p>\n","protected":false},"author":1,"featured_media":0,"comment_status":"open","ping_status":"open","sticky":false,"template":"","format":"standard","meta":{"footnotes":""},"categories":[102],"tags":[12],"class_list":["post-3687","post","type-post","status-publish","format-standard","hentry","category-fiche-partielle-de-plantes","tag-fabacees"],"_links":{"self":[{"href":"https:\/\/preservons-la-nature.fr\/blog\/index.php?rest_route=\/wp\/v2\/posts\/3687","targetHints":{"allow":["GET"]}}],"collection":[{"href":"https:\/\/preservons-la-nature.fr\/blog\/index.php?rest_route=\/wp\/v2\/posts"}],"about":[{"href":"https:\/\/preservons-la-nature.fr\/blog\/index.php?rest_route=\/wp\/v2\/types\/post"}],"author":[{"embeddable":true,"href":"https:\/\/preservons-la-nature.fr\/blog\/index.php?rest_route=\/wp\/v2\/users\/1"}],"replies":[{"embeddable":true,"href":"https:\/\/preservons-la-nature.fr\/blog\/index.php?rest_route=%2Fwp%2Fv2%2Fcomments&post=3687"}],"version-history":[{"count":1,"href":"https:\/\/preservons-la-nature.fr\/blog\/index.php?rest_route=\/wp\/v2\/posts\/3687\/revisions"}],"predecessor-version":[{"id":3691,"href":"https:\/\/preservons-la-nature.fr\/blog\/index.php?rest_route=\/wp\/v2\/posts\/3687\/revisions\/3691"}],"wp:attachment":[{"href":"https:\/\/preservons-la-nature.fr\/blog\/index.php?rest_route=%2Fwp%2Fv2%2Fmedia&parent=3687"}],"wp:term":[{"taxonomy":"category","embeddable":true,"href":"https:\/\/preservons-la-nature.fr\/blog\/index.php?rest_route=%2Fwp%2Fv2%2Fcategories&post=3687"},{"taxonomy":"post_tag","embeddable":true,"href":"https:\/\/preservons-la-nature.fr\/blog\/index.php?rest_route=%2Fwp%2Fv2%2Ftags&post=3687"}],"curies":[{"name":"wp","href":"https:\/\/api.w.org\/{rel}","templated":true}]}}