{"id":3671,"date":"2014-07-10T00:42:43","date_gmt":"2014-07-09T23:42:43","guid":{"rendered":"https:\/\/www.preservons-la-nature.fr\/blog\/?p=3671"},"modified":"2014-06-27T07:46:02","modified_gmt":"2014-06-27T06:46:02","slug":"cladium-mariscus-l-pohl-marisque","status":"publish","type":"post","link":"https:\/\/preservons-la-nature.fr\/blog\/?p=3671","title":{"rendered":"Cladium mariscus (L.) Pohl ( Marisque )"},"content":{"rendered":"<p><STRONG>Une fiche plus r&eacute;cente existe, vous pouvez la consulter <a href=\"https:\/\/www.preservons-la-nature.fr\/flore\/taxon\/277.html\">ICI<\/a><\/STRONG><div id=\"attachment_3672\" style=\"width: 618px\" class=\"wp-caption aligncenter\"><a href=\"https:\/\/www.preservons-la-nature.fr\/blog\/wp-content\/uploads\/2014\/06\/DSC08365.jpg\" target=\"_blank\"><img loading=\"lazy\" decoding=\"async\" aria-describedby=\"caption-attachment-3672\" class=\"wp-image-3672 \" title=\"Cladium mariscus (L.) Pohl ( Marisque )\" src=\"https:\/\/www.preservons-la-nature.fr\/blog\/wp-content\/uploads\/2014\/06\/DSC08365.jpg\" alt=\"Cladium mariscus (L.) Pohl ( Marisque )\" width=\"608\" height=\"912\" srcset=\"https:\/\/preservons-la-nature.fr\/blog\/wp-content\/uploads\/2014\/06\/DSC08365.jpg 667w, https:\/\/preservons-la-nature.fr\/blog\/wp-content\/uploads\/2014\/06\/DSC08365-200x300.jpg 200w, https:\/\/preservons-la-nature.fr\/blog\/wp-content\/uploads\/2014\/06\/DSC08365-533x800.jpg 533w\" sizes=\"auto, (max-width: 608px) 100vw, 608px\" \/><\/a><p id=\"caption-attachment-3672\" class=\"wp-caption-text\">Cladium mariscus (L.) Pohl ( Marisque )<\/p><\/div><\/p>\n<p><strong><span style=\"text-decoration: underline;\">Nom :<\/span><\/strong> <i>Cladium mariscus (L.) Pohl<\/i> ( Marisque )<\/p>\n<p><strong><span style=\"text-decoration: underline;\">Autre(s) nom(s) :<\/span><\/strong><br \/>\nCladium des marais.<\/p>\n<p><strong><span style=\"text-decoration: underline;\">Famille :<\/span><\/strong> CYPERACEAE<\/p>\n<p><strong><span style=\"text-decoration: underline;\">Floraison :<\/span><\/strong> Juin &#8211; Ao\u00fbt<\/p>\n<p><strong><span style=\"text-decoration: underline;\">Forme biologique :<\/span><\/strong><br \/>\nH\u00e9lophyte, H\u00e9micryptophyte.<\/p>\n<p><strong><span style=\"text-decoration: underline;\">Protection :<\/span><\/strong><br \/>\n&#8211; Liste des esp\u00e8ces v\u00e9g\u00e9tales prot\u00e9g\u00e9es en r\u00e9gion Alsace Article 1 (1993)<br \/>\n&#8211; Liste des esp\u00e8ces v\u00e9g\u00e9tales prot\u00e9g\u00e9es en r\u00e9gion Centre Article 1 (1993)<br \/>\n&#8211; Liste des esp\u00e8ces v\u00e9g\u00e9tales prot\u00e9g\u00e9es en r\u00e9gion Champagne-Ardenne Article 2 (1988)<br \/>\n&#8211; Liste des esp\u00e8ces v\u00e9g\u00e9tales prot\u00e9g\u00e9es en r\u00e9gion Lorraine Article 1 (1994)<br \/>\n&#8211; Liste des esp\u00e8ces v\u00e9g\u00e9tales prot\u00e9g\u00e9es en r\u00e9gion Midi-Pyr\u00e9n\u00e9es Article 1 (2004)<br \/>\n&#8211; Liste des esp\u00e8ces v\u00e9g\u00e9tales prot\u00e9g\u00e9es en r\u00e9gion Nord-Pas-de-Calais Article 1 (1991)<br \/>\n&#8211; Liste rouge europ\u00e9enne IUCN 2012 LC<\/p>\n<p><strong><span style=\"text-decoration: underline;\">Description dans la flore de Coste :<\/span><\/strong><br \/>\nPlante vivace \u00e9galant ou d\u00e9passant 1 m\u00e8tre, glabre, \u00e0 grosse souche tra\u00e7ante ; tige robuste, noueuse, cylindrique, creuse, lisse, feuill\u00e9e jusqu&rsquo;au sommet ; feuilles et bract\u00e9es engainantes, larges de 5-10 mm, tr\u00e8s scabres, denticul\u00e9es-coupantes sur les bords et la car\u00e8ne ; inflorescence en longue panicule \u00e9tag\u00e9e form\u00e9e d&rsquo;ombelles p\u00e9doncul\u00e9es, espac\u00e9es; \u00e9pillets fascicules, rouss\u00e2tres, oblongs-aigus, \u00e0 1-3 fleurs hermaphrodites ; \u00e9cailles 5-6, ovales-obtuses, fortement imbriqu\u00e9es tout autour, les inf\u00e9rieures plus petites st\u00e9riles ; 2 \u00e9tamines, \u00e0 anth\u00e8res mucron\u00e9es ; style \u00e0 base renfl\u00e9e persistante ; 2-3 stigmates glabres ; ak\u00e8ne nu, brun luisant, ovo\u00efde-conique.<\/p>\n<div id=\"attachment_3673\" style=\"width: 616px\" class=\"wp-caption aligncenter\"><a href=\"https:\/\/www.preservons-la-nature.fr\/blog\/wp-content\/uploads\/2014\/06\/DSC08368.jpg\" target=\"_blank\"><img loading=\"lazy\" decoding=\"async\" aria-describedby=\"caption-attachment-3673\" class=\"wp-image-3673 \" title=\"Cladium mariscus (L.) Pohl ( Marisque )\" src=\"https:\/\/www.preservons-la-nature.fr\/blog\/wp-content\/uploads\/2014\/06\/DSC08368.jpg\" alt=\"Cladium mariscus (L.) Pohl ( Marisque )\" width=\"606\" height=\"909\" srcset=\"https:\/\/preservons-la-nature.fr\/blog\/wp-content\/uploads\/2014\/06\/DSC08368.jpg 667w, https:\/\/preservons-la-nature.fr\/blog\/wp-content\/uploads\/2014\/06\/DSC08368-200x300.jpg 200w, https:\/\/preservons-la-nature.fr\/blog\/wp-content\/uploads\/2014\/06\/DSC08368-533x800.jpg 533w\" sizes=\"auto, (max-width: 606px) 100vw, 606px\" \/><\/a><p id=\"caption-attachment-3673\" class=\"wp-caption-text\">Cladium mariscus (L.) Pohl ( Marisque )<\/p><\/div>\n<p><strong><span style=\"text-decoration: underline;\">Pr\u00e9sent dans le(s) d\u00e9partement(s) suivant(s) :<\/span><\/strong><br \/>\nAin, Aisne, Alpes-de-Haute-Provence, Alpes-Maritimes, Ardennes, Aube, Aude, Aveyron, Bas-Rhin, Bouches-du-Rh\u00f4ne, Calvados, Charente, Charente-Maritime, Cher, Corse-du-Sud, C\u00f4te-d&rsquo;Or, C\u00f4tes-d&rsquo;Armor, Deux-S\u00e8vres, Dordogne, Doubs, Essonne, Eure, Eure-et-Loir, Finist\u00e8re, Gard, Gironde, Haute-Corse, Haute-Garonne, Haute-Marne, Hautes-Alpes, Haute-Sa\u00f4ne, Hautes-Pyr\u00e9n\u00e9es, H\u00e9rault, Ille-et-Vilaine, Indre, Indre-et-Loire, Is\u00e8re, Jura, Landes, Loire-Atlantique, Loiret, Loir-et-Cher, Lot, Lot-et-Garonne, Maine-et-Loire, Manche, Marne, Meurthe-et-Moselle, Meuse, Morbihan, Moselle, Ni\u00e8vre, Nord, Oise, Orne, Pas-de-Calais, Pyr\u00e9n\u00e9es-Atlantiques, Pyr\u00e9n\u00e9es-Orientales, Sa\u00f4ne-et-Loire, Sarthe, Seine-et-Marne, Seine-Maritime, Somme, Val-d&rsquo;Oise, Var, Vaucluse, Vend\u00e9e, Vienne, Yonne, Yvelines.<\/p>\n<div id=\"attachment_3674\" style=\"width: 610px\" class=\"wp-caption aligncenter\"><a href=\"https:\/\/www.preservons-la-nature.fr\/blog\/?attachment_id=3674\" rel=\"attachment wp-att-3674\"><img loading=\"lazy\" decoding=\"async\" aria-describedby=\"caption-attachment-3674\" class=\"size-full wp-image-3674\" src=\"https:\/\/www.preservons-la-nature.fr\/blog\/wp-content\/uploads\/2014\/06\/carte23.jpg\" alt=\"R\u00e9partition de Cladium mariscus (L.) Pohl ( Marisque )\" width=\"600\" height=\"600\" srcset=\"https:\/\/preservons-la-nature.fr\/blog\/wp-content\/uploads\/2014\/06\/carte23.jpg 600w, https:\/\/preservons-la-nature.fr\/blog\/wp-content\/uploads\/2014\/06\/carte23-150x150.jpg 150w, https:\/\/preservons-la-nature.fr\/blog\/wp-content\/uploads\/2014\/06\/carte23-300x300.jpg 300w\" sizes=\"auto, (max-width: 600px) 100vw, 600px\" \/><\/a><p id=\"caption-attachment-3674\" class=\"wp-caption-text\">R\u00e9partition de Cladium mariscus (L.) Pohl ( Marisque )<\/p><\/div>\n<p><strong><span style=\"text-decoration: underline;\">Phytosociologie :<\/span><i><\/i><\/strong><\/p>\n<table>\n<tbody>\n<tr>\n<td>Alliance<\/td>\n<td>Ordre<\/td>\n<td>Classe<\/td>\n<\/tr>\n<tr>\n<td><strong>Alnion glutinosae<\/strong><\/td>\n<td><strong>Alnetalia glutinosae<\/strong><\/td>\n<td><strong>Alnetea glutinosae<\/strong><\/td>\n<\/tr>\n<tr>\n<td>Communaut\u00e9s m\u00e9so-eutrophes.<\/td>\n<td>Communaut\u00e9s domin\u00e9es par l&rsquo;aulne glutineux, parfois par le bouleau pubescent.<\/td>\n<td>For\u00eats d&rsquo;aulnes, parfois de bouleaux ou de saules des d\u00e9pressions mar\u00e9cageuses, sur sol engorg\u00e9 une grande partie de l&rsquo;ann\u00e9e ; Europe temp\u00e9r\u00e9e, aux \u00e9tages planitiaire, collin\u00e9en et montagnard.<\/td>\n<\/tr>\n<\/tbody>\n<\/table>\n<table>\n<tbody>\n<tr>\n<td>Ordre<\/td>\n<td>Classe<\/td>\n<\/tr>\n<tr>\n<td><strong>Caricetalia davallianae<\/strong><\/td>\n<td><strong>Scheuchzerio palustris-Caricetea fuscae<\/strong><\/td>\n<\/tr>\n<tr>\n<td>Communaut\u00e9s de bas-marais alcalins \u00e0 m\u00e9sotrophes, sur sol neutro-basique, tourbeux \u00e0 min\u00e9ral.<\/td>\n<td>V\u00e9g\u00e9tation hygrophile de bas-marais, \u00e0 dominance d\u2019h\u00e9micryptophytes, collin\u00e9enne \u00e0 alpine, sur sol tourbeux, paratourbeux ou min\u00e9ral, oligotrophe \u00e0 m\u00e9sotrophe.<\/td>\n<\/tr>\n<\/tbody>\n<\/table>\n<table>\n<tbody>\n<tr>\n<td>Alliance<\/td>\n<td>Ordre<\/td>\n<td>Classe<\/td>\n<\/tr>\n<tr>\n<td><strong>Magnocaricion elatae<\/strong><\/td>\n<td><strong>Magnocaricetalia elatae<\/strong><\/td>\n<td><strong>Phragmiti australis-Magnocaricetea elatae<\/strong><\/td>\n<\/tr>\n<tr>\n<td>Communaut\u00e9s des sols m\u00e9sotrophes \u00e0 dystrophes, souvent tourbeux.<\/td>\n<td>Communaut\u00e9s des sols riches en mati\u00e8re organique, \u00e0 \u00e9l\u00e9ments fins, m\u00e9sotrophes \u00e0 eutrophes, \u00e0 inondation moins prolong\u00e9e.<\/td>\n<td>V\u00e9g\u00e9tation des bords d&rsquo;\u00e9tangs, lacs, rivi\u00e8res et marais sur sol m\u00e9sotrophe \u00e0 eutrophe, parfois tourbeux.<\/td>\n<\/tr>\n<\/tbody>\n<\/table>\n<table>\n<tbody>\n<tr>\n<td>Classe<\/td>\n<\/tr>\n<tr>\n<td><strong>Phragmiti australis-Magnocaricetea elatae<\/strong><\/td>\n<\/tr>\n<tr>\n<td>V\u00e9g\u00e9tation des bords d&rsquo;\u00e9tangs, lacs, rivi\u00e8res et marais sur sol m\u00e9sotrophe \u00e0 eutrophe, parfois tourbeux.<\/td>\n<\/tr>\n<\/tbody>\n<\/table>\n<table>\n<tbody>\n<tr>\n<td>Alliance<\/td>\n<td>Ordre<\/td>\n<td>Classe<\/td>\n<\/tr>\n<tr>\n<td><strong>Salicion cinereae<\/strong><\/td>\n<td><strong>Salicetalia auritae<\/strong><\/td>\n<td><strong>Alnetea glutinosae<\/strong><\/td>\n<\/tr>\n<tr>\n<td><\/td>\n<td>Communaut\u00e9s domin\u00e9es par des saules, pionni\u00e8res ou permanentes sur les sols les plus engorg\u00e9s.<\/td>\n<td>For\u00eats d&rsquo;aulnes, parfois de bouleaux ou de saules des d\u00e9pressions mar\u00e9cageuses, sur sol engorg\u00e9 une grande partie de l&rsquo;ann\u00e9e ; Europe temp\u00e9r\u00e9e, aux \u00e9tages planitiaire, collin\u00e9en et montagnard.<\/td>\n<\/tr>\n<\/tbody>\n<\/table>\n<p><strong><span style=\"text-decoration: underline;\">Taxonomie :<\/span><\/strong><br \/>\n<i>Cladium mariscus (L.) Pohl<\/i> a pour synonymes (Informations issues de la BDTFX Version 2.0, <a href=\"http:\/\/www.tela-botanica.org\" target=\"_blank\">Tela Botanica<\/a>) :<i><br \/>\n&#8211; Cladium durandoi Chabert<br \/>\n&#8211; Cladium germanicum Schrad.<br \/>\n&#8211; Cladium giganteum Willk.<br \/>\n&#8211; Cladium jamaicense Crantz<br \/>\n&#8211; Cladium leptostachyum Nees<br \/>\n&#8211; Cladium mariscus var. durandoi (Chabert) P.Fourn.<br \/>\n&#8211; Cladium occidentale Schrad.<br \/>\n&#8211; Cladium procerum S.T.Blake<br \/>\n&#8211; Gahnia mariscus (L.) F.Muell.<br \/>\n&#8211; Machaerina procera (S.T.Blake) T.Koyama<br \/>\n&#8211; Mariscus cladium (Sw.) Kuntze<br \/>\n&#8211; Mariscus serratus Gilib.<br \/>\n&#8211; Schoenus cladium Sw.<br \/>\n&#8211; Schoenus effusus Sw.<br \/>\n&#8211; Schoenus mariscus L.<br \/>\n&#8211; Scirpus excelsus Salisb.<br \/>\n<\/i><\/p>\n","protected":false},"excerpt":{"rendered":"<p>Une fiche plus r&eacute;cente existe, vous pouvez la consulter ICI Nom : Cladium mariscus (L.) Pohl ( Marisque ) Autre(s) nom(s) : Cladium des marais. Famille : CYPERACEAE Floraison : Juin &#8211; Ao\u00fbt Forme biologique : H\u00e9lophyte, H\u00e9micryptophyte. Protection : &hellip; <a href=\"https:\/\/preservons-la-nature.fr\/blog\/?p=3671\">Continuer la lecture <span class=\"meta-nav\">&rarr;<\/span><\/a><\/p>\n","protected":false},"author":1,"featured_media":0,"comment_status":"open","ping_status":"open","sticky":false,"template":"","format":"standard","meta":{"footnotes":""},"categories":[102],"tags":[64],"class_list":["post-3671","post","type-post","status-publish","format-standard","hentry","category-fiche-partielle-de-plantes","tag-cyperacees"],"_links":{"self":[{"href":"https:\/\/preservons-la-nature.fr\/blog\/index.php?rest_route=\/wp\/v2\/posts\/3671","targetHints":{"allow":["GET"]}}],"collection":[{"href":"https:\/\/preservons-la-nature.fr\/blog\/index.php?rest_route=\/wp\/v2\/posts"}],"about":[{"href":"https:\/\/preservons-la-nature.fr\/blog\/index.php?rest_route=\/wp\/v2\/types\/post"}],"author":[{"embeddable":true,"href":"https:\/\/preservons-la-nature.fr\/blog\/index.php?rest_route=\/wp\/v2\/users\/1"}],"replies":[{"embeddable":true,"href":"https:\/\/preservons-la-nature.fr\/blog\/index.php?rest_route=%2Fwp%2Fv2%2Fcomments&post=3671"}],"version-history":[{"count":1,"href":"https:\/\/preservons-la-nature.fr\/blog\/index.php?rest_route=\/wp\/v2\/posts\/3671\/revisions"}],"predecessor-version":[{"id":3675,"href":"https:\/\/preservons-la-nature.fr\/blog\/index.php?rest_route=\/wp\/v2\/posts\/3671\/revisions\/3675"}],"wp:attachment":[{"href":"https:\/\/preservons-la-nature.fr\/blog\/index.php?rest_route=%2Fwp%2Fv2%2Fmedia&parent=3671"}],"wp:term":[{"taxonomy":"category","embeddable":true,"href":"https:\/\/preservons-la-nature.fr\/blog\/index.php?rest_route=%2Fwp%2Fv2%2Fcategories&post=3671"},{"taxonomy":"post_tag","embeddable":true,"href":"https:\/\/preservons-la-nature.fr\/blog\/index.php?rest_route=%2Fwp%2Fv2%2Ftags&post=3671"}],"curies":[{"name":"wp","href":"https:\/\/api.w.org\/{rel}","templated":true}]}}