{"id":3667,"date":"2014-07-09T00:39:34","date_gmt":"2014-07-08T23:39:34","guid":{"rendered":"https:\/\/www.preservons-la-nature.fr\/blog\/?p=3667"},"modified":"2014-06-27T07:42:40","modified_gmt":"2014-06-27T06:42:40","slug":"ceratochloa-cathartica-vahl-herter-brome-purgatif","status":"publish","type":"post","link":"https:\/\/preservons-la-nature.fr\/blog\/?p=3667","title":{"rendered":"Ceratochloa cathartica (Vahl) Herter ( Brome purgatif )"},"content":{"rendered":"<p><STRONG>Une fiche plus r&eacute;cente existe, vous pouvez la consulter <a href=\"https:\/\/www.preservons-la-nature.fr\/flore\/taxon\/254.html\">ICI<\/a><\/STRONG><div id=\"attachment_3668\" style=\"width: 1010px\" class=\"wp-caption aligncenter\"><a href=\"https:\/\/www.preservons-la-nature.fr\/blog\/wp-content\/uploads\/2014\/06\/DSC08271.jpg\" target=\"_blank\"><img loading=\"lazy\" decoding=\"async\" aria-describedby=\"caption-attachment-3668\" class=\"wp-image-3668 size-full\" title=\"Ceratochloa cathartica (Vahl) Herter ( Brome purgatif )\" src=\"https:\/\/www.preservons-la-nature.fr\/blog\/wp-content\/uploads\/2014\/06\/DSC08271.jpg\" alt=\"Ceratochloa cathartica (Vahl) Herter ( Brome purgatif )\" width=\"1000\" height=\"667\" srcset=\"https:\/\/preservons-la-nature.fr\/blog\/wp-content\/uploads\/2014\/06\/DSC08271.jpg 1000w, https:\/\/preservons-la-nature.fr\/blog\/wp-content\/uploads\/2014\/06\/DSC08271-300x200.jpg 300w\" sizes=\"auto, (max-width: 1000px) 100vw, 1000px\" \/><\/a><p id=\"caption-attachment-3668\" class=\"wp-caption-text\">Ceratochloa cathartica (Vahl) Herter ( Brome purgatif )<\/p><\/div><\/p>\n<p><strong><span style=\"text-decoration: underline;\">Nom :<\/span><\/strong> <i>Ceratochloa cathartica (Vahl) Herter<\/i> ( Brome purgatif )<\/p>\n<p><strong><span style=\"text-decoration: underline;\">Autre(s) nom(s) :<\/span><\/strong><br \/>\nBrome faux Uniola.<\/p>\n<p><strong><span style=\"text-decoration: underline;\">Famille :<\/span><\/strong> POACEAE<\/p>\n<p><strong><span style=\"text-decoration: underline;\">Floraison :<\/span><\/strong> Mai &#8211; Septembre<\/p>\n<p><strong><span style=\"text-decoration: underline;\">Description dans la flore de Coste :<\/span><\/strong><br \/>\nPlante vivace de 1-2 m\u00e8tres, pubescente sur les gaines, \u00e0 souche fibreuse ; tiges robustes, glabres ; feuilles d&rsquo;un vert clair, larges de 5-12 mm, rudes, glabres ; ligule courte, tronqu\u00e9e, d\u00e9chir\u00e9e ; panicule d&rsquo;un vert p\u00e2le, grande, l\u00e2che, dress\u00e9e, puis pench\u00e9e d&rsquo;un cot\u00e9, \u00e0 rameaux scabres r\u00e9unis par 2-3 ; \u00e9pillets grands (2-3 cm), ovales-oblongs, tr\u00e8s comprim\u00e9s, glabres, \u00e0 6-8 fleurs \u00e0 peine arist\u00e9es ; glumes peu in\u00e9gales, \u00e0 7 nervures ; glumelles tr\u00e8s in\u00e9gales, l&rsquo;inf\u00e9rieure fortement car\u00e9n\u00e9e, \u00e0 9 nervures, bident\u00e9e, \u00e0 ar\u00eate tr\u00e8s courte ; caryopse \u00e0 3 cornes poilues.<\/p>\n<p><strong><span style=\"text-decoration: underline;\">Pr\u00e9sent dans le(s) d\u00e9partement(s) suivant(s) :<\/span><\/strong><br \/>\nAlpes-de-Haute-Provence, Alpes-Maritimes, Ardennes, Bouches-du-Rh\u00f4ne, Calvados, Cher, C\u00f4te-d&rsquo;Or, C\u00f4tes-d&rsquo;Armor, Dordogne, Doubs, Essonne, Eure-et-Loir, Finist\u00e8re, Haute-Loire, Haute-Marne, Hautes-Alpes, Hauts-de-Seine, Ille-et-Vilaine, Indre, Indre-et-Loire, Is\u00e8re, Jura, Loire-Atlantique, Loiret, Loir-et-Cher, Lot-et-Garonne, Loz\u00e8re, Maine-et-Loire, Manche, Marne, Mayenne, Morbihan, Ni\u00e8vre, Orne, Paris, Pyr\u00e9n\u00e9es-Orientales, Sa\u00f4ne-et-Loire, Sarthe, Seine-et-Marne, Seine-Saint-Denis, Tarn-et-Garonne, Val-de-Marne, Val-d&rsquo;Oise, Var, Vaucluse, Vend\u00e9e, Yonne, Yvelines.<br \/>\n<div id=\"attachment_3669\" style=\"width: 610px\" class=\"wp-caption aligncenter\"><a href=\"https:\/\/www.preservons-la-nature.fr\/blog\/?attachment_id=3669\" rel=\"attachment wp-att-3669\"><img loading=\"lazy\" decoding=\"async\" aria-describedby=\"caption-attachment-3669\" src=\"https:\/\/www.preservons-la-nature.fr\/blog\/wp-content\/uploads\/2014\/06\/carte22.jpg\" alt=\"R\u00e9partition de Ceratochloa cathartica (Vahl) Herter ( Brome purgatif )\" width=\"600\" height=\"600\" class=\"size-full wp-image-3669\" srcset=\"https:\/\/preservons-la-nature.fr\/blog\/wp-content\/uploads\/2014\/06\/carte22.jpg 600w, https:\/\/preservons-la-nature.fr\/blog\/wp-content\/uploads\/2014\/06\/carte22-150x150.jpg 150w, https:\/\/preservons-la-nature.fr\/blog\/wp-content\/uploads\/2014\/06\/carte22-300x300.jpg 300w\" sizes=\"auto, (max-width: 600px) 100vw, 600px\" \/><\/a><p id=\"caption-attachment-3669\" class=\"wp-caption-text\">R\u00e9partition de Ceratochloa cathartica (Vahl) Herter ( Brome purgatif )<\/p><\/div><br \/>\n<strong><span style=\"text-decoration: underline;\">Taxonomie :<\/span><\/strong><br \/>\n<i>Ceratochloa cathartica (Vahl) Herter<\/i> a pour synonymes (Informations issues de la BDTFX Version 2.0, <a href=\"http:\/\/www.tela-botanica.org\" target=\"_blank\">Tela Botanica<\/a>) :<i><br \/>\n&#8211; Bromus angustatus Pilg.<br \/>\n&#8211; Bromus breviaristatus (Hook.) Thurb.<br \/>\n&#8211; Bromus brongnartii Kunth<br \/>\n&#8211; Bromus catharticus Vahl<br \/>\n&#8211; Bromus haenkeanus (C.Presl) Kunth<br \/>\n&#8211; Bromus mathewsii Steud.<br \/>\n&#8211; Bromus schraderi Kunth<br \/>\n&#8211; Bromus schraderi var. lasiophyllus Goiran<br \/>\n&#8211; Bromus schraderi var. leiophyllus Goiran<br \/>\n&#8211; Bromus strictus Brongn.<br \/>\n&#8211; Bromus unioloides (Willd.) Raspail<br \/>\n&#8211; Bromus unioloides Kunth<br \/>\n&#8211; Bromus unioloides var. elatius E.Desv.<br \/>\n&#8211; Bromus unioloides var. grandiflorus Kloos<br \/>\n&#8211; Bromus unioloides var. haenkeanus (C.Presl) Shear<br \/>\n&#8211; Bromus unioloides var. hirsutus Speg.<br \/>\n&#8211; Bromus unioloides var. humilis Speg.<br \/>\n&#8211; Bromus unioloides var. major Zobel<br \/>\n&#8211; Bromus unioloides var. micranthus Speg.<br \/>\n&#8211; Bromus unioloides var. montanus Hack.<br \/>\n&#8211; Bromus unioloides var. pubescens Hack.<br \/>\n&#8211; Bromus unioloides var. sanjuaninus Hieron.<br \/>\n&#8211; Bromus willdenowii Kunth<br \/>\n&#8211; Bromus willdenowii var. lasiophyllus (Goiran) Beetle<br \/>\n&#8211; Ceratochloa breviaristata Hook.<br \/>\n&#8211; Ceratochloa festucoides P.Beauv.<br \/>\n&#8211; Ceratochloa haenkeana C.Presl<br \/>\n&#8211; Ceratochloa pendula Schrad.<br \/>\n&#8211; Ceratochloa secunda C.Presl<br \/>\n&#8211; Ceratochloa unioloides (Kunth) P.Beauv.<br \/>\n&#8211; Ceratochloa unioloides (Willd.) DC.<br \/>\n&#8211; Ceratochloa unioloides var. glauca Schltdl.<br \/>\n&#8211; Festuca quitensis Spreng.<br \/>\n&#8211; Festuca unioloides Willd.<br \/>\n&#8211; Forasaccus breviaristatus (Hook.) Lunell<br \/>\n&#8211; Schedonorus unioloides (Kunth) Roem. &amp; Schult.<br \/>\n&#8211; Serrafalcus unioloides (Kunth) Samp.<br \/>\n&#8211; Zerna unioloides (Kunth) Lindm.<br \/>\n<\/i><\/p>\n","protected":false},"excerpt":{"rendered":"<p>Une fiche plus r&eacute;cente existe, vous pouvez la consulter ICI Nom : Ceratochloa cathartica (Vahl) Herter ( Brome purgatif ) Autre(s) nom(s) : Brome faux Uniola. Famille : POACEAE Floraison : Mai &#8211; Septembre Description dans la flore de Coste &hellip; <a href=\"https:\/\/preservons-la-nature.fr\/blog\/?p=3667\">Continuer la lecture <span class=\"meta-nav\">&rarr;<\/span><\/a><\/p>\n","protected":false},"author":1,"featured_media":0,"comment_status":"open","ping_status":"open","sticky":false,"template":"","format":"standard","meta":{"footnotes":""},"categories":[102],"tags":[80],"class_list":["post-3667","post","type-post","status-publish","format-standard","hentry","category-fiche-partielle-de-plantes","tag-poacees"],"_links":{"self":[{"href":"https:\/\/preservons-la-nature.fr\/blog\/index.php?rest_route=\/wp\/v2\/posts\/3667","targetHints":{"allow":["GET"]}}],"collection":[{"href":"https:\/\/preservons-la-nature.fr\/blog\/index.php?rest_route=\/wp\/v2\/posts"}],"about":[{"href":"https:\/\/preservons-la-nature.fr\/blog\/index.php?rest_route=\/wp\/v2\/types\/post"}],"author":[{"embeddable":true,"href":"https:\/\/preservons-la-nature.fr\/blog\/index.php?rest_route=\/wp\/v2\/users\/1"}],"replies":[{"embeddable":true,"href":"https:\/\/preservons-la-nature.fr\/blog\/index.php?rest_route=%2Fwp%2Fv2%2Fcomments&post=3667"}],"version-history":[{"count":1,"href":"https:\/\/preservons-la-nature.fr\/blog\/index.php?rest_route=\/wp\/v2\/posts\/3667\/revisions"}],"predecessor-version":[{"id":3670,"href":"https:\/\/preservons-la-nature.fr\/blog\/index.php?rest_route=\/wp\/v2\/posts\/3667\/revisions\/3670"}],"wp:attachment":[{"href":"https:\/\/preservons-la-nature.fr\/blog\/index.php?rest_route=%2Fwp%2Fv2%2Fmedia&parent=3667"}],"wp:term":[{"taxonomy":"category","embeddable":true,"href":"https:\/\/preservons-la-nature.fr\/blog\/index.php?rest_route=%2Fwp%2Fv2%2Fcategories&post=3667"},{"taxonomy":"post_tag","embeddable":true,"href":"https:\/\/preservons-la-nature.fr\/blog\/index.php?rest_route=%2Fwp%2Fv2%2Ftags&post=3667"}],"curies":[{"name":"wp","href":"https:\/\/api.w.org\/{rel}","templated":true}]}}