{"id":3645,"date":"2014-07-05T00:16:25","date_gmt":"2014-07-04T23:16:25","guid":{"rendered":"https:\/\/www.preservons-la-nature.fr\/blog\/?p=3645"},"modified":"2014-06-26T12:51:42","modified_gmt":"2014-06-26T11:51:42","slug":"carex-extensa-gooden-laiche-etiree","status":"publish","type":"post","link":"https:\/\/preservons-la-nature.fr\/blog\/?p=3645","title":{"rendered":"Carex extensa Gooden. ( La\u00eeche \u00e9tir\u00e9e  )"},"content":{"rendered":"<p><STRONG>Une fiche plus r&eacute;cente existe, vous pouvez la consulter <a href=\"https:\/\/www.preservons-la-nature.fr\/flore\/taxon\/1913.html\">ICI<\/a><\/STRONG><div id=\"attachment_3646\" style=\"width: 677px\" class=\"wp-caption aligncenter\"><a href=\"https:\/\/www.preservons-la-nature.fr\/blog\/wp-content\/uploads\/2014\/06\/DSC07878.jpg\" target=\"_blank\"><img loading=\"lazy\" decoding=\"async\" aria-describedby=\"caption-attachment-3646\" class=\"wp-image-3646 size-full\" title=\"Carex extensa Gooden. ( La\u00eeche \u00e9tir\u00e9e  )\" src=\"https:\/\/www.preservons-la-nature.fr\/blog\/wp-content\/uploads\/2014\/06\/DSC07878.jpg\" alt=\"Carex extensa Gooden. ( La\u00eeche \u00e9tir\u00e9e  )\" width=\"667\" height=\"1000\" srcset=\"https:\/\/preservons-la-nature.fr\/blog\/wp-content\/uploads\/2014\/06\/DSC07878.jpg 667w, https:\/\/preservons-la-nature.fr\/blog\/wp-content\/uploads\/2014\/06\/DSC07878-200x300.jpg 200w, https:\/\/preservons-la-nature.fr\/blog\/wp-content\/uploads\/2014\/06\/DSC07878-533x800.jpg 533w\" sizes=\"auto, (max-width: 667px) 100vw, 667px\" \/><\/a><p id=\"caption-attachment-3646\" class=\"wp-caption-text\">Carex extensa Gooden. ( La\u00eeche \u00e9tir\u00e9e )<\/p><\/div><\/p>\n<p><strong><span style=\"text-decoration: underline;\">Nom :<\/span><\/strong> <i>Carex extensa Gooden.<\/i> ( La\u00eeche \u00e9tir\u00e9e\u00a0 )<\/p>\n<p><strong><span style=\"text-decoration: underline;\">Famille :<\/span><\/strong> CYPERACEAE<\/p>\n<p><strong><span style=\"text-decoration: underline;\">Floraison :<\/span><\/strong> Avril &#8211; Juillet<\/p>\n<p><strong><span style=\"text-decoration: underline;\">Protection :<\/span><\/strong><br \/>\n&#8211; Liste des esp\u00e8ces v\u00e9g\u00e9tales prot\u00e9g\u00e9es en r\u00e9gion Nord-Pas-de-Calais Article 1 (1991)<\/p>\n<p><strong><span style=\"text-decoration: underline;\">Description dans la flore de Coste :<\/span><\/strong><br \/>\nPlante vivace de 20-60 cm, glabre, \u00e0 souche gazonnante ; tige subtrigone, tr\u00e8s lisse ; feuilles d&rsquo;un vert p\u00e2le, raides, longues, \u00e9troites (1-2 mm), enroul\u00e9es-canalicul\u00e9es, rudes au sommet ; 1-2 \u00e9pis m\u00e2les, en fuseau, fauves ; 2-4 \u00e9pis femelles rapproch\u00e9s, ovo\u00efdes-oblongs (8-15 mm), denses, dress\u00e9s, subsessiles, l&rsquo;inf\u00e9rieur souvent \u00e9cart\u00e9 ; bract\u00e9e inf\u00e9rieure engainante, toutes filiformes d\u00e9passant beaucoup la tige ; \u00e9cailles fauves, ovales-mucron\u00e9es ; utricules verd\u00e2tres, ascendants, elliptiques-trigones (3 1\/2 mm), nerv\u00e9s, \u00e0 bec court bident\u00e9 lisse, d\u00e9passant l&rsquo;\u00e9caille.<\/p>\n<div id=\"attachment_3647\" style=\"width: 1010px\" class=\"wp-caption aligncenter\"><a href=\"https:\/\/www.preservons-la-nature.fr\/blog\/?attachment_id=3647\" target=\"_blank\"><img loading=\"lazy\" decoding=\"async\" aria-describedby=\"caption-attachment-3647\" class=\"wp-image-3647 size-full\" title=\"Carex extensa Gooden. ( La\u00eeche \u00e9tir\u00e9e  )\" src=\"https:\/\/www.preservons-la-nature.fr\/blog\/wp-content\/uploads\/2014\/06\/DSC08726.jpg\" alt=\"Carex extensa Gooden. ( La\u00eeche \u00e9tir\u00e9e  )\" width=\"1000\" height=\"666\" srcset=\"https:\/\/preservons-la-nature.fr\/blog\/wp-content\/uploads\/2014\/06\/DSC08726.jpg 1000w, https:\/\/preservons-la-nature.fr\/blog\/wp-content\/uploads\/2014\/06\/DSC08726-300x199.jpg 300w, https:\/\/preservons-la-nature.fr\/blog\/wp-content\/uploads\/2014\/06\/DSC08726-950x632.jpg 950w\" sizes=\"auto, (max-width: 1000px) 100vw, 1000px\" \/><\/a><p id=\"caption-attachment-3647\" class=\"wp-caption-text\">Carex extensa Gooden. ( La\u00eeche \u00e9tir\u00e9e )<\/p><\/div>\n<p><strong><span style=\"text-decoration: underline;\">Pr\u00e9sent dans le(s) d\u00e9partement(s) suivant(s) :<\/span><\/strong><br \/>\nAlpes-Maritimes, Bouches-du-Rh\u00f4ne, Calvados, Charente-Maritime, Corse-du-Sud, C\u00f4tes-d&rsquo;Armor, Finist\u00e8re, Gironde, Haute-Corse, Ille-et-Vilaine, Loire-Atlantique, Manche, Morbihan, Nord, Pas-de-Calais, Pyr\u00e9n\u00e9es-Atlantiques, Somme, Var, Vend\u00e9e.<\/p>\n<div id=\"attachment_3649\" style=\"width: 610px\" class=\"wp-caption aligncenter\"><a href=\"https:\/\/www.preservons-la-nature.fr\/blog\/?attachment_id=3649\" rel=\"attachment wp-att-3649\"><img loading=\"lazy\" decoding=\"async\" aria-describedby=\"caption-attachment-3649\" class=\"size-full wp-image-3649\" src=\"https:\/\/www.preservons-la-nature.fr\/blog\/wp-content\/uploads\/2014\/07\/carte.jpg\" alt=\"R\u00e9partition de Carex extensa Gooden. ( La\u00eeche \u00e9tir\u00e9e  )\" width=\"600\" height=\"600\" srcset=\"https:\/\/preservons-la-nature.fr\/blog\/wp-content\/uploads\/2014\/07\/carte.jpg 600w, https:\/\/preservons-la-nature.fr\/blog\/wp-content\/uploads\/2014\/07\/carte-150x150.jpg 150w, https:\/\/preservons-la-nature.fr\/blog\/wp-content\/uploads\/2014\/07\/carte-300x300.jpg 300w\" sizes=\"auto, (max-width: 600px) 100vw, 600px\" \/><\/a><p id=\"caption-attachment-3649\" class=\"wp-caption-text\">R\u00e9partition de Carex extensa Gooden. ( La\u00eeche \u00e9tir\u00e9e )<\/p><\/div>\n<p><strong><span style=\"text-decoration: underline;\">Phytosociologie :<\/span><i><\/i><\/strong><\/p>\n<table>\n<tbody>\n<tr>\n<td>Alliance<\/td>\n<td>Ordre<\/td>\n<td>Classe<\/td>\n<\/tr>\n<tr>\n<td><strong>Glauco maritimae-Juncion maritimi<\/strong><\/td>\n<td><strong>Glauco maritimae-Puccinellietalia maritimae<\/strong><\/td>\n<td><strong>Asteretea tripolii<\/strong><\/td>\n<\/tr>\n<tr>\n<td>Irradiation atlantique en milieu saum\u00e2tre des Juncetalia maritimi.<\/td>\n<td>Prairies sal\u00e9es des c\u00f4tes atlantiques europ\u00e9ennes (cantabro- \u00e0 bor\u00e9oatlantiques), plus accessoirement des bassins salif\u00e8res subatlantiques.<\/td>\n<td>V\u00e9g\u00e9tation des \u00ab\u00a0pr\u00e9s sal\u00e9s\u00a0\u00bb atlantiques \u00e0 dominance d\u2019h\u00e9micryptophytes et des pelouses a\u00e9rohalines des falaises.<\/td>\n<\/tr>\n<\/tbody>\n<\/table>\n<table>\n<tbody>\n<tr>\n<td>Alliance<\/td>\n<td>Ordre<\/td>\n<td>Classe<\/td>\n<\/tr>\n<tr>\n<td><strong>Molinio arundinaceae-Holoschoenion vulgaris<\/strong><\/td>\n<td><strong>Holoschoenetalia vulgaris<\/strong><\/td>\n<td><strong>Molinio caeruleae-Juncetea acutiflori<\/strong><\/td>\n<\/tr>\n<tr>\n<td>Communaut\u00e9s \u00e9lev\u00e9es m\u00e9sohygrophiles m\u00e9ridionales.<\/td>\n<td>Communaut\u00e9s m\u00e9diterran\u00e9ennes.<\/td>\n<td>Prairies hygrophiles \u00e0 m\u00e9sohygrophiles, sur sol oligotrophe \u00e0 m\u00e9sotrophe.<\/td>\n<\/tr>\n<\/tbody>\n<\/table>\n<p><strong><span style=\"text-decoration: underline;\">Taxonomie :<\/span><\/strong><br \/>\n<i>Carex extensa Gooden.<\/i> a pour synonymes (Informations issues de la BDTFX Version 2.0, <a href=\"http:\/\/www.tela-botanica.org\" target=\"_blank\">Tela Botanica<\/a>) :<i><br \/>\n&#8211; Carex balbisii Spreng.<br \/>\n&#8211; Carex extensa var. nana Husn.<br \/>\n&#8211; Carex extensa var. nervosa (Desf.) Barbey<br \/>\n&#8211; Carex extensa var. tenuifolia DC.<br \/>\n&#8211; Carex nervosa Desf.<br \/>\n&#8211; Trasus extensus (Gooden.) Gray<br \/>\n<\/i><\/p>\n","protected":false},"excerpt":{"rendered":"<p>Une fiche plus r&eacute;cente existe, vous pouvez la consulter ICI Nom : Carex extensa Gooden. ( La\u00eeche \u00e9tir\u00e9e\u00a0 ) Famille : CYPERACEAE Floraison : Avril &#8211; Juillet Protection : &#8211; Liste des esp\u00e8ces v\u00e9g\u00e9tales prot\u00e9g\u00e9es en r\u00e9gion Nord-Pas-de-Calais Article 1 &hellip; <a href=\"https:\/\/preservons-la-nature.fr\/blog\/?p=3645\">Continuer la lecture <span class=\"meta-nav\">&rarr;<\/span><\/a><\/p>\n","protected":false},"author":1,"featured_media":0,"comment_status":"open","ping_status":"open","sticky":false,"template":"","format":"standard","meta":{"footnotes":""},"categories":[102],"tags":[64],"class_list":["post-3645","post","type-post","status-publish","format-standard","hentry","category-fiche-partielle-de-plantes","tag-cyperacees"],"_links":{"self":[{"href":"https:\/\/preservons-la-nature.fr\/blog\/index.php?rest_route=\/wp\/v2\/posts\/3645","targetHints":{"allow":["GET"]}}],"collection":[{"href":"https:\/\/preservons-la-nature.fr\/blog\/index.php?rest_route=\/wp\/v2\/posts"}],"about":[{"href":"https:\/\/preservons-la-nature.fr\/blog\/index.php?rest_route=\/wp\/v2\/types\/post"}],"author":[{"embeddable":true,"href":"https:\/\/preservons-la-nature.fr\/blog\/index.php?rest_route=\/wp\/v2\/users\/1"}],"replies":[{"embeddable":true,"href":"https:\/\/preservons-la-nature.fr\/blog\/index.php?rest_route=%2Fwp%2Fv2%2Fcomments&post=3645"}],"version-history":[{"count":3,"href":"https:\/\/preservons-la-nature.fr\/blog\/index.php?rest_route=\/wp\/v2\/posts\/3645\/revisions"}],"predecessor-version":[{"id":3651,"href":"https:\/\/preservons-la-nature.fr\/blog\/index.php?rest_route=\/wp\/v2\/posts\/3645\/revisions\/3651"}],"wp:attachment":[{"href":"https:\/\/preservons-la-nature.fr\/blog\/index.php?rest_route=%2Fwp%2Fv2%2Fmedia&parent=3645"}],"wp:term":[{"taxonomy":"category","embeddable":true,"href":"https:\/\/preservons-la-nature.fr\/blog\/index.php?rest_route=%2Fwp%2Fv2%2Fcategories&post=3645"},{"taxonomy":"post_tag","embeddable":true,"href":"https:\/\/preservons-la-nature.fr\/blog\/index.php?rest_route=%2Fwp%2Fv2%2Ftags&post=3645"}],"curies":[{"name":"wp","href":"https:\/\/api.w.org\/{rel}","templated":true}]}}