{"id":3636,"date":"2014-07-03T00:17:11","date_gmt":"2014-07-02T23:17:11","guid":{"rendered":"https:\/\/www.preservons-la-nature.fr\/blog\/?p=3636"},"modified":"2014-06-26T12:15:36","modified_gmt":"2014-06-26T11:15:36","slug":"bupleurum-baldense-turra-buplevre-du-mont-baldo","status":"publish","type":"post","link":"https:\/\/preservons-la-nature.fr\/blog\/?p=3636","title":{"rendered":"Bupleurum baldense Turra ( Bupl\u00e8vre du Mont Baldo )"},"content":{"rendered":"<p><STRONG>Une fiche plus r&eacute;cente existe, vous pouvez la consulter <a href=\"https:\/\/www.preservons-la-nature.fr\/flore\/taxon\/1299.html\">ICI<\/a><\/STRONG><div id=\"attachment_3637\" style=\"width: 543px\" class=\"wp-caption aligncenter\"><a href=\"https:\/\/www.preservons-la-nature.fr\/blog\/wp-content\/uploads\/2014\/06\/DSC08203.jpg\" target=\"_blank\"><img loading=\"lazy\" decoding=\"async\" aria-describedby=\"caption-attachment-3637\" class=\"wp-image-3637 size-large\" title=\"Bupleurum baldense Turra ( Bupl\u00e8vre du Mont Baldo )\" src=\"https:\/\/www.preservons-la-nature.fr\/blog\/wp-content\/uploads\/2014\/06\/DSC08203-533x800.jpg\" alt=\"Bupleurum baldense Turra ( Bupl\u00e8vre du Mont Baldo )\" width=\"533\" height=\"800\" srcset=\"https:\/\/preservons-la-nature.fr\/blog\/wp-content\/uploads\/2014\/06\/DSC08203-533x800.jpg 533w, https:\/\/preservons-la-nature.fr\/blog\/wp-content\/uploads\/2014\/06\/DSC08203-200x300.jpg 200w, https:\/\/preservons-la-nature.fr\/blog\/wp-content\/uploads\/2014\/06\/DSC08203.jpg 667w\" sizes=\"auto, (max-width: 533px) 100vw, 533px\" \/><\/a><p id=\"caption-attachment-3637\" class=\"wp-caption-text\">Bupleurum baldense Turra ( Bupl\u00e8vre du Mont Baldo )<\/p><\/div><\/p>\n<p><strong><span style=\"text-decoration: underline;\">Nom :<\/span><\/strong> <i>Bupleurum baldense Turra<\/i> ( Bupl\u00e8vre du Mont Baldo )<\/p>\n<p><strong><span style=\"text-decoration: underline;\">Autre(s) nom(s) :<\/span><\/strong><br \/>\nBupl\u00e8vre opaque, Percefeuille du mont Baldo.<\/p>\n<p><strong><span style=\"text-decoration: underline;\">Famille :<\/span><\/strong> APIACEAE<\/p>\n<p><strong><span style=\"text-decoration: underline;\">Floraison :<\/span><\/strong> Juin &#8211; Ao\u00fbt<\/p>\n<p><strong><span style=\"text-decoration: underline;\">Description dans la flore de Coste :<\/span><\/strong><br \/>\nPlante annuelle de 5-25 cm, glauque, trapue, \u00e0 rameaux raides, dichotomes, tr\u00e8s \u00e9tal\u00e9s ; feuilles demi-embrassantes, lin\u00e9aires-lanc\u00e9ol\u00e9es, aigu\u00ebs, \u00e0 5-7 nervures dont 2 marginales ; ombelles denses, terminales, \u00e0 2-5 rayons courts et in\u00e9gaux ; involucre \u00e0 folioles ovales-lanc\u00e9ol\u00e9es, cuspid\u00e9es, d\u00e9passant longuement les rayons de l&rsquo;ombelle ; involucelle \u00e0 folioles glumac\u00e9es, membraneuses, ovales-lanc\u00e9ol\u00e9es, arist\u00e9es, \u00e0 3-5 fortes nervures ramifi\u00e9es, dress\u00e9es-appliqu\u00e9es et cachant les fleurs et les fruits ; fruit ovo\u00efde, lisse, \u00e0 c\u00f4tes fines.<\/p>\n<div id=\"attachment_3638\" style=\"width: 543px\" class=\"wp-caption aligncenter\"><a href=\"https:\/\/www.preservons-la-nature.fr\/blog\/?attachment_id=3638\" target=\"_blank\"><img loading=\"lazy\" decoding=\"async\" aria-describedby=\"caption-attachment-3638\" class=\"wp-image-3638 size-large\" title=\"Bupleurum baldense Turra ( Bupl\u00e8vre du Mont Baldo )\" src=\"https:\/\/www.preservons-la-nature.fr\/blog\/wp-content\/uploads\/2014\/06\/DSC08460-533x800.jpg\" alt=\"Bupleurum baldense Turra ( Bupl\u00e8vre du Mont Baldo )\" width=\"533\" height=\"800\" srcset=\"https:\/\/preservons-la-nature.fr\/blog\/wp-content\/uploads\/2014\/06\/DSC08460-533x800.jpg 533w, https:\/\/preservons-la-nature.fr\/blog\/wp-content\/uploads\/2014\/06\/DSC08460-200x300.jpg 200w, https:\/\/preservons-la-nature.fr\/blog\/wp-content\/uploads\/2014\/06\/DSC08460.jpg 667w\" sizes=\"auto, (max-width: 533px) 100vw, 533px\" \/><\/a><p id=\"caption-attachment-3638\" class=\"wp-caption-text\">Bupleurum baldense Turra ( Bupl\u00e8vre du Mont Baldo )<\/p><\/div>\n<p><strong><span style=\"text-decoration: underline;\">Pr\u00e9sent dans le(s) d\u00e9partement(s) suivant(s) :<\/span><\/strong><br \/>\nAin, Alpes-de-Haute-Provence, Alpes-Maritimes, Aveyron, Bouches-du-Rh\u00f4ne, Cantal, Charente, Charente-Maritime, Cher, Corr\u00e8ze, C\u00f4te-d&rsquo;Or, Deux-S\u00e8vres, Dordogne, Dr\u00f4me, Essonne, Eure-et-Loir, Gironde, Haute-Corse, Haute-Garonne, Haute-Loire, Haute-Marne, Hautes-Alpes, Haute-Sa\u00f4ne, Hautes-Pyr\u00e9n\u00e9es, Indre, Indre-et-Loire, Is\u00e8re, Jura, Loire-Atlantique, Loiret, Loir-et-Cher, Lot, Puy-de-D\u00f4me, Pyr\u00e9n\u00e9es-Atlantiques, Sa\u00f4ne-et-Loire, Savoie, Tarn-et-Garonne, Var, Vaucluse, Vend\u00e9e, Vienne, Yonne.<\/p>\n<div id=\"attachment_3639\" style=\"width: 610px\" class=\"wp-caption aligncenter\"><a href=\"https:\/\/www.preservons-la-nature.fr\/blog\/?attachment_id=3639\" rel=\"attachment wp-att-3639\"><img loading=\"lazy\" decoding=\"async\" aria-describedby=\"caption-attachment-3639\" class=\"size-full wp-image-3639\" src=\"https:\/\/www.preservons-la-nature.fr\/blog\/wp-content\/uploads\/2014\/06\/carte18.jpg\" alt=\"R\u00e9partition de Bupleurum baldense Turra ( Bupl\u00e8vre du Mont Baldo )\" width=\"600\" height=\"600\" srcset=\"https:\/\/preservons-la-nature.fr\/blog\/wp-content\/uploads\/2014\/06\/carte18.jpg 600w, https:\/\/preservons-la-nature.fr\/blog\/wp-content\/uploads\/2014\/06\/carte18-150x150.jpg 150w, https:\/\/preservons-la-nature.fr\/blog\/wp-content\/uploads\/2014\/06\/carte18-300x300.jpg 300w\" sizes=\"auto, (max-width: 600px) 100vw, 600px\" \/><\/a><p id=\"caption-attachment-3639\" class=\"wp-caption-text\">R\u00e9partition de Bupleurum baldense Turra ( Bupl\u00e8vre du Mont Baldo )<\/p><\/div>\n<p><strong><span style=\"text-decoration: underline;\">Phytosociologie :<\/span><i><\/i><\/strong><\/p>\n<table>\n<tbody>\n<tr>\n<td>Alliance<\/td>\n<td>Ordre<\/td>\n<td>Classe<\/td>\n<\/tr>\n<tr>\n<td><strong>Euphorbio portandlicae-Helichrysion staechadis<\/strong><\/td>\n<td><strong>Artemisio lloydii-Koelerietalia albescentis<\/strong><\/td>\n<td><strong>Koelerio glaucae-Corynephoretea canescentis<\/strong><\/td>\n<\/tr>\n<tr>\n<td>Communaut\u00e9s cantabro-atlantiques \u00e0 m\u00e9so-m\u00e9diterran\u00e9ennes occidentales, parsem\u00e9es de cham\u00e9phytes et souvent riches en Bryophytes.<\/td>\n<td>Communaut\u00e9s des arri\u00e8re-dunes atlantiques fix\u00e9es, sur sables plus ou moins calcaires et sans saupoudrage important d&rsquo;ar\u00e8nes.<\/td>\n<td>Pelouses pionni\u00e8res, \u00e0 dominance d\u2019h\u00e9micryptophytes (plus ou moins riches en annuelles), atlantiques \u00e0 m\u00e9dioeurop\u00e9ennes, sur sables plus ou moins stabilis\u00e9s.<\/td>\n<\/tr>\n<\/tbody>\n<\/table>\n<table>\n<tbody>\n<tr>\n<td>Alliance<\/td>\n<td>Ordre<\/td>\n<td>Classe<\/td>\n<\/tr>\n<tr>\n<td><strong>Xerobromion erecti<\/strong><\/td>\n<td><strong>Brometalia erecti<\/strong><\/td>\n<td><strong>Festuco valesiacae-Brometea erecti<\/strong><\/td>\n<\/tr>\n<tr>\n<td>Communaut\u00e9s x\u00e9rophiles plus ou moins ouvertes, de caract\u00e8re subm\u00e9diterran\u00e9en.<\/td>\n<td>Communaut\u00e9s atlantiques \u00e0 subatlantiques.<\/td>\n<td>Pelouses \u00e0 dominance d\u2019h\u00e9micryptophytes, parfois landines et garrigues sous climat subm\u00e9diterran\u00e9en, x\u00e9rophiles \u00e0 m\u00e9sox\u00e9rophiles, collin\u00e9ennes \u00e0 montagnardes, europ\u00e9ennes et ouest-sib\u00e9riennes, surtout sur substrats carbonat\u00e9s ou basiques.<\/td>\n<\/tr>\n<\/tbody>\n<\/table>\n<p><strong><span style=\"text-decoration: underline;\">Taxonomie :<\/span><\/strong><br \/>\n<i>Bupleurum baldense Turra<\/i> a pour synonymes (Informations issues de la BDTFX Version 2.0, <a href=\"http:\/\/www.tela-botanica.org\" target=\"_blank\">Tela Botanica<\/a>) :<i><br \/>\n&#8211; Bupleurum aristatum sensu auct. plur.<br \/>\n&#8211; Bupleurum aristatum subsp. opacum (Lange) Nyman<br \/>\n&#8211; Bupleurum baldense subsp. opacum Lange<br \/>\n&#8211; Bupleurum divaricatum var. opacum (Lange) Briq.<br \/>\n&#8211; Bupleurum odontites subsp. opacum (Lange) Arcang.<br \/>\n&#8211; Bupleurum odontites subsp. opacum Rouy &amp; E.G.Camus<br \/>\n&#8211; Bupleurum opacum Lange<br \/>\n&#8211; Tenoria baldensis (Turra) Spreng.<br \/>\n&#8211; Tenoria divaricata Bubani<br \/>\n<\/i><br \/>\n<span style=\"text-decoration: underline;\">Sous-esp\u00e8ces ou vari\u00e9t\u00e9s :<\/span><br \/>\n<i>&#8211; Bupleurum baldense Turra var. baldense<br \/>\n&#8211; Bupleurum baldense var. aristatum (Bartl.) Reduron<br \/>\n<\/i><\/p>\n","protected":false},"excerpt":{"rendered":"<p>Une fiche plus r&eacute;cente existe, vous pouvez la consulter ICI Nom : Bupleurum baldense Turra ( Bupl\u00e8vre du Mont Baldo ) Autre(s) nom(s) : Bupl\u00e8vre opaque, Percefeuille du mont Baldo. Famille : APIACEAE Floraison : Juin &#8211; Ao\u00fbt Description dans &hellip; <a href=\"https:\/\/preservons-la-nature.fr\/blog\/?p=3636\">Continuer la lecture <span class=\"meta-nav\">&rarr;<\/span><\/a><\/p>\n","protected":false},"author":1,"featured_media":0,"comment_status":"open","ping_status":"open","sticky":false,"template":"","format":"standard","meta":{"footnotes":""},"categories":[102],"tags":[58],"class_list":["post-3636","post","type-post","status-publish","format-standard","hentry","category-fiche-partielle-de-plantes","tag-apiacees"],"_links":{"self":[{"href":"https:\/\/preservons-la-nature.fr\/blog\/index.php?rest_route=\/wp\/v2\/posts\/3636","targetHints":{"allow":["GET"]}}],"collection":[{"href":"https:\/\/preservons-la-nature.fr\/blog\/index.php?rest_route=\/wp\/v2\/posts"}],"about":[{"href":"https:\/\/preservons-la-nature.fr\/blog\/index.php?rest_route=\/wp\/v2\/types\/post"}],"author":[{"embeddable":true,"href":"https:\/\/preservons-la-nature.fr\/blog\/index.php?rest_route=\/wp\/v2\/users\/1"}],"replies":[{"embeddable":true,"href":"https:\/\/preservons-la-nature.fr\/blog\/index.php?rest_route=%2Fwp%2Fv2%2Fcomments&post=3636"}],"version-history":[{"count":1,"href":"https:\/\/preservons-la-nature.fr\/blog\/index.php?rest_route=\/wp\/v2\/posts\/3636\/revisions"}],"predecessor-version":[{"id":3640,"href":"https:\/\/preservons-la-nature.fr\/blog\/index.php?rest_route=\/wp\/v2\/posts\/3636\/revisions\/3640"}],"wp:attachment":[{"href":"https:\/\/preservons-la-nature.fr\/blog\/index.php?rest_route=%2Fwp%2Fv2%2Fmedia&parent=3636"}],"wp:term":[{"taxonomy":"category","embeddable":true,"href":"https:\/\/preservons-la-nature.fr\/blog\/index.php?rest_route=%2Fwp%2Fv2%2Fcategories&post=3636"},{"taxonomy":"post_tag","embeddable":true,"href":"https:\/\/preservons-la-nature.fr\/blog\/index.php?rest_route=%2Fwp%2Fv2%2Ftags&post=3636"}],"curies":[{"name":"wp","href":"https:\/\/api.w.org\/{rel}","templated":true}]}}