{"id":3631,"date":"2014-07-04T00:03:37","date_gmt":"2014-07-03T23:03:37","guid":{"rendered":"https:\/\/www.preservons-la-nature.fr\/blog\/?p=3631"},"modified":"2014-06-25T21:08:28","modified_gmt":"2014-06-25T20:08:28","slug":"bromus-hordeaceus-subsp-thominei-hardouin-braun-blanq-brome-de-thomine","status":"publish","type":"post","link":"https:\/\/preservons-la-nature.fr\/blog\/?p=3631","title":{"rendered":"Bromus hordeaceus subsp. thominei (Hardouin) Braun-Blanq. ( Brome de Thomine )"},"content":{"rendered":"<p><STRONG>Une fiche plus r&eacute;cente existe, vous pouvez la consulter <a href=\"https:\/\/www.preservons-la-nature.fr\/flore\/taxon\/158.html\">ICI<\/a><\/STRONG><div id=\"attachment_3632\" style=\"width: 677px\" class=\"wp-caption aligncenter\"><a href=\"https:\/\/www.preservons-la-nature.fr\/blog\/wp-content\/uploads\/2014\/06\/DSC08152.jpg\" target=\"_blank\"><img loading=\"lazy\" decoding=\"async\" aria-describedby=\"caption-attachment-3632\" class=\"wp-image-3632 size-full\" title=\"Bromus hordeaceus subsp. thominei (Hardouin) Braun-Blanq. ( Brome de Thomine )\" src=\"https:\/\/www.preservons-la-nature.fr\/blog\/wp-content\/uploads\/2014\/06\/DSC08152.jpg\" alt=\"Bromus hordeaceus subsp. thominei (Hardouin) Braun-Blanq. ( Brome de Thomine )\" width=\"667\" height=\"1000\" srcset=\"https:\/\/preservons-la-nature.fr\/blog\/wp-content\/uploads\/2014\/06\/DSC08152.jpg 667w, https:\/\/preservons-la-nature.fr\/blog\/wp-content\/uploads\/2014\/06\/DSC08152-200x300.jpg 200w\" sizes=\"auto, (max-width: 667px) 100vw, 667px\" \/><\/a><p id=\"caption-attachment-3632\" class=\"wp-caption-text\">Bromus hordeaceus subsp. thominei (Hardouin) Braun-Blanq. ( Brome de Thomine )<\/p><\/div><\/p>\n<p><strong><span style=\"text-decoration: underline;\">Nom :<\/span><\/strong> <i>Bromus hordeaceus subsp. thominei (Hardouin) Braun-Blanq.<\/i> ( Brome de Thomine )<\/p>\n<p><strong><span style=\"text-decoration: underline;\">Autre(s) nom(s) :<\/span><\/strong><br \/>\nBrome de Thomine-Desmazures.<\/p>\n<p><strong><span style=\"text-decoration: underline;\">Famille :<\/span><\/strong> POACEAE<\/p>\n<p><strong><span style=\"text-decoration: underline;\">Floraison :<\/span><\/strong> Mai &#8211; Septembre<\/p>\n<div id=\"attachment_3633\" style=\"width: 677px\" class=\"wp-caption aligncenter\"><a href=\"https:\/\/www.preservons-la-nature.fr\/blog\/wp-content\/uploads\/2014\/06\/DSC08152-2.jpg\" target=\"_blank\"><img loading=\"lazy\" decoding=\"async\" aria-describedby=\"caption-attachment-3633\" class=\"wp-image-3633 size-full\" title=\"Bromus hordeaceus subsp. thominei (Hardouin) Braun-Blanq. ( Brome de Thomine )\" src=\"https:\/\/www.preservons-la-nature.fr\/blog\/wp-content\/uploads\/2014\/06\/DSC08152-2.jpg\" alt=\"Bromus hordeaceus subsp. thominei (Hardouin) Braun-Blanq. ( Brome de Thomine )\" width=\"667\" height=\"1000\" srcset=\"https:\/\/preservons-la-nature.fr\/blog\/wp-content\/uploads\/2014\/06\/DSC08152-2.jpg 667w, https:\/\/preservons-la-nature.fr\/blog\/wp-content\/uploads\/2014\/06\/DSC08152-2-200x300.jpg 200w\" sizes=\"auto, (max-width: 667px) 100vw, 667px\" \/><\/a><p id=\"caption-attachment-3633\" class=\"wp-caption-text\">Bromus hordeaceus subsp. thominei (Hardouin) Braun-Blanq. ( Brome de Thomine )<\/p><\/div>\n<p><strong><span style=\"text-decoration: underline;\">Pr\u00e9sent dans le(s) d\u00e9partement(s) suivant(s) :<\/span><\/strong><br \/>\nAude, Charente-Maritime, Gard, Haut-Rhin, Loire-Atlantique, Loiret, Meuse, Nord, Oise, Pas-de-Calais, Vend\u00e9e.<\/p>\n<div id=\"attachment_3634\" style=\"width: 610px\" class=\"wp-caption aligncenter\"><a href=\"https:\/\/www.preservons-la-nature.fr\/blog\/?attachment_id=3634\" rel=\"attachment wp-att-3634\"><img loading=\"lazy\" decoding=\"async\" aria-describedby=\"caption-attachment-3634\" class=\"size-full wp-image-3634\" src=\"https:\/\/www.preservons-la-nature.fr\/blog\/wp-content\/uploads\/2014\/06\/carte17.jpg\" alt=\"R\u00e9partition de Bromus hordeaceus subsp. thominei (Hardouin) Braun-Blanq. ( Brome de Thomine )\" width=\"600\" height=\"600\" srcset=\"https:\/\/preservons-la-nature.fr\/blog\/wp-content\/uploads\/2014\/06\/carte17.jpg 600w, https:\/\/preservons-la-nature.fr\/blog\/wp-content\/uploads\/2014\/06\/carte17-150x150.jpg 150w, https:\/\/preservons-la-nature.fr\/blog\/wp-content\/uploads\/2014\/06\/carte17-300x300.jpg 300w\" sizes=\"auto, (max-width: 600px) 100vw, 600px\" \/><\/a><p id=\"caption-attachment-3634\" class=\"wp-caption-text\">R\u00e9partition de Bromus hordeaceus subsp. thominei (Hardouin) Braun-Blanq. ( Brome de Thomine )<\/p><\/div>\n<p><strong><span style=\"text-decoration: underline;\">Phytosociologie :<\/span><i><\/i><\/strong><\/p>\n<table>\n<tbody>\n<tr>\n<td>Alliance<\/td>\n<td>Ordre<\/td>\n<td>Classe<\/td>\n<\/tr>\n<tr>\n<td><strong>Alysso alyssoidis-Sedion albi<\/strong><\/td>\n<td><strong>Alysso alyssoidis-Sedetalia albi<\/strong><\/td>\n<td><strong>Sedo albi-Scleranthetea biennis<\/strong><\/td>\n<\/tr>\n<tr>\n<td>Communaut\u00e9s subatlantiques \u00e0 m\u00e9dioeurop\u00e9ennes, collin\u00e9ennes \u00e0 montagnardes, souvent riches en annuelles, sur sol calcaire.<\/td>\n<td>Communaut\u00e9s calcicoles \u00e0 acidiclines.<\/td>\n<td>V\u00e9g\u00e9tation pionni\u00e8re \u00e0 dominance de vivaces (souvent crassulescentes) de dalles rocheuses plus ou moins horizontales, atlantique \u00e0 m\u00e9dioeurop\u00e9enne, souvent montagnarde.<\/td>\n<\/tr>\n<\/tbody>\n<\/table>\n<table>\n<tbody>\n<tr>\n<td>Alliance<\/td>\n<td>Ordre<\/td>\n<td>Classe<\/td>\n<\/tr>\n<tr>\n<td><strong>Laguro ovati-Bromion rigidi<\/strong><\/td>\n<td><strong>Brometalia rubenti-tectorum<\/strong><\/td>\n<td><strong>Sisymbrietea officinalis<\/strong><\/td>\n<\/tr>\n<tr>\n<td>Communaut\u00e9s m\u00e9diterran\u00e9ennes et atlantiques des arri\u00e8re-dunes plus ou moins perturb\u00e9es.<\/td>\n<td>Communaut\u00e9s subnitrophiles, vernales plut\u00f4t x\u00e9roclines, des sols s\u00e9chards peu \u00e9pais, m\u00e9diterran\u00e9ennes \u00e0 thermo-atlantiques.<\/td>\n<td>V\u00e9g\u00e9tation anthropog\u00e8ne \u00e0 dominante d\u2019annuelles et de bisannuelles, plus ou moins nitrophile, des stations rud\u00e9ralis\u00e9es et irr\u00e9guli\u00e8rement pertub\u00e9es.<\/td>\n<\/tr>\n<\/tbody>\n<\/table>\n<p><strong><span style=\"text-decoration: underline;\">Taxonomie :<\/span><\/strong><br \/>\n<i>Bromus hordeaceus subsp. thominei (Hardouin) Braun-Blanq.<\/i> a pour synonymes (Informations issues de la BDTFX Version 2.0, <a href=\"http:\/\/www.tela-botanica.org\" target=\"_blank\">Tela Botanica<\/a>) :<i><br \/>\n&#8211; Bromus arenarius Thomine-Desmazures<br \/>\n&#8211; Bromus hordeaceus sensu H.J.Coste<br \/>\n&#8211; Bromus hordeaceus var. nanus (Weigel) B\u00e9g., Cobau &amp; Bazzi<br \/>\n&#8211; Bromus hordeaceus var. thominei (Hardouin) Brand<br \/>\n&#8211; Bromus leptostachys var. thominei (Hardouin) Fouill. ex de Lesd.<br \/>\n&#8211; Bromus mollis subsp. thominei (Hardouin) Hegi<br \/>\n&#8211; Bromus mollis var. arenarius (Thomine-Desmazures) Br\u00e9b.<br \/>\n&#8211; Bromus mollis var. arenarius Bab.<br \/>\n&#8211; Bromus mollis var. littoralis Le Gall<br \/>\n&#8211; Bromus mollis var. nanus (Weigel) Retz.<br \/>\n&#8211; Bromus mollis var. nanus Steud.<br \/>\n&#8211; Bromus mollis var. pumilus Gaudin<br \/>\n&#8211; Bromus mollis var. pygmaeus Lange<br \/>\n&#8211; Bromus mollis var. thominei (Hardouin) Br\u00e9b.<br \/>\n&#8211; Bromus nanus Weigel<br \/>\n&#8211; Bromus thominei Hardouin<br \/>\n&#8211; Serrafalcus mollis subsp. thominei (Hardouin) Rouy<br \/>\n&#8211; Serrafalcus mollis var. nanus (Weigel) Ducommun<br \/>\n&#8211; Serrafalcus racemosus var. arenarius (Bab.) Bab.<br \/>\n<\/i><\/p>\n","protected":false},"excerpt":{"rendered":"<p>Une fiche plus r&eacute;cente existe, vous pouvez la consulter ICI Nom : Bromus hordeaceus subsp. thominei (Hardouin) Braun-Blanq. ( Brome de Thomine ) Autre(s) nom(s) : Brome de Thomine-Desmazures. Famille : POACEAE Floraison : Mai &#8211; Septembre Pr\u00e9sent dans le(s) &hellip; <a href=\"https:\/\/preservons-la-nature.fr\/blog\/?p=3631\">Continuer la lecture <span class=\"meta-nav\">&rarr;<\/span><\/a><\/p>\n","protected":false},"author":1,"featured_media":0,"comment_status":"open","ping_status":"open","sticky":false,"template":"","format":"standard","meta":{"footnotes":""},"categories":[102],"tags":[80],"class_list":["post-3631","post","type-post","status-publish","format-standard","hentry","category-fiche-partielle-de-plantes","tag-poacees"],"_links":{"self":[{"href":"https:\/\/preservons-la-nature.fr\/blog\/index.php?rest_route=\/wp\/v2\/posts\/3631","targetHints":{"allow":["GET"]}}],"collection":[{"href":"https:\/\/preservons-la-nature.fr\/blog\/index.php?rest_route=\/wp\/v2\/posts"}],"about":[{"href":"https:\/\/preservons-la-nature.fr\/blog\/index.php?rest_route=\/wp\/v2\/types\/post"}],"author":[{"embeddable":true,"href":"https:\/\/preservons-la-nature.fr\/blog\/index.php?rest_route=\/wp\/v2\/users\/1"}],"replies":[{"embeddable":true,"href":"https:\/\/preservons-la-nature.fr\/blog\/index.php?rest_route=%2Fwp%2Fv2%2Fcomments&post=3631"}],"version-history":[{"count":1,"href":"https:\/\/preservons-la-nature.fr\/blog\/index.php?rest_route=\/wp\/v2\/posts\/3631\/revisions"}],"predecessor-version":[{"id":3635,"href":"https:\/\/preservons-la-nature.fr\/blog\/index.php?rest_route=\/wp\/v2\/posts\/3631\/revisions\/3635"}],"wp:attachment":[{"href":"https:\/\/preservons-la-nature.fr\/blog\/index.php?rest_route=%2Fwp%2Fv2%2Fmedia&parent=3631"}],"wp:term":[{"taxonomy":"category","embeddable":true,"href":"https:\/\/preservons-la-nature.fr\/blog\/index.php?rest_route=%2Fwp%2Fv2%2Fcategories&post=3631"},{"taxonomy":"post_tag","embeddable":true,"href":"https:\/\/preservons-la-nature.fr\/blog\/index.php?rest_route=%2Fwp%2Fv2%2Ftags&post=3631"}],"curies":[{"name":"wp","href":"https:\/\/api.w.org\/{rel}","templated":true}]}}