{"id":3621,"date":"2014-07-01T00:48:36","date_gmt":"2014-06-30T23:48:36","guid":{"rendered":"https:\/\/www.preservons-la-nature.fr\/blog\/?p=3621"},"modified":"2014-06-25T20:56:03","modified_gmt":"2014-06-25T19:56:03","slug":"atriplex-prostrata-boucher-ex-dc-arroche-hastee","status":"publish","type":"post","link":"https:\/\/preservons-la-nature.fr\/blog\/?p=3621","title":{"rendered":"Atriplex prostrata Boucher ex DC. ( Arroche hast\u00e9e )"},"content":{"rendered":"<p><STRONG>Une fiche plus r&eacute;cente existe, vous pouvez la consulter <a href=\"https:\/\/www.preservons-la-nature.fr\/flore\/taxon\/117.html\">ICI<\/a><\/STRONG><div id=\"attachment_3622\" style=\"width: 1010px\" class=\"wp-caption aligncenter\"><a href=\"https:\/\/www.preservons-la-nature.fr\/blog\/wp-content\/uploads\/2014\/06\/DSC07945.jpg\" target=\"_blank\"><img loading=\"lazy\" decoding=\"async\" aria-describedby=\"caption-attachment-3622\" class=\"wp-image-3622 size-full\" title=\"Atriplex prostrata Boucher ex DC. ( Arroche hast\u00e9e )\" src=\"https:\/\/www.preservons-la-nature.fr\/blog\/wp-content\/uploads\/2014\/06\/DSC07945.jpg\" alt=\"Atriplex prostrata Boucher ex DC. ( Arroche hast\u00e9e )\" width=\"1000\" height=\"667\" srcset=\"https:\/\/preservons-la-nature.fr\/blog\/wp-content\/uploads\/2014\/06\/DSC07945.jpg 1000w, https:\/\/preservons-la-nature.fr\/blog\/wp-content\/uploads\/2014\/06\/DSC07945-300x200.jpg 300w\" sizes=\"auto, (max-width: 1000px) 100vw, 1000px\" \/><\/a><p id=\"caption-attachment-3622\" class=\"wp-caption-text\">Atriplex prostrata Boucher ex DC. ( Arroche hast\u00e9e )<\/p><\/div><\/p>\n<p><strong><span style=\"text-decoration: underline;\">Nom :<\/span><\/strong> <i>Atriplex prostrata Boucher ex DC.<\/i> ( Arroche hast\u00e9e )<\/p>\n<p><strong><span style=\"text-decoration: underline;\">Autre(s) nom(s) :<\/span><\/strong><br \/>\nArroche couch\u00e9e.<\/p>\n<p><strong><span style=\"text-decoration: underline;\">Famille :<\/span><\/strong> AMARANTHACEAE<\/p>\n<p><strong><span style=\"text-decoration: underline;\">Floraison :<\/span><\/strong> Juillet &#8211; Octobre<\/p>\n<p><strong><span style=\"text-decoration: underline;\">Forme biologique :<\/span><\/strong><br \/>\nTh\u00e9rophyte.<\/p>\n<p><strong><span style=\"text-decoration: underline;\">Description dans la flore de Coste :<\/span><\/strong><br \/>\nPlante annuelle de 20 cm \u00e0 1 m\u00e8tre, verte et peu farineuse, \u00e0 tige dress\u00e9e ou ascendante, stri\u00e9e de blanc et de vert, \u00e0 rameaux inf\u00e9rieurs tr\u00e8s \u00e9tal\u00e9s ; feuilles alternes ou oppos\u00e9es, les caulinaires larges, hast\u00e9es et tronqu\u00e9es \u00e0 la base, \u00e0 p\u00e9tiole \u00e9galant souvent la moiti\u00e9 du limbe, les florales lanc\u00e9ol\u00e9es-lin\u00e9aires ; fleurs verd\u00e2tres, en panicule terminale l\u00e2che ; valves fructif\u00e8res soud\u00e9es \u00e0 la base, herbac\u00e9es, triangulaires \u00e0 base tronqu\u00e9e ou un peu en coeur, lisses ou muriqu\u00e9es-tuberculeuses.<\/p>\n<div id=\"attachment_3623\" style=\"width: 1010px\" class=\"wp-caption aligncenter\"><a href=\"https:\/\/www.preservons-la-nature.fr\/blog\/wp-content\/uploads\/2014\/06\/DSC07949.jpg\" target=\"_blank\"><img loading=\"lazy\" decoding=\"async\" aria-describedby=\"caption-attachment-3623\" class=\"wp-image-3623 size-full\" title=\"Atriplex prostrata Boucher ex DC. ( Arroche hast\u00e9e )\" src=\"https:\/\/www.preservons-la-nature.fr\/blog\/wp-content\/uploads\/2014\/06\/DSC07949.jpg\" alt=\"Atriplex prostrata Boucher ex DC. ( Arroche hast\u00e9e )\" width=\"1000\" height=\"667\" srcset=\"https:\/\/preservons-la-nature.fr\/blog\/wp-content\/uploads\/2014\/06\/DSC07949.jpg 1000w, https:\/\/preservons-la-nature.fr\/blog\/wp-content\/uploads\/2014\/06\/DSC07949-300x200.jpg 300w\" sizes=\"auto, (max-width: 1000px) 100vw, 1000px\" \/><\/a><p id=\"caption-attachment-3623\" class=\"wp-caption-text\">Atriplex prostrata Boucher ex DC. ( Arroche hast\u00e9e )<\/p><\/div>\n<p><strong><span style=\"text-decoration: underline;\">Pr\u00e9sent dans le(s) d\u00e9partement(s) suivant(s) :<\/span><\/strong><br \/>\nAin, Aisne, Allier, Alpes-de-Haute-Provence, Alpes-Maritimes, Ardennes, Aube, Aude, Aveyron, Bas-Rhin, Bouches-du-Rh\u00f4ne, Calvados, Charente-Maritime, Cher, Corse-du-Sud, C\u00f4te-d&rsquo;Or, C\u00f4tes-d&rsquo;Armor, Deux-S\u00e8vres, Dordogne, Doubs, Essonne, Eure, Eure-et-Loir, Finist\u00e8re, Gironde, Haute-Corse, Haute-Marne, Hautes-Alpes, Haute-Sa\u00f4ne, Hauts-de-Seine, Ille-et-Vilaine, Indre, Indre-et-Loire, Is\u00e8re, Jura, Loire-Atlantique, Loiret, Loir-et-Cher, Lot-et-Garonne, Maine-et-Loire, Manche, Marne, Mayenne, Meurthe-et-Moselle, Meuse, Morbihan, Moselle, Ni\u00e8vre, Nord, Oise, Orne, Paris, Pas-de-Calais, Sa\u00f4ne-et-Loire, Sarthe, Seine-et-Marne, Seine-Maritime, Seine-Saint-Denis, Somme, Tarn-et-Garonne, Territoire-de-Belfort, Val-de-Marne, Val-d&rsquo;Oise, Var, Vaucluse, Vend\u00e9e, Yonne, Yvelines.<\/p>\n<div id=\"attachment_3624\" style=\"width: 610px\" class=\"wp-caption aligncenter\"><a href=\"https:\/\/www.preservons-la-nature.fr\/blog\/?attachment_id=3624\" rel=\"attachment wp-att-3624\"><img loading=\"lazy\" decoding=\"async\" aria-describedby=\"caption-attachment-3624\" class=\"size-full wp-image-3624\" src=\"https:\/\/www.preservons-la-nature.fr\/blog\/wp-content\/uploads\/2014\/06\/carte15.jpg\" alt=\"Atriplex prostrata Boucher ex DC. ( Arroche hast\u00e9e )\" width=\"600\" height=\"600\" srcset=\"https:\/\/preservons-la-nature.fr\/blog\/wp-content\/uploads\/2014\/06\/carte15.jpg 600w, https:\/\/preservons-la-nature.fr\/blog\/wp-content\/uploads\/2014\/06\/carte15-150x150.jpg 150w, https:\/\/preservons-la-nature.fr\/blog\/wp-content\/uploads\/2014\/06\/carte15-300x300.jpg 300w\" sizes=\"auto, (max-width: 600px) 100vw, 600px\" \/><\/a><p id=\"caption-attachment-3624\" class=\"wp-caption-text\">R\u00e9partition d&rsquo;Atriplex prostrata Boucher ex DC. ( Arroche hast\u00e9e )<\/p><\/div>\n<p><strong><span style=\"text-decoration: underline;\">Phytosociologie :<\/span><i><\/i><\/strong><\/p>\n<table>\n<tbody>\n<tr>\n<td>Alliance<\/td>\n<td>Ordre<\/td>\n<td>Classe<\/td>\n<\/tr>\n<tr>\n<td><strong>Agropyrion pungentis<\/strong><\/td>\n<td><strong>Agropyretalia pungentis<\/strong><\/td>\n<td><strong>Agropyretea pungentis<\/strong><\/td>\n<\/tr>\n<tr>\n<td>Communaut\u00e9s denses des stations fortement enrichies en mati\u00e8res organiques des laisses de mer, des bordures estuariennes en particulier.<\/td>\n<td>Communaut\u00e9s souvent subprimaires des bordures maritimes nitrohalophiles.<\/td>\n<td>V\u00e9g\u00e9tation vivace gramin\u00e9enne, x\u00e9rophile et semi-rud\u00e9rale, surtout sur sables, limons et substrats calcaires, \u00e0 distribution europ\u00e9enne et ouest-sib\u00e9rienne.<\/td>\n<\/tr>\n<\/tbody>\n<\/table>\n<table>\n<tbody>\n<tr>\n<td>Alliance<\/td>\n<td>Ordre<\/td>\n<td>Classe<\/td>\n<\/tr>\n<tr>\n<td><strong>Angelicion litoralis<\/strong><\/td>\n<td><strong>Convolvuletalia sepium<\/strong><\/td>\n<td><strong>Filipendulo ulmariae-Convolvuletea sepium<\/strong><\/td>\n<\/tr>\n<tr>\n<td>Communaut\u00e9s de zones subestuariennes et du cours inf\u00e9rieur des fleuves soumis aux mar\u00e9es d&rsquo;eau douce.<\/td>\n<td><\/td>\n<td>M\u00e9gaphorbiaies planitiaires \u00e0 montagnardes, m\u00e9so-eutrophes, des stations plus ou moins inondables \u00e0 humides.<\/td>\n<\/tr>\n<\/tbody>\n<\/table>\n<table>\n<tbody>\n<tr>\n<td>Alliance<\/td>\n<td>Ordre<\/td>\n<td>Classe<\/td>\n<\/tr>\n<tr>\n<td><strong>Armerion maritimae<\/strong><\/td>\n<td><strong>Glauco maritimae-Puccinellietalia maritimae<\/strong><\/td>\n<td><strong>Asteretea tripolii<\/strong><\/td>\n<\/tr>\n<tr>\n<td>Communaut\u00e9s des niveaux sup\u00e9rieurs et hauts de schorre.<\/td>\n<td>Prairies sal\u00e9es des c\u00f4tes atlantiques europ\u00e9ennes (cantabro- \u00e0 bor\u00e9oatlantiques), plus accessoirement des bassins salif\u00e8res subatlantiques.<\/td>\n<td>V\u00e9g\u00e9tation des \u00ab\u00a0pr\u00e9s sal\u00e9s\u00a0\u00bb atlantiques \u00e0 dominance d\u2019h\u00e9micryptophytes et des pelouses a\u00e9rohalines des falaises.<\/td>\n<\/tr>\n<\/tbody>\n<\/table>\n<table>\n<tbody>\n<tr>\n<td>Alliance<\/td>\n<td>Ordre<\/td>\n<td>Classe<\/td>\n<\/tr>\n<tr>\n<td><strong>Atriplici laciniatae-Salsolion kali<\/strong><\/td>\n<td><strong>Cakiletalia integrifoliae<\/strong><\/td>\n<td><strong>Cakiletea maritimae<\/strong><\/td>\n<\/tr>\n<tr>\n<td>Communaut\u00e9s psammophiles, des hauts de plages sur sables et graviers meubles entrem\u00eal\u00e9s de d\u00e9bris organiques.<\/td>\n<td>Communaut\u00e9s europ\u00e9o- atlantiques, nord-atlantiques et baltiques.<\/td>\n<td>V\u00e9g\u00e9tation annuelle halonitrophile des laisses de mer, estrans, pr\u00e9s sal\u00e9s, ainsi que des falaises littorales (zones de nidification d&rsquo;oiseaux).<\/td>\n<\/tr>\n<\/tbody>\n<\/table>\n<table>\n<tbody>\n<tr>\n<td>Alliance<\/td>\n<td>Ordre<\/td>\n<td>Classe<\/td>\n<\/tr>\n<tr>\n<td><strong>Atriplicion littoralis<\/strong><\/td>\n<td><strong>Cakiletalia integrifoliae<\/strong><\/td>\n<td><strong>Cakiletea maritimae<\/strong><\/td>\n<\/tr>\n<tr>\n<td>Communaut\u00e9s des amas de mat\u00e9riaux organiques en limite des pr\u00e9s sal\u00e9s, ainsi que sur estrans plus ou moins durcis et falaises.<\/td>\n<td>Communaut\u00e9s europ\u00e9o- atlantiques, nord-atlantiques et baltiques.<\/td>\n<td>V\u00e9g\u00e9tation annuelle halonitrophile des laisses de mer, estrans, pr\u00e9s sal\u00e9s, ainsi que des falaises littorales (zones de nidification d&rsquo;oiseaux).<\/td>\n<\/tr>\n<\/tbody>\n<\/table>\n<table>\n<tbody>\n<tr>\n<td>Alliance<\/td>\n<td>Ordre<\/td>\n<td>Classe<\/td>\n<\/tr>\n<tr>\n<td><strong>Bidention tripartitae<\/strong><\/td>\n<td><strong>Bidentetalia tripartitae<\/strong><\/td>\n<td><strong>Bidentetea tripartitae<\/strong><\/td>\n<\/tr>\n<tr>\n<td>Communaut\u00e9s des sols limoneux et argileux.<\/td>\n<td><\/td>\n<td>V\u00e9g\u00e9tation pionni\u00e8re annuelle et hygrophile des sols enrichis en azote, s&rsquo;ass\u00e9chant partiellement en \u00e9t\u00e9.<\/td>\n<\/tr>\n<\/tbody>\n<\/table>\n<table>\n<tbody>\n<tr>\n<td>Classe<\/td>\n<\/tr>\n<tr>\n<td><strong>Cakiletea maritimae<\/strong><\/td>\n<\/tr>\n<tr>\n<td>V\u00e9g\u00e9tation annuelle halonitrophile des laisses de mer, estrans, pr\u00e9s sal\u00e9s, ainsi que des falaises littorales (zones de nidification d&rsquo;oiseaux).<\/td>\n<\/tr>\n<\/tbody>\n<\/table>\n<table>\n<tbody>\n<tr>\n<td>Ordre<\/td>\n<td>Classe<\/td>\n<\/tr>\n<tr>\n<td><strong>Chenopodietalia albi<\/strong><\/td>\n<td><strong>Stellarietea mediae<\/strong><\/td>\n<\/tr>\n<tr>\n<td>Communaut\u00e9s principalement des cultures sarcl\u00e9es, sur sol eutrophe.<\/td>\n<td>V\u00e9g\u00e9tation annuelle, nitrophile, commensale des cultures annuelles ou sarcl\u00e9es.<\/td>\n<\/tr>\n<\/tbody>\n<\/table>\n<table>\n<tbody>\n<tr>\n<td>Alliance<\/td>\n<td>Ordre<\/td>\n<td>Classe<\/td>\n<\/tr>\n<tr>\n<td><strong>Chenopodion rubri<\/strong><\/td>\n<td><strong>Bidentetalia tripartitae<\/strong><\/td>\n<td><strong>Bidentetea tripartitae<\/strong><\/td>\n<\/tr>\n<tr>\n<td>Communaut\u00e9s des sols sableux \u00e0 graveleux, parfois envas\u00e9s.<\/td>\n<td><\/td>\n<td>V\u00e9g\u00e9tation pionni\u00e8re annuelle et hygrophile des sols enrichis en azote, s&rsquo;ass\u00e9chant partiellement en \u00e9t\u00e9.<\/td>\n<\/tr>\n<\/tbody>\n<\/table>\n<table>\n<tbody>\n<tr>\n<td>Alliance<\/td>\n<td>Ordre<\/td>\n<td>Classe<\/td>\n<\/tr>\n<tr>\n<td><strong>Honckenyo latifoliae-Crambion maritimae<\/strong><\/td>\n<td><strong>Honckenyo peploidis-Elymetalia arenarii<\/strong><\/td>\n<td><strong>Honckenyo peploidis-Elymetea arenarii<\/strong><\/td>\n<\/tr>\n<tr>\n<td>Communaut\u00e9s des lev\u00e9es de galets et hauts de plages graveleux enrichis de laisses de mer ; de la Baltique au Golfe cantabrique.<\/td>\n<td>Communaut\u00e9s europ\u00e9ennes, bor\u00e9oatlantiques \u00e0 atlantiques.<\/td>\n<td>V\u00e9g\u00e9tation vivace, subnitrophile, des dunes vives ou des bordures maritimes sablo-graveleuses plus ou moins enrichies en mati\u00e8re organique. Distribution circumbor\u00e9ale et sarmato-asiatique.<\/td>\n<\/tr>\n<\/tbody>\n<\/table>\n<table>\n<tbody>\n<tr>\n<td>Alliance<\/td>\n<td>Ordre<\/td>\n<td>Classe<\/td>\n<\/tr>\n<tr>\n<td><strong>Puccinellion maritimae<\/strong><\/td>\n<td><strong>Glauco maritimae-Puccinellietalia maritimae<\/strong><\/td>\n<td><strong>Asteretea tripolii<\/strong><\/td>\n<\/tr>\n<tr>\n<td>Communaut\u00e9s sal\u00e9es des schorres inf\u00e9rieurs \u00e0 moyens.<\/td>\n<td>Prairies sal\u00e9es des c\u00f4tes atlantiques europ\u00e9ennes (cantabro- \u00e0 bor\u00e9oatlantiques), plus accessoirement des bassins salif\u00e8res subatlantiques.<\/td>\n<td>V\u00e9g\u00e9tation des \u00ab\u00a0pr\u00e9s sal\u00e9s\u00a0\u00bb atlantiques \u00e0 dominance d\u2019h\u00e9micryptophytes et des pelouses a\u00e9rohalines des falaises.<\/td>\n<\/tr>\n<\/tbody>\n<\/table>\n<table>\n<tbody>\n<tr>\n<td>Alliance<\/td>\n<td>Ordre<\/td>\n<td>Classe<\/td>\n<\/tr>\n<tr>\n<td><strong>Saginion maritimae<\/strong><\/td>\n<td><strong>Saginetalia maritimae<\/strong><\/td>\n<td><strong>Saginetea maritimae<\/strong><\/td>\n<\/tr>\n<tr>\n<td>Communaut\u00e9s subhalophiles principalement atlantiques, parfois m\u00e9diterran\u00e9ennes.<\/td>\n<td>Communaut\u00e9s vernales sur substrat d\u00e9cap\u00e9 des contacts dunes\/pr\u00e9s-sal\u00e9s ou sur placages ar\u00e9nac\u00e9s des falaises en zone d\u2019embruns.<\/td>\n<td>V\u00e9g\u00e9tation de petites annuelles halophiles \u00e0 subhalophiles (parfois subnitrophiles) des sols sablo-limoneux ou graveleux, secs en \u00e9t\u00e9, des littoraux atlantiques et m\u00e9diterran\u00e9ens.<\/td>\n<\/tr>\n<\/tbody>\n<\/table>\n<table>\n<tbody>\n<tr>\n<td>Alliance<\/td>\n<td>Ordre<\/td>\n<td>Classe<\/td>\n<\/tr>\n<tr>\n<td><strong>Salsolo vermiculatae-Artemision arborescentis<\/strong><\/td>\n<td><strong>Salsolo vermiculatae-Peganetalia harmalae<\/strong><\/td>\n<td><strong>Pegano harmalae-Salsoletea vermiculatae<\/strong><\/td>\n<\/tr>\n<tr>\n<td>Communaut\u00e9s des falaises calcaires littorales arros\u00e9es d&#8217;embruns.<\/td>\n<td><\/td>\n<td>V\u00e9g\u00e9tation m\u00e9diterran\u00e9enne frutescente des sols riches en sels et en nitrates sous climat \u00e0 tendance aride.<\/td>\n<\/tr>\n<\/tbody>\n<\/table>\n<table>\n<tbody>\n<tr>\n<td>Alliance<\/td>\n<td>Ordre<\/td>\n<td>Classe<\/td>\n<\/tr>\n<tr>\n<td><strong>Scirpion compacti<\/strong><\/td>\n<td><strong>Scirpetalia compacti<\/strong><\/td>\n<td><strong>Phragmiti australis-Magnocaricetea elatae<\/strong><\/td>\n<\/tr>\n<tr>\n<td>Communaut\u00e9s atlantiques et continentales.<\/td>\n<td>Communaut\u00e9s subhalophiles.<\/td>\n<td>V\u00e9g\u00e9tation des bords d&rsquo;\u00e9tangs, lacs, rivi\u00e8res et marais sur sol m\u00e9sotrophe \u00e0 eutrophe, parfois tourbeux.<\/td>\n<\/tr>\n<\/tbody>\n<\/table>\n<p><strong><span style=\"text-decoration: underline;\">Taxonomie :<\/span><\/strong><br \/>\n<i>Atriplex prostrata Boucher ex DC.<\/i> a pour synonymes (Informations issues de la BDTFX Version 2.0, <a href=\"http:\/\/www.tela-botanica.org\" target=\"_blank\">Tela Botanica<\/a>) :<i><br \/>\n&#8211; Atriplex hastata L.<br \/>\n&#8211; Atriplex hastata sensu auct. plur.<br \/>\n&#8211; Atriplex hastata subsp. depressa (Hartm.) Hartm.<br \/>\n&#8211; Atriplex hastata subsp. microsperma (Waldst. &amp; Kit.) Hartm.<br \/>\n&#8211; Atriplex hastata subsp. microsperma Arcang.<br \/>\n&#8211; Atriplex hastifolia Salisb.<br \/>\n&#8211; Atriplex laciniata subsp. elongata (Guss.) Arcang.<br \/>\n&#8211; Atriplex obtusata Lange<br \/>\n&#8211; Atriplex patula subsp. microsperma (Waldst. &amp; Kit.) Sch\u00fcbler &amp; G.Martens<br \/>\n&#8211; Atriplex smithii Syme<br \/>\n&#8211; Chenopodium hastatum (L.) Dumort.<br \/>\n&#8211; Obione corsica Rouy<br \/>\n&#8211; Obione graeca sensu P.Fourn.<br \/>\n<\/i><br \/>\n<span style=\"text-decoration: underline;\">Sous-esp\u00e8ces ou vari\u00e9t\u00e9s :<\/span><br \/>\n<i>&#8211; Atriplex prostrata Boucher ex DC. subsp. prostrata<br \/>\n&#8211; Atriplex prostrata subsp. deltoidea (Bab.) Rauschert<br \/>\n&#8211; Atriplex prostrata subsp. latifolia (Wahlenb.) Rauschert<br \/>\n&#8211; Atriplex prostrata subsp. triangularis (Willd.) Rauschert<br \/>\n<\/i><\/p>\n","protected":false},"excerpt":{"rendered":"<p>Une fiche plus r&eacute;cente existe, vous pouvez la consulter ICI Nom : Atriplex prostrata Boucher ex DC. ( Arroche hast\u00e9e ) Autre(s) nom(s) : Arroche couch\u00e9e. Famille : AMARANTHACEAE Floraison : Juillet &#8211; Octobre Forme biologique : Th\u00e9rophyte. Description dans &hellip; <a href=\"https:\/\/preservons-la-nature.fr\/blog\/?p=3621\">Continuer la lecture <span class=\"meta-nav\">&rarr;<\/span><\/a><\/p>\n","protected":false},"author":1,"featured_media":0,"comment_status":"open","ping_status":"open","sticky":false,"template":"","format":"standard","meta":{"footnotes":""},"categories":[102],"tags":[106],"class_list":["post-3621","post","type-post","status-publish","format-standard","hentry","category-fiche-partielle-de-plantes","tag-amaranthacees"],"_links":{"self":[{"href":"https:\/\/preservons-la-nature.fr\/blog\/index.php?rest_route=\/wp\/v2\/posts\/3621","targetHints":{"allow":["GET"]}}],"collection":[{"href":"https:\/\/preservons-la-nature.fr\/blog\/index.php?rest_route=\/wp\/v2\/posts"}],"about":[{"href":"https:\/\/preservons-la-nature.fr\/blog\/index.php?rest_route=\/wp\/v2\/types\/post"}],"author":[{"embeddable":true,"href":"https:\/\/preservons-la-nature.fr\/blog\/index.php?rest_route=\/wp\/v2\/users\/1"}],"replies":[{"embeddable":true,"href":"https:\/\/preservons-la-nature.fr\/blog\/index.php?rest_route=%2Fwp%2Fv2%2Fcomments&post=3621"}],"version-history":[{"count":1,"href":"https:\/\/preservons-la-nature.fr\/blog\/index.php?rest_route=\/wp\/v2\/posts\/3621\/revisions"}],"predecessor-version":[{"id":3625,"href":"https:\/\/preservons-la-nature.fr\/blog\/index.php?rest_route=\/wp\/v2\/posts\/3621\/revisions\/3625"}],"wp:attachment":[{"href":"https:\/\/preservons-la-nature.fr\/blog\/index.php?rest_route=%2Fwp%2Fv2%2Fmedia&parent=3621"}],"wp:term":[{"taxonomy":"category","embeddable":true,"href":"https:\/\/preservons-la-nature.fr\/blog\/index.php?rest_route=%2Fwp%2Fv2%2Fcategories&post=3621"},{"taxonomy":"post_tag","embeddable":true,"href":"https:\/\/preservons-la-nature.fr\/blog\/index.php?rest_route=%2Fwp%2Fv2%2Ftags&post=3621"}],"curies":[{"name":"wp","href":"https:\/\/api.w.org\/{rel}","templated":true}]}}