{"id":3606,"date":"2014-06-29T00:54:15","date_gmt":"2014-06-28T23:54:15","guid":{"rendered":"https:\/\/www.preservons-la-nature.fr\/blog\/?p=3606"},"modified":"2014-06-25T12:58:50","modified_gmt":"2014-06-25T11:58:50","slug":"serapias-lingua-l-serapias-langue","status":"publish","type":"post","link":"https:\/\/preservons-la-nature.fr\/blog\/?p=3606","title":{"rendered":"Serapias lingua L. ( Serapias langue )"},"content":{"rendered":"<p><STRONG>Une fiche plus r&eacute;cente existe, vous pouvez la consulter <a href=\"https:\/\/www.preservons-la-nature.fr\/flore\/taxon\/1278.html\">ICI<\/a><\/STRONG><div id=\"attachment_3607\" style=\"width: 677px\" class=\"wp-caption aligncenter\"><a href=\"https:\/\/www.preservons-la-nature.fr\/blog\/wp-content\/uploads\/2014\/06\/DSC01938.jpg\" target=\"_blank\"><img loading=\"lazy\" decoding=\"async\" aria-describedby=\"caption-attachment-3607\" class=\"wp-image-3607 size-full\" title=\"Serapias lingua L. ( Serapias langue )\" src=\"https:\/\/www.preservons-la-nature.fr\/blog\/wp-content\/uploads\/2014\/06\/DSC01938.jpg\" alt=\"Serapias lingua L. ( Serapias langue )\" width=\"667\" height=\"1000\" srcset=\"https:\/\/preservons-la-nature.fr\/blog\/wp-content\/uploads\/2014\/06\/DSC01938.jpg 667w, https:\/\/preservons-la-nature.fr\/blog\/wp-content\/uploads\/2014\/06\/DSC01938-200x300.jpg 200w\" sizes=\"auto, (max-width: 667px) 100vw, 667px\" \/><\/a><p id=\"caption-attachment-3607\" class=\"wp-caption-text\">Serapias lingua L. ( Serapias langue )<\/p><\/div><\/p>\n<p><strong><span style=\"text-decoration: underline;\">Nom :<\/span><\/strong> <i>Serapias lingua L.<\/i> ( Serapias langue )<\/p>\n<p><strong><span style=\"text-decoration: underline;\">Autre(s) nom(s) :<\/span><\/strong><br \/>\nS\u00e9rapias \u00e0 languette.<\/p>\n<p><strong><span style=\"text-decoration: underline;\">Famille :<\/span><\/strong> ORCHIDACEAE<\/p>\n<p><strong><span style=\"text-decoration: underline;\">Floraison :<\/span><\/strong> Avril &#8211; Juillet<\/p>\n<p><strong><span style=\"text-decoration: underline;\">Protection :<\/span><\/strong><br \/>\n&#8211; CITES (Convention de washington)<br \/>\n&#8211; Liste des esp\u00e8ces v\u00e9g\u00e9tales prot\u00e9g\u00e9es en r\u00e9gion Bretagne Article 1 (1987)<br \/>\n&#8211; Liste des esp\u00e8ces v\u00e9g\u00e9tales prot\u00e9g\u00e9es en r\u00e9gion Centre Article 1 (1993)<br \/>\n&#8211; Liste des esp\u00e8ces v\u00e9g\u00e9tales prot\u00e9g\u00e9es en r\u00e9gion Limousin Article 1 (1989)<br \/>\n&#8211; Liste des esp\u00e8ces v\u00e9g\u00e9tales prot\u00e9g\u00e9es en r\u00e9gion Rh\u00f4ne-Alpes Article 4 (1990)<br \/>\n&#8211; Liste rouge europ\u00e9enne IUCN 2012 LC<\/p>\n<p><strong><span style=\"text-decoration: underline;\">Description dans la flore de Coste :<\/span><\/strong><br \/>\nPlante vivace de 15-35 cm, glabre, assez gr\u00eale, \u00e0 tubercules globuleux ou ovo\u00efdes, l&rsquo;un sessile, l&rsquo;autre p\u00e9doncule ; feuilles lanc\u00e9ol\u00e9es, non macul\u00e9es ; fleurs rouge clair, moyennes, 2-6 en \u00e9pi court et l\u00e2che ; bract\u00e9es \u00e9galant \u00e0 peine ou d\u00e9passant un peu les fleurs ; labelle presque 2 fois aussi long que les divisions du p\u00e9rianthe, muni \u00e0 la base d&rsquo;une seule callosit\u00e9 noir\u00e2tre luisante ; languette \u00e9loign\u00e9e de l&rsquo;ovaire, moins large que les lobes lat\u00e9raux r\u00e9unis, ovale-acumin\u00e9e ou lanc\u00e9ol\u00e9e, rouge clair, glabre ou glabrescente en dessus.<\/p>\n<div id=\"attachment_3608\" style=\"width: 677px\" class=\"wp-caption aligncenter\"><a href=\"https:\/\/www.preservons-la-nature.fr\/blog\/wp-content\/uploads\/2014\/06\/DSC02150.jpg\" target=\"_blank\"><img loading=\"lazy\" decoding=\"async\" aria-describedby=\"caption-attachment-3608\" class=\"wp-image-3608 size-full\" title=\"Serapias lingua L. ( Serapias langue )\" src=\"https:\/\/www.preservons-la-nature.fr\/blog\/wp-content\/uploads\/2014\/06\/DSC02150.jpg\" alt=\"Serapias lingua L. ( Serapias langue )\" width=\"667\" height=\"1000\" srcset=\"https:\/\/preservons-la-nature.fr\/blog\/wp-content\/uploads\/2014\/06\/DSC02150.jpg 667w, https:\/\/preservons-la-nature.fr\/blog\/wp-content\/uploads\/2014\/06\/DSC02150-200x300.jpg 200w\" sizes=\"auto, (max-width: 667px) 100vw, 667px\" \/><\/a><p id=\"caption-attachment-3608\" class=\"wp-caption-text\">Serapias lingua L. ( Serapias langue )<\/p><\/div>\n<p><strong><span style=\"text-decoration: underline;\">Pr\u00e9sent dans le(s) d\u00e9partement(s) suivant(s) :<\/span><\/strong><br \/>\nAllier, Alpes-de-Haute-Provence, Alpes-Maritimes, Ard\u00e8che, Ari\u00e8ge, Aude, Aveyron, Bouches-du-Rh\u00f4ne, Cantal, Charente, Charente-Maritime, Cher, Corr\u00e8ze, Corse-du-Sud, C\u00f4tes-d&rsquo;Armor, Creuse, Deux-S\u00e8vres, Dordogne, Dr\u00f4me, Essonne, Finist\u00e8re, Gard, Gers, Gironde, Haute-Corse, Haute-Garonne, Haute-Loire, Hautes-Pyr\u00e9n\u00e9es, Haute-Vienne, H\u00e9rault, Indre, Indre-et-Loire, Is\u00e8re, Landes, Loire, Loiret, Loir-et-Cher, Lot, Lot-et-Garonne, Loz\u00e8re, Maine-et-Loire, Morbihan, Puy-de-D\u00f4me, Pyr\u00e9n\u00e9es-Atlantiques, Pyr\u00e9n\u00e9es-Orientales, Rh\u00f4ne, Tarn, Tarn-et-Garonne, Var, Vend\u00e9e, Vienne, Yonne.<\/p>\n<div id=\"attachment_3609\" style=\"width: 610px\" class=\"wp-caption aligncenter\"><a href=\"https:\/\/www.preservons-la-nature.fr\/blog\/?attachment_id=3609\" rel=\"attachment wp-att-3609\"><img loading=\"lazy\" decoding=\"async\" aria-describedby=\"caption-attachment-3609\" class=\"size-full wp-image-3609\" src=\"https:\/\/www.preservons-la-nature.fr\/blog\/wp-content\/uploads\/2014\/06\/carte12.jpg\" alt=\"R\u00e9partition de Serapias lingua L. ( Serapias langue )\" width=\"600\" height=\"600\" srcset=\"https:\/\/preservons-la-nature.fr\/blog\/wp-content\/uploads\/2014\/06\/carte12.jpg 600w, https:\/\/preservons-la-nature.fr\/blog\/wp-content\/uploads\/2014\/06\/carte12-150x150.jpg 150w, https:\/\/preservons-la-nature.fr\/blog\/wp-content\/uploads\/2014\/06\/carte12-300x300.jpg 300w\" sizes=\"auto, (max-width: 600px) 100vw, 600px\" \/><\/a><p id=\"caption-attachment-3609\" class=\"wp-caption-text\">R\u00e9partition de Serapias lingua L. ( Serapias langue )<\/p><\/div>\n<p><strong><span style=\"text-decoration: underline;\">Taxonomie :<\/span><\/strong><br \/>\n<i>Serapias lingua L.<\/i> a pour synonymes (Informations issues de la BDTFX Version 2.0, <a href=\"http:\/\/www.tela-botanica.org\" target=\"_blank\">Tela Botanica<\/a>) :<i><br \/>\n&#8211; Helleborine lingua (L.) Pers.<br \/>\n&#8211; Helleborine oxyglottis Pers.<br \/>\n&#8211; Lonchitis oxyglottis (Willd.) Bubani<br \/>\n&#8211; Orchis lingua (L.) Scop.<br \/>\n&#8211; Serapias excavata Schltr.<br \/>\n&#8211; Serapias hirsuta Lapeyr.<br \/>\n&#8211; Serapias hirsuta var. reichenbachiana Rouy<br \/>\n&#8211; Serapias lingua [var.] excavata (Schltr.) P.Fourn.<br \/>\n&#8211; Serapias lingua L. subsp. lingua<br \/>\n&#8211; Serapias lingua subsp. excavata (Schltr.) So\u00f3<br \/>\n&#8211; Serapias lingua subsp. veneris Balayer<br \/>\n&#8211; Serapias lingua var. longibracteata Hosch\u00e9d\u00e9<br \/>\n&#8211; Serapias pallidiflora Lojac.<br \/>\n&#8211; Serapiastrum lingua (L.) A.A.Eaton<br \/>\n<\/i><\/p>\n","protected":false},"excerpt":{"rendered":"<p>Une fiche plus r&eacute;cente existe, vous pouvez la consulter ICI Nom : Serapias lingua L. ( Serapias langue ) Autre(s) nom(s) : S\u00e9rapias \u00e0 languette. Famille : ORCHIDACEAE Floraison : Avril &#8211; Juillet Protection : &#8211; CITES (Convention de washington) &hellip; <a href=\"https:\/\/preservons-la-nature.fr\/blog\/?p=3606\">Continuer la lecture <span class=\"meta-nav\">&rarr;<\/span><\/a><\/p>\n","protected":false},"author":1,"featured_media":0,"comment_status":"open","ping_status":"open","sticky":false,"template":"","format":"standard","meta":{"footnotes":""},"categories":[102],"tags":[46],"class_list":["post-3606","post","type-post","status-publish","format-standard","hentry","category-fiche-partielle-de-plantes","tag-orchidees"],"_links":{"self":[{"href":"https:\/\/preservons-la-nature.fr\/blog\/index.php?rest_route=\/wp\/v2\/posts\/3606","targetHints":{"allow":["GET"]}}],"collection":[{"href":"https:\/\/preservons-la-nature.fr\/blog\/index.php?rest_route=\/wp\/v2\/posts"}],"about":[{"href":"https:\/\/preservons-la-nature.fr\/blog\/index.php?rest_route=\/wp\/v2\/types\/post"}],"author":[{"embeddable":true,"href":"https:\/\/preservons-la-nature.fr\/blog\/index.php?rest_route=\/wp\/v2\/users\/1"}],"replies":[{"embeddable":true,"href":"https:\/\/preservons-la-nature.fr\/blog\/index.php?rest_route=%2Fwp%2Fv2%2Fcomments&post=3606"}],"version-history":[{"count":1,"href":"https:\/\/preservons-la-nature.fr\/blog\/index.php?rest_route=\/wp\/v2\/posts\/3606\/revisions"}],"predecessor-version":[{"id":3610,"href":"https:\/\/preservons-la-nature.fr\/blog\/index.php?rest_route=\/wp\/v2\/posts\/3606\/revisions\/3610"}],"wp:attachment":[{"href":"https:\/\/preservons-la-nature.fr\/blog\/index.php?rest_route=%2Fwp%2Fv2%2Fmedia&parent=3606"}],"wp:term":[{"taxonomy":"category","embeddable":true,"href":"https:\/\/preservons-la-nature.fr\/blog\/index.php?rest_route=%2Fwp%2Fv2%2Fcategories&post=3606"},{"taxonomy":"post_tag","embeddable":true,"href":"https:\/\/preservons-la-nature.fr\/blog\/index.php?rest_route=%2Fwp%2Fv2%2Ftags&post=3606"}],"curies":[{"name":"wp","href":"https:\/\/api.w.org\/{rel}","templated":true}]}}