{"id":3592,"date":"2014-06-25T00:00:55","date_gmt":"2014-06-24T23:00:55","guid":{"rendered":"https:\/\/www.preservons-la-nature.fr\/blog\/?p=3592"},"modified":"2014-06-24T12:04:05","modified_gmt":"2014-06-24T11:04:05","slug":"cistus-ladanifer-l-ciste-ladanifere","status":"publish","type":"post","link":"https:\/\/preservons-la-nature.fr\/blog\/?p=3592","title":{"rendered":"Cistus ladanifer L. ( Ciste ladanif\u00e8re )"},"content":{"rendered":"<p><STRONG>Une fiche plus r&eacute;cente existe, vous pouvez la consulter <a href=\"https:\/\/www.preservons-la-nature.fr\/flore\/taxon\/4060.html\">ICI<\/a><\/STRONG><div id=\"attachment_3593\" style=\"width: 1010px\" class=\"wp-caption aligncenter\"><a href=\"https:\/\/www.preservons-la-nature.fr\/blog\/wp-content\/uploads\/2014\/06\/DSC02590.jpg\" target=\"_blank\"><img loading=\"lazy\" decoding=\"async\" aria-describedby=\"caption-attachment-3593\" class=\"wp-image-3593 size-full\" title=\"Cistus ladanifer L. ( Ciste ladanif\u00e8re )\" src=\"https:\/\/www.preservons-la-nature.fr\/blog\/wp-content\/uploads\/2014\/06\/DSC02590.jpg\" alt=\"Cistus ladanifer L. ( Ciste ladanif\u00e8re )\" width=\"1000\" height=\"667\" srcset=\"https:\/\/preservons-la-nature.fr\/blog\/wp-content\/uploads\/2014\/06\/DSC02590.jpg 1000w, https:\/\/preservons-la-nature.fr\/blog\/wp-content\/uploads\/2014\/06\/DSC02590-300x200.jpg 300w\" sizes=\"auto, (max-width: 1000px) 100vw, 1000px\" \/><\/a><p id=\"caption-attachment-3593\" class=\"wp-caption-text\">Cistus ladanifer L. ( Ciste ladanif\u00e8re )<\/p><\/div><\/p>\n<p><strong><span style=\"text-decoration: underline;\">Nom :<\/span><\/strong> <i>Cistus ladanifer L.<\/i> ( Ciste ladanif\u00e8re )<\/p>\n<p><strong><span style=\"text-decoration: underline;\">Autre(s) nom(s) :<\/span><\/strong><br \/>\nCiste \u00e0 gomme.<\/p>\n<p><strong><span style=\"text-decoration: underline;\">Famille :<\/span><\/strong> CISTACEAE<\/p>\n<p><strong><span style=\"text-decoration: underline;\">Floraison :<\/span><\/strong> Mars &#8211; Mai<\/p>\n<p><strong><span style=\"text-decoration: underline;\">Forme biologique :<\/span><\/strong><br \/>\nNanophan\u00e9rophyte.<\/p>\n<p><strong><span style=\"text-decoration: underline;\">Protection :<\/span><\/strong><br \/>\n&#8211; Liste rouge fran\u00e7aise IUCN 2012 NT<\/p>\n<p><strong><span style=\"text-decoration: underline;\">Description dans la flore de Coste :<\/span><\/strong><br \/>\nArbrisseau d\u00e9passant souvent 1 m\u00e8tre, tr\u00e8s odorant, verd\u00e2tre, \u00e0 rameaux glutineux ; feuilles sessiles, lanc\u00e9ol\u00e9es, vertes et glabres en dessus, tomenteuses-blanch\u00e2tres en dessous ; fleurs de 6-8 cm, blanches ou tach\u00e9es de pourpre au-dessus de l&rsquo;onglet, p\u00e9doncul\u00e9es, solitaires ; s\u00e9pales 3, presque \u00e9gaux, suborbiculaires, glabres, tuberculeux, plus longs que le p\u00e9doncule glabre ; p\u00e9tales 3-4 fois plus longs que le calice; style tr\u00e8s court ; capsule subglobuleuse, tomenteuse, \u00e0 10 loges ; graines presque lisses.<\/p>\n<p><strong><span style=\"text-decoration: underline;\">Pr\u00e9sent dans le(s) d\u00e9partement(s) suivant(s) :<\/span><\/strong><br \/>\nAude, Gard, H\u00e9rault, Pyr\u00e9n\u00e9es-Orientales, Var.<\/p>\n<div id=\"attachment_3594\" style=\"width: 610px\" class=\"wp-caption aligncenter\"><a href=\"https:\/\/www.preservons-la-nature.fr\/blog\/?attachment_id=3594\" rel=\"attachment wp-att-3594\"><img loading=\"lazy\" decoding=\"async\" aria-describedby=\"caption-attachment-3594\" class=\"size-full wp-image-3594\" src=\"https:\/\/www.preservons-la-nature.fr\/blog\/wp-content\/uploads\/2014\/06\/Carte.jpg\" alt=\"R\u00e9partition de Cistus ladanifer L. ( Ciste ladanif\u00e8re )\" width=\"600\" height=\"600\" srcset=\"https:\/\/preservons-la-nature.fr\/blog\/wp-content\/uploads\/2014\/06\/Carte.jpg 600w, https:\/\/preservons-la-nature.fr\/blog\/wp-content\/uploads\/2014\/06\/Carte-150x150.jpg 150w, https:\/\/preservons-la-nature.fr\/blog\/wp-content\/uploads\/2014\/06\/Carte-300x300.jpg 300w\" sizes=\"auto, (max-width: 600px) 100vw, 600px\" \/><\/a><p id=\"caption-attachment-3594\" class=\"wp-caption-text\">R\u00e9partition de Cistus ladanifer L. ( Ciste ladanif\u00e8re )<\/p><\/div>\n<p><strong><span style=\"text-decoration: underline;\">Phytosociologie :<\/span><i><\/i><\/strong><\/p>\n<table>\n<tbody>\n<tr>\n<td>Alliance<\/td>\n<td>Ordre<\/td>\n<td>Classe<\/td>\n<\/tr>\n<tr>\n<td><strong>Cistion ladaniferi<\/strong><\/td>\n<td><strong>Lavanduletalia stoechadis<\/strong><\/td>\n<td><strong>Cisto ladaniferi-Lavanduletea stoechadis<\/strong><\/td>\n<\/tr>\n<tr>\n<td>Communaut\u00e9s thermo- \u00e0 m\u00e9som\u00e9diterran\u00e9ennes du Roussillon aux Alpes-Maritimes.<\/td>\n<td><\/td>\n<td>Landes thermophiles sur substrat acide, domin\u00e9es par les cham\u00e9phytes, des \u00e9tages thermo- \u00e0 supram\u00e9diterran\u00e9en.<\/td>\n<\/tr>\n<\/tbody>\n<\/table>\n<p><span style=\"text-decoration: underline;\">Sous-esp\u00e8ces ou vari\u00e9t\u00e9s :<\/span><br \/>\n<i>&#8211; Cistus ladanifer L. subsp. ladanifer<br \/>\n&#8211; Cistus ladanifer subsp. sulcatus (Demoly) P.Monts.<br \/>\n<\/i><\/p>\n","protected":false},"excerpt":{"rendered":"<p>Une fiche plus r&eacute;cente existe, vous pouvez la consulter ICI Nom : Cistus ladanifer L. ( Ciste ladanif\u00e8re ) Autre(s) nom(s) : Ciste \u00e0 gomme. Famille : CISTACEAE Floraison : Mars &#8211; Mai Forme biologique : Nanophan\u00e9rophyte. Protection : &#8211; &hellip; <a href=\"https:\/\/preservons-la-nature.fr\/blog\/?p=3592\">Continuer la lecture <span class=\"meta-nav\">&rarr;<\/span><\/a><\/p>\n","protected":false},"author":1,"featured_media":0,"comment_status":"open","ping_status":"open","sticky":false,"template":"","format":"standard","meta":{"footnotes":""},"categories":[102],"tags":[128],"class_list":["post-3592","post","type-post","status-publish","format-standard","hentry","category-fiche-partielle-de-plantes","tag-cistaceae"],"_links":{"self":[{"href":"https:\/\/preservons-la-nature.fr\/blog\/index.php?rest_route=\/wp\/v2\/posts\/3592","targetHints":{"allow":["GET"]}}],"collection":[{"href":"https:\/\/preservons-la-nature.fr\/blog\/index.php?rest_route=\/wp\/v2\/posts"}],"about":[{"href":"https:\/\/preservons-la-nature.fr\/blog\/index.php?rest_route=\/wp\/v2\/types\/post"}],"author":[{"embeddable":true,"href":"https:\/\/preservons-la-nature.fr\/blog\/index.php?rest_route=\/wp\/v2\/users\/1"}],"replies":[{"embeddable":true,"href":"https:\/\/preservons-la-nature.fr\/blog\/index.php?rest_route=%2Fwp%2Fv2%2Fcomments&post=3592"}],"version-history":[{"count":1,"href":"https:\/\/preservons-la-nature.fr\/blog\/index.php?rest_route=\/wp\/v2\/posts\/3592\/revisions"}],"predecessor-version":[{"id":3595,"href":"https:\/\/preservons-la-nature.fr\/blog\/index.php?rest_route=\/wp\/v2\/posts\/3592\/revisions\/3595"}],"wp:attachment":[{"href":"https:\/\/preservons-la-nature.fr\/blog\/index.php?rest_route=%2Fwp%2Fv2%2Fmedia&parent=3592"}],"wp:term":[{"taxonomy":"category","embeddable":true,"href":"https:\/\/preservons-la-nature.fr\/blog\/index.php?rest_route=%2Fwp%2Fv2%2Fcategories&post=3592"},{"taxonomy":"post_tag","embeddable":true,"href":"https:\/\/preservons-la-nature.fr\/blog\/index.php?rest_route=%2Fwp%2Fv2%2Ftags&post=3592"}],"curies":[{"name":"wp","href":"https:\/\/api.w.org\/{rel}","templated":true}]}}