{"id":3584,"date":"2014-06-24T07:51:16","date_gmt":"2014-06-24T06:51:16","guid":{"rendered":"https:\/\/www.preservons-la-nature.fr\/blog\/?p=3584"},"modified":"2014-06-24T07:56:18","modified_gmt":"2014-06-24T06:56:18","slug":"isoetes-duriei-bory-isoete-de-durieu","status":"publish","type":"post","link":"https:\/\/preservons-la-nature.fr\/blog\/?p=3584","title":{"rendered":"Isoetes duriei Bory ( Iso\u00e8te de Durieu  )"},"content":{"rendered":"<p><STRONG>Une fiche plus r&eacute;cente existe, vous pouvez la consulter <a href=\"https:\/\/www.preservons-la-nature.fr\/flore\/taxon\/2684.html\">ICI<\/a><\/STRONG><div id=\"attachment_3585\" style=\"width: 1010px\" class=\"wp-caption aligncenter\"><a href=\"https:\/\/www.preservons-la-nature.fr\/blog\/wp-content\/uploads\/2014\/06\/DSC02858.jpg\" target=\"_blank\"><img loading=\"lazy\" decoding=\"async\" aria-describedby=\"caption-attachment-3585\" class=\"wp-image-3585 size-full\" title=\"Isoetes duriei Bory ( Iso\u00e8te de Durieu  )\" src=\"https:\/\/www.preservons-la-nature.fr\/blog\/wp-content\/uploads\/2014\/06\/DSC02858.jpg\" alt=\"Isoetes duriei Bory ( Iso\u00e8te de Durieu  )\" width=\"1000\" height=\"667\" srcset=\"https:\/\/preservons-la-nature.fr\/blog\/wp-content\/uploads\/2014\/06\/DSC02858.jpg 1000w, https:\/\/preservons-la-nature.fr\/blog\/wp-content\/uploads\/2014\/06\/DSC02858-300x200.jpg 300w\" sizes=\"auto, (max-width: 1000px) 100vw, 1000px\" \/><\/a><p id=\"caption-attachment-3585\" class=\"wp-caption-text\">Isoetes duriei Bory ( Iso\u00e8te de Durieu )<\/p><\/div><\/p>\n<p><strong><span style=\"text-decoration: underline;\">Famille :<\/span><\/strong> ISOETACEAE<\/p>\n<p><strong><span style=\"text-decoration: underline;\">Forme biologique :<\/span><\/strong><br \/>\nG\u00e9ophyte bulbeux.<\/p>\n<p><strong><span style=\"text-decoration: underline;\">Protection :<\/span><\/strong><br \/>\n&#8211; Liste des esp\u00e8ces v\u00e9g\u00e9tales prot\u00e9g\u00e9es sur l&rsquo;ensemble du territoire fran\u00e7ais m\u00e9tropolitain Article 1<\/p>\n<p><strong><span style=\"text-decoration: underline;\">Description dans la flore de Coste :<\/span><\/strong><br \/>\nPlante vivace, terrestre, \u00e0 racines velues, \u00e0 bulbe subglobuleux-trigone, entour\u00e9 d&rsquo;\u00e9cailles (phyllopodes) coriaces, noir\u00e2tres, tronqu\u00e9es et bri\u00e8vement trident\u00e9es au sommet ; feuilles longues de 4-15 cm, \u00e9tal\u00e9es en cercle sur le sol et souvent arqu\u00e9es-recourb\u00e9es, filiformes-aigu\u00ebs, \u00e0 lacunes \u00e9troites, munies de stomates ; voile couvrant compl\u00e8tement les sporanges ; macrospores \u00e0 c\u00f4tes peu apparentes, alv\u00e9ol\u00e9es-scrobicul\u00e9es, couvertes d&rsquo;un r\u00e9seau de fossettes nombreuses et contigu\u00ebs ; microspores tr\u00e8s finement tuberculeuses.<\/p>\n<div id=\"attachment_3586\" style=\"width: 1010px\" class=\"wp-caption aligncenter\"><a href=\"https:\/\/www.preservons-la-nature.fr\/blog\/wp-content\/uploads\/2014\/06\/DSC02861.jpg\" target=\"_blank\"><img loading=\"lazy\" decoding=\"async\" aria-describedby=\"caption-attachment-3586\" class=\"wp-image-3586 size-full\" title=\"Isoetes duriei Bory ( Iso\u00e8te de Durieu  )\" src=\"https:\/\/www.preservons-la-nature.fr\/blog\/wp-content\/uploads\/2014\/06\/DSC02861.jpg\" alt=\"Isoetes duriei Bory ( Iso\u00e8te de Durieu  )\" width=\"1000\" height=\"667\" srcset=\"https:\/\/preservons-la-nature.fr\/blog\/wp-content\/uploads\/2014\/06\/DSC02861.jpg 1000w, https:\/\/preservons-la-nature.fr\/blog\/wp-content\/uploads\/2014\/06\/DSC02861-300x200.jpg 300w\" sizes=\"auto, (max-width: 1000px) 100vw, 1000px\" \/><\/a><p id=\"caption-attachment-3586\" class=\"wp-caption-text\">Isoetes duriei Bory ( Iso\u00e8te de Durieu )<\/p><\/div>\n<p><strong><span style=\"text-decoration: underline;\">Nom :<\/span><\/strong> <i>Isoetes duriei Bory<\/i> ( Iso\u00e8te de Durieu )<br \/>\n<strong><span style=\"text-decoration: underline;\">Pr\u00e9sent dans le(s) d\u00e9partement(s) suivant(s) :<\/span><\/strong><br \/>\nAlpes-Maritimes, Aude, Corse-du-Sud, Gard, Haute-Corse, H\u00e9rault, Loz\u00e8re, Pyr\u00e9n\u00e9es-Orientales, Tarn, Var.<\/p>\n<div id=\"attachment_3587\" style=\"width: 610px\" class=\"wp-caption aligncenter\"><a href=\"https:\/\/www.preservons-la-nature.fr\/blog\/?attachment_id=3587\" rel=\"attachment wp-att-3587\"><img loading=\"lazy\" decoding=\"async\" aria-describedby=\"caption-attachment-3587\" class=\"size-full wp-image-3587\" src=\"https:\/\/www.preservons-la-nature.fr\/blog\/wp-content\/uploads\/2014\/06\/carte9.jpg\" alt=\"R\u00e9partition d'Isoetes duriei Bory ( Iso\u00e8te de Durieu  )\" width=\"600\" height=\"600\" srcset=\"https:\/\/preservons-la-nature.fr\/blog\/wp-content\/uploads\/2014\/06\/carte9.jpg 600w, https:\/\/preservons-la-nature.fr\/blog\/wp-content\/uploads\/2014\/06\/carte9-150x150.jpg 150w, https:\/\/preservons-la-nature.fr\/blog\/wp-content\/uploads\/2014\/06\/carte9-300x300.jpg 300w\" sizes=\"auto, (max-width: 600px) 100vw, 600px\" \/><\/a><p id=\"caption-attachment-3587\" class=\"wp-caption-text\">R\u00e9partition d&rsquo;Isoetes duriei Bory ( Iso\u00e8te de Durieu )<\/p><\/div>\n<p><strong><span style=\"text-decoration: underline;\">Phytosociologie :<\/span><i><\/i><\/strong><\/p>\n<table>\n<tbody>\n<tr>\n<td>Alliance<\/td>\n<td>Ordre<\/td>\n<td>Classe<\/td>\n<\/tr>\n<tr>\n<td><strong>Isoetion durieui<\/strong><\/td>\n<td><strong>Isoetetalia durieui<\/strong><\/td>\n<td><strong>Isoeto durieui-Juncetea bufonii<\/strong><\/td>\n<\/tr>\n<tr>\n<td>Communaut\u00e9s amphibies de niveau topographique bas \u00e0 moyen.<\/td>\n<td>Communaut\u00e9s amphibies et hygrophiles m\u00e9diterran\u00e9ennes et thermo-atlantiques, des sols oligotrophes.<\/td>\n<td>V\u00e9g\u00e9tation pionni\u00e8re riche en annuelles, hygrophile \u00e0 m\u00e9sohygrophile, des sols exond\u00e9s ou humides, oligotrophes \u00e0 m\u00e9so-eutrophes.<\/td>\n<\/tr>\n<\/tbody>\n<\/table>\n<p><strong><span style=\"text-decoration: underline;\">Taxonomie :<\/span><\/strong><br \/>\n<i>Isoetes duriei Bory<\/i> a pour synonymes (Informations issues de la BDTFX Version 2.0, <a href=\"http:\/\/www.tela-botanica.org\" target=\"_blank\">Tela Botanica<\/a>) :<i><br \/>\n&#8211; Calamaria duriei (Bory) Kuntze<br \/>\n&#8211; Iso\u00ebtella duriei (Bory) Gennari<br \/>\n<\/i><\/p>\n","protected":false},"excerpt":{"rendered":"<p>Une fiche plus r&eacute;cente existe, vous pouvez la consulter ICI Famille : ISOETACEAE Forme biologique : G\u00e9ophyte bulbeux. Protection : &#8211; Liste des esp\u00e8ces v\u00e9g\u00e9tales prot\u00e9g\u00e9es sur l&rsquo;ensemble du territoire fran\u00e7ais m\u00e9tropolitain Article 1 Description dans la flore de Coste &hellip; <a href=\"https:\/\/preservons-la-nature.fr\/blog\/?p=3584\">Continuer la lecture <span class=\"meta-nav\">&rarr;<\/span><\/a><\/p>\n","protected":false},"author":1,"featured_media":0,"comment_status":"open","ping_status":"open","sticky":false,"template":"","format":"standard","meta":{"footnotes":""},"categories":[102],"tags":[127],"class_list":["post-3584","post","type-post","status-publish","format-standard","hentry","category-fiche-partielle-de-plantes","tag-isoetaceae"],"_links":{"self":[{"href":"https:\/\/preservons-la-nature.fr\/blog\/index.php?rest_route=\/wp\/v2\/posts\/3584","targetHints":{"allow":["GET"]}}],"collection":[{"href":"https:\/\/preservons-la-nature.fr\/blog\/index.php?rest_route=\/wp\/v2\/posts"}],"about":[{"href":"https:\/\/preservons-la-nature.fr\/blog\/index.php?rest_route=\/wp\/v2\/types\/post"}],"author":[{"embeddable":true,"href":"https:\/\/preservons-la-nature.fr\/blog\/index.php?rest_route=\/wp\/v2\/users\/1"}],"replies":[{"embeddable":true,"href":"https:\/\/preservons-la-nature.fr\/blog\/index.php?rest_route=%2Fwp%2Fv2%2Fcomments&post=3584"}],"version-history":[{"count":4,"href":"https:\/\/preservons-la-nature.fr\/blog\/index.php?rest_route=\/wp\/v2\/posts\/3584\/revisions"}],"predecessor-version":[{"id":3591,"href":"https:\/\/preservons-la-nature.fr\/blog\/index.php?rest_route=\/wp\/v2\/posts\/3584\/revisions\/3591"}],"wp:attachment":[{"href":"https:\/\/preservons-la-nature.fr\/blog\/index.php?rest_route=%2Fwp%2Fv2%2Fmedia&parent=3584"}],"wp:term":[{"taxonomy":"category","embeddable":true,"href":"https:\/\/preservons-la-nature.fr\/blog\/index.php?rest_route=%2Fwp%2Fv2%2Fcategories&post=3584"},{"taxonomy":"post_tag","embeddable":true,"href":"https:\/\/preservons-la-nature.fr\/blog\/index.php?rest_route=%2Fwp%2Fv2%2Ftags&post=3584"}],"curies":[{"name":"wp","href":"https:\/\/api.w.org\/{rel}","templated":true}]}}