{"id":3567,"date":"2014-06-15T00:49:50","date_gmt":"2014-06-14T23:49:50","guid":{"rendered":"https:\/\/www.preservons-la-nature.fr\/blog\/?p=3567"},"modified":"2014-06-14T18:11:34","modified_gmt":"2014-06-14T17:11:34","slug":"asphodelus-ramosus-l-asphodele-rameux","status":"publish","type":"post","link":"https:\/\/preservons-la-nature.fr\/blog\/?p=3567","title":{"rendered":"Asphodelus ramosus L. ( Asphod\u00e8le rameux )"},"content":{"rendered":"<p><STRONG>Une fiche plus r&eacute;cente existe, vous pouvez la consulter <a href=\"https:\/\/www.preservons-la-nature.fr\/flore\/taxon\/4289.html\">ICI<\/a><\/STRONG><div id=\"attachment_3568\" style=\"width: 544px\" class=\"wp-caption aligncenter\"><a href=\"https:\/\/www.preservons-la-nature.fr\/blog\/?attachment_id=3568\" rel=\"attachment wp-att-3568\"><img loading=\"lazy\" decoding=\"async\" aria-describedby=\"caption-attachment-3568\" class=\" wp-image-3568 \" title=\"Asphodelus ramosus L. ( Asphod\u00e8le rameux )\" alt=\"Asphodelus ramosus L. ( Asphod\u00e8le rameux )\" src=\"https:\/\/www.preservons-la-nature.fr\/blog\/wp-content\/uploads\/2014\/06\/DSC03208.jpg\" width=\"534\" height=\"800\" srcset=\"https:\/\/preservons-la-nature.fr\/blog\/wp-content\/uploads\/2014\/06\/DSC03208.jpg 667w, https:\/\/preservons-la-nature.fr\/blog\/wp-content\/uploads\/2014\/06\/DSC03208-200x300.jpg 200w\" sizes=\"auto, (max-width: 534px) 100vw, 534px\" \/><\/a><p id=\"caption-attachment-3568\" class=\"wp-caption-text\">Asphodelus ramosus L. ( Asphod\u00e8le rameux )<\/p><\/div><\/p>\n<p><strong><span style=\"text-decoration: underline;\">Nom :<\/span><\/strong> <i>Asphodelus ramosus L.<\/i> ( Asphod\u00e8le rameux )<\/p>\n<p><strong><span style=\"text-decoration: underline;\">Autre(s) nom(s) :<\/span><\/strong><br \/>\nAsphod\u00e8le \u00e0 petits fruits.<\/p>\n<p><strong><span style=\"text-decoration: underline;\">Famille :<\/span><\/strong> XANTHORRHOEACEAE<\/p>\n<p><strong><span style=\"text-decoration: underline;\">Floraison :<\/span><\/strong> Mars &#8211; Juin<\/p>\n<p><strong><span style=\"text-decoration: underline;\">Forme biologique :<\/span><\/strong><br \/>\nG\u00e9ophyte bulbeux.<\/p>\n<p><strong><span style=\"text-decoration: underline;\">Description dans la flore de Coste :<\/span><\/strong><br \/>\nPlante vivace de 1 m. \u00e0 1 m. 50, glabre, \u00e0 racine fascicul\u00e9e-tuberculeuse ; tige robuste, pleine, rameuse dans le haut ; feuilles larges de 20-40 mm, triqu\u00e8tres en goutti\u00e8re, raides, glaucescentes, ins\u00e9r\u00e9es en spirale ; fleurs blanches ou carn\u00e9es, assez petites, en grappes denses ; bract\u00e9es fauve tr\u00e8s p\u00e2le ; p\u00e9rianthe long de 14-16 mm, \u00e0 car\u00e8nes vertes ; filets lanc\u00e9ol\u00e9s, \u00e9largis \u00e0 la base ; fruit petit (6-7 mm de long), elliptique, un peu r\u00e9tr\u00e9ci \u00e0 la base ; capsule \u00e0 valves gris\u00e2tres, minces, elliptiques, tronqu\u00e9es au sommet, \u00e0 bords plans, \u00e0 5-7 fines nervures transversales.<\/p>\n<p><strong><span style=\"text-decoration: underline;\">Pr\u00e9sent dans le(s) d\u00e9partement(s) suivant(s) :<\/span><\/strong><br \/>\nAlpes-Maritimes, Bouches-du-Rh\u00f4ne, Corse-du-Sud, Haute-Corse, Is\u00e8re, Var.<\/p>\n<div id=\"attachment_3570\" style=\"width: 610px\" class=\"wp-caption aligncenter\"><a href=\"https:\/\/www.preservons-la-nature.fr\/blog\/?attachment_id=3570\" rel=\"attachment wp-att-3570\"><img loading=\"lazy\" decoding=\"async\" aria-describedby=\"caption-attachment-3570\" class=\"size-full wp-image-3570\" alt=\"R\u00e9partition d'Asphodelus ramosus L. ( Asphod\u00e8le rameux )\" src=\"https:\/\/www.preservons-la-nature.fr\/blog\/wp-content\/uploads\/2014\/06\/carte6.jpg\" width=\"600\" height=\"600\" srcset=\"https:\/\/preservons-la-nature.fr\/blog\/wp-content\/uploads\/2014\/06\/carte6.jpg 600w, https:\/\/preservons-la-nature.fr\/blog\/wp-content\/uploads\/2014\/06\/carte6-150x150.jpg 150w, https:\/\/preservons-la-nature.fr\/blog\/wp-content\/uploads\/2014\/06\/carte6-300x300.jpg 300w\" sizes=\"auto, (max-width: 600px) 100vw, 600px\" \/><\/a><p id=\"caption-attachment-3570\" class=\"wp-caption-text\">R\u00e9partition d&rsquo;Asphodelus ramosus L. ( Asphod\u00e8le rameux )<\/p><\/div>\n<p><strong><span style=\"text-decoration: underline;\">Phytosociologie :<\/span><i><\/i><\/strong><\/p>\n<table>\n<tbody>\n<tr>\n<td>Classe<\/td>\n<\/tr>\n<tr>\n<td><strong>Cisto ladaniferi-Lavanduletea stoechadis<\/strong><\/td>\n<\/tr>\n<tr>\n<td>Landes thermophiles sur substrat acide, domin\u00e9es par les cham\u00e9phytes, des \u00e9tages thermo- \u00e0 supram\u00e9diterran\u00e9en.<\/td>\n<\/tr>\n<\/tbody>\n<\/table>\n<table>\n<tbody>\n<tr>\n<td>Classe<\/td>\n<\/tr>\n<tr>\n<td><strong>Helianthemetea guttati<\/strong><\/td>\n<\/tr>\n<tr>\n<td>V\u00e9g\u00e9tations annuelles acidiphiles des sols souvent sableux, oligotrophes, et des lithosols.<\/td>\n<\/tr>\n<\/tbody>\n<\/table>\n<table>\n<tbody>\n<tr>\n<td>Classe<\/td>\n<\/tr>\n<tr>\n<td><strong>Lygeo sparti-Stipetea tenacissimae<\/strong><\/td>\n<\/tr>\n<tr>\n<td>V\u00e9g\u00e9tation de garrigues et d&rsquo;ourlets m\u00e9diterran\u00e9ens riches en gramin\u00e9es vivaces, sur sols basiques.<\/td>\n<\/tr>\n<\/tbody>\n<\/table>\n<table>\n<tbody>\n<tr>\n<td>Ordre<\/td>\n<td>Classe<\/td>\n<\/tr>\n<tr>\n<td><strong>Ononidetalia striatae<\/strong><\/td>\n<td><strong>Festuco valesiacae-Brometea erecti<\/strong><\/td>\n<\/tr>\n<tr>\n<td>Communaut\u00e9s x\u00e9rophiles \u00e0 m\u00e9sox\u00e9rophiles, subm\u00e9diterran\u00e9ennes, et supra- \u00e0 orom\u00e9diterran\u00e9ennes.<\/td>\n<td>Pelouses \u00e0 dominance d\u2019h\u00e9micryptophytes, parfois landines et garrigues sous climat subm\u00e9diterran\u00e9en, x\u00e9rophiles \u00e0 m\u00e9sox\u00e9rophiles, collin\u00e9ennes \u00e0 montagnardes, europ\u00e9ennes et ouest-sib\u00e9riennes, surtout sur substrats carbonat\u00e9s ou basiques.<\/td>\n<\/tr>\n<\/tbody>\n<\/table>\n<table>\n<tbody>\n<tr>\n<td>Classe<\/td>\n<\/tr>\n<tr>\n<td><strong>Rosmarinetea officinalis<\/strong><\/td>\n<\/tr>\n<tr>\n<td>Garrigues et formations cham\u00e9phytiques m\u00e9diterran\u00e9ennes \u00e0 m\u00e9diterran\u00e9o-atlantiques.<\/td>\n<\/tr>\n<\/tbody>\n<\/table>\n<p><strong><span style=\"text-decoration: underline;\">Taxonomie :<\/span><\/strong><br \/>\n<i>Asphodelus ramosus L.<\/i> a pour synonymes (Informations issues de la BDTFX Version 2.0, <a href=\"http:\/\/www.tela-botanica.org\" target=\"_blank\">Tela Botanica<\/a>) :<i><br \/>\n&#8211; Asphodelus aestivus sensu auct. plur.<br \/>\n&#8211; Asphodelus affinis Parl.<br \/>\n&#8211; Asphodelus albus subsp. microcarpus (Viv.) Bonnier &amp; Layens<br \/>\n&#8211; Asphodelus albus subsp. ramosus (L.) Bonnier &amp; Layens<br \/>\n&#8211; Asphodelus audibertii Req. ex Roem. &amp; Schult.<br \/>\n&#8211; Asphodelus cerasiferus J.Gay [1857b]<br \/>\n&#8211; Asphodelus comosus Jord.<br \/>\n&#8211; Asphodelus corsicus Jord.<br \/>\n&#8211; Asphodelus crinipes Jord.<br \/>\n&#8211; Asphodelus fuscatus Jord. &amp; Fourr.<br \/>\n&#8211; Asphodelus infestus Parl.<br \/>\n&#8211; Asphodelus littoralis Jord.<br \/>\n&#8211; Asphodelus microcarpus Viv.<br \/>\n&#8211; Asphodelus ramosus Gouan ex Willk. &amp; Lange<br \/>\n&#8211; Asphodelus tardiflorus Jord.<br \/>\n<\/i><br \/>\n<span style=\"text-decoration: underline;\">Sous-esp\u00e8ces ou vari\u00e9t\u00e9s :<\/span><br \/>\n<i>&#8211; Asphodelus ramosus L. subsp. ramosus<br \/>\n&#8211; Asphodelus ramosus subsp. apicalis Diaz Lifante &amp; Vald\u00e9s<br \/>\n<\/i><\/p>\n","protected":false},"excerpt":{"rendered":"<p>Une fiche plus r&eacute;cente existe, vous pouvez la consulter ICI Nom : Asphodelus ramosus L. ( Asphod\u00e8le rameux ) Autre(s) nom(s) : Asphod\u00e8le \u00e0 petits fruits. Famille : XANTHORRHOEACEAE Floraison : Mars &#8211; Juin Forme biologique : G\u00e9ophyte bulbeux. Description &hellip; <a href=\"https:\/\/preservons-la-nature.fr\/blog\/?p=3567\">Continuer la lecture <span class=\"meta-nav\">&rarr;<\/span><\/a><\/p>\n","protected":false},"author":1,"featured_media":0,"comment_status":"open","ping_status":"open","sticky":false,"template":"","format":"standard","meta":{"footnotes":""},"categories":[102],"tags":[116],"class_list":["post-3567","post","type-post","status-publish","format-standard","hentry","category-fiche-partielle-de-plantes","tag-xanthorrhoeaceae"],"_links":{"self":[{"href":"https:\/\/preservons-la-nature.fr\/blog\/index.php?rest_route=\/wp\/v2\/posts\/3567","targetHints":{"allow":["GET"]}}],"collection":[{"href":"https:\/\/preservons-la-nature.fr\/blog\/index.php?rest_route=\/wp\/v2\/posts"}],"about":[{"href":"https:\/\/preservons-la-nature.fr\/blog\/index.php?rest_route=\/wp\/v2\/types\/post"}],"author":[{"embeddable":true,"href":"https:\/\/preservons-la-nature.fr\/blog\/index.php?rest_route=\/wp\/v2\/users\/1"}],"replies":[{"embeddable":true,"href":"https:\/\/preservons-la-nature.fr\/blog\/index.php?rest_route=%2Fwp%2Fv2%2Fcomments&post=3567"}],"version-history":[{"count":2,"href":"https:\/\/preservons-la-nature.fr\/blog\/index.php?rest_route=\/wp\/v2\/posts\/3567\/revisions"}],"predecessor-version":[{"id":3571,"href":"https:\/\/preservons-la-nature.fr\/blog\/index.php?rest_route=\/wp\/v2\/posts\/3567\/revisions\/3571"}],"wp:attachment":[{"href":"https:\/\/preservons-la-nature.fr\/blog\/index.php?rest_route=%2Fwp%2Fv2%2Fmedia&parent=3567"}],"wp:term":[{"taxonomy":"category","embeddable":true,"href":"https:\/\/preservons-la-nature.fr\/blog\/index.php?rest_route=%2Fwp%2Fv2%2Fcategories&post=3567"},{"taxonomy":"post_tag","embeddable":true,"href":"https:\/\/preservons-la-nature.fr\/blog\/index.php?rest_route=%2Fwp%2Fv2%2Ftags&post=3567"}],"curies":[{"name":"wp","href":"https:\/\/api.w.org\/{rel}","templated":true}]}}