{"id":3539,"date":"2014-06-10T00:02:47","date_gmt":"2014-06-09T23:02:47","guid":{"rendered":"https:\/\/www.preservons-la-nature.fr\/blog\/?p=3539"},"modified":"2014-06-09T14:08:23","modified_gmt":"2014-06-09T13:08:23","slug":"arisarum-vulgare-o-targ-tozz-gouet-a-capuchon","status":"publish","type":"post","link":"https:\/\/preservons-la-nature.fr\/blog\/?p=3539","title":{"rendered":"Arisarum vulgare O.Targ.Tozz. ( Gouet \u00e0 capuchon )"},"content":{"rendered":"<p><STRONG>Une fiche plus r&eacute;cente existe, vous pouvez la consulter <a href=\"https:\/\/www.preservons-la-nature.fr\/flore\/taxon\/1671.html\">ICI<\/a><\/STRONG><div id=\"attachment_3540\" style=\"width: 544px\" class=\"wp-caption aligncenter\"><a href=\"https:\/\/www.preservons-la-nature.fr\/blog\/wp-content\/uploads\/2014\/06\/DSC09698.jpg\"><img loading=\"lazy\" decoding=\"async\" aria-describedby=\"caption-attachment-3540\" class=\" wp-image-3540 \" title=\"Arisarum vulgare O.Targ.Tozz. ( Gouet \u00e0 capuchon )\" alt=\"Arisarum vulgare O.Targ.Tozz. ( Gouet \u00e0 capuchon )\" src=\"https:\/\/www.preservons-la-nature.fr\/blog\/wp-content\/uploads\/2014\/06\/DSC09698.jpg\" width=\"534\" height=\"800\" srcset=\"https:\/\/preservons-la-nature.fr\/blog\/wp-content\/uploads\/2014\/06\/DSC09698.jpg 667w, https:\/\/preservons-la-nature.fr\/blog\/wp-content\/uploads\/2014\/06\/DSC09698-200x300.jpg 200w\" sizes=\"auto, (max-width: 534px) 100vw, 534px\" \/><\/a><p id=\"caption-attachment-3540\" class=\"wp-caption-text\">Arisarum vulgare O.Targ.Tozz. ( Gouet \u00e0 capuchon )<\/p><\/div><\/p>\n<p><strong><span style=\"text-decoration: underline;\">Nom :<\/span><\/strong> <i>Arisarum vulgare O.Targ.Tozz.<\/i> ( Gouet \u00e0 capuchon )<\/p>\n<p><strong><span style=\"text-decoration: underline;\">Autre(s) nom(s) :<\/span><\/strong><br \/>\nCapuchon de moine.<\/p>\n<p><strong><span style=\"text-decoration: underline;\">Famille :<\/span><\/strong> ARACEAE<\/p>\n<p><strong><span style=\"text-decoration: underline;\">Floraison :<\/span><\/strong> Mars &#8211; Mai<\/p>\n<p><strong><span style=\"text-decoration: underline;\">Forme biologique :<\/span><\/strong><br \/>\nG\u00e9ophyte.<\/p>\n<p><strong><span style=\"text-decoration: underline;\">Description dans la flore de Coste :<\/span><\/strong><br \/>\nPlante vivace de 15-30 cm, glabre, \u00e0 souche tub\u00e9reuse ; feuilles ovales en coeur ou hast\u00e9es-sagitt\u00e9es, \u00e0 p\u00e9tioles tr\u00e8s longs, gr\u00eales, macul\u00e9s ; spathe de la grosseur du petit doigt, brune ou verd\u00e2tre, ray\u00e9e de pourpre, tubuleuse-cylindrique jusqu&rsquo;au milieu, courb\u00e9e en capuchon et acumin\u00e9e au sommet ; spadice libre, gr\u00eale, \u00e0 massue terminale nue, verd\u00e2tre, recourb\u00e9e en avant et saillante au-dessus du tube ; fleurs mono\u00efques, contigu\u00ebs, les m\u00e2les r\u00e9duites \u00e0 des \u00e9tamines \u00e9parses, \u00e0 filets courts et anth\u00e8res \u00e0 1 loge ; les femelles 3-5 unilat\u00e9rales au fond de la spathe, \u00e0 style conique et stigmate en t\u00eate ; fruits en t\u00eate, verts, capsulaires, tronqu\u00e9s-h\u00e9misph\u00e9riques, \u00e0 2-8 graines.<\/p>\n<div id=\"attachment_3541\" style=\"width: 544px\" class=\"wp-caption aligncenter\"><a href=\"https:\/\/www.preservons-la-nature.fr\/blog\/wp-content\/uploads\/2014\/06\/DSC09701.jpg\"><img loading=\"lazy\" decoding=\"async\" aria-describedby=\"caption-attachment-3541\" class=\" wp-image-3541\" title=\"Arisarum vulgare O.Targ.Tozz. ( Gouet \u00e0 capuchon )\" alt=\"Arisarum vulgare O.Targ.Tozz. ( Gouet \u00e0 capuchon )\" src=\"https:\/\/www.preservons-la-nature.fr\/blog\/wp-content\/uploads\/2014\/06\/DSC09701.jpg\" width=\"534\" height=\"800\" srcset=\"https:\/\/preservons-la-nature.fr\/blog\/wp-content\/uploads\/2014\/06\/DSC09701.jpg 667w, https:\/\/preservons-la-nature.fr\/blog\/wp-content\/uploads\/2014\/06\/DSC09701-200x300.jpg 200w\" sizes=\"auto, (max-width: 534px) 100vw, 534px\" \/><\/a><p id=\"caption-attachment-3541\" class=\"wp-caption-text\">Arisarum vulgare O.Targ.Tozz. ( Gouet \u00e0 capuchon )<\/p><\/div>\n<p><strong><span style=\"text-decoration: underline;\">Pr\u00e9sent dans le(s) d\u00e9partement(s) suivant(s) :<\/span><\/strong><br \/>\nAlpes-de-Haute-Provence, Alpes-Maritimes, Bouches-du-Rh\u00f4ne, Corse-du-Sud, Haute-Corse, Pyr\u00e9n\u00e9es-Orientales, Var.<\/p>\n<div id=\"attachment_3542\" style=\"width: 610px\" class=\"wp-caption aligncenter\"><a href=\"https:\/\/www.preservons-la-nature.fr\/blog\/?attachment_id=3542\" rel=\"attachment wp-att-3542\"><img loading=\"lazy\" decoding=\"async\" aria-describedby=\"caption-attachment-3542\" class=\"size-full wp-image-3542\" alt=\"R\u00e9partition d'Arisarum vulgare O.Targ.Tozz. ( Gouet \u00e0 capuchon )\" src=\"https:\/\/www.preservons-la-nature.fr\/blog\/wp-content\/uploads\/2014\/06\/repartition.jpg\" width=\"600\" height=\"600\" srcset=\"https:\/\/preservons-la-nature.fr\/blog\/wp-content\/uploads\/2014\/06\/repartition.jpg 600w, https:\/\/preservons-la-nature.fr\/blog\/wp-content\/uploads\/2014\/06\/repartition-150x150.jpg 150w, https:\/\/preservons-la-nature.fr\/blog\/wp-content\/uploads\/2014\/06\/repartition-300x300.jpg 300w\" sizes=\"auto, (max-width: 600px) 100vw, 600px\" \/><\/a><p id=\"caption-attachment-3542\" class=\"wp-caption-text\">R\u00e9partition d&rsquo;Arisarum vulgare O.Targ.Tozz. ( Gouet \u00e0 capuchon )<\/p><\/div>\n<p><strong><span style=\"text-decoration: underline;\">Phytosociologie :<\/span><i><\/i><\/strong><\/p>\n<table>\n<tbody>\n<tr>\n<td>Classe<\/td>\n<\/tr>\n<tr>\n<td><strong>Cisto ladaniferi-Lavanduletea stoechadis<\/strong><\/td>\n<\/tr>\n<tr>\n<td>Landes thermophiles sur substrat acide, domin\u00e9es par les cham\u00e9phytes, des \u00e9tages thermo- \u00e0 supram\u00e9diterran\u00e9en.<\/td>\n<\/tr>\n<\/tbody>\n<\/table>\n<table>\n<tbody>\n<tr>\n<td>Alliance<\/td>\n<td>Ordre<\/td>\n<td>Classe<\/td>\n<\/tr>\n<tr>\n<td><strong>Oleo sylvestris-Ceratonion siliquae<\/strong><\/td>\n<td><strong>Pistacio lentisci-Rhamnetalia alaterni<\/strong><\/td>\n<td><strong>Quercetea ilicis<\/strong><\/td>\n<\/tr>\n<tr>\n<td>Communaut\u00e9s thermom\u00e9diterran\u00e9ennes.<\/td>\n<td>Communaut\u00e9s arbor\u00e9es claires ou arbustives, h\u00e9liophiles.<\/td>\n<td>V\u00e9g\u00e9tation arbor\u00e9e ou arbustive m\u00e9diterran\u00e9enne, souvent sempervirente et scl\u00e9rophylle.<\/td>\n<\/tr>\n<\/tbody>\n<\/table>\n<table>\n<tbody>\n<tr>\n<td>Alliance<\/td>\n<td>Ordre<\/td>\n<td>Classe<\/td>\n<\/tr>\n<tr>\n<td><strong>Quercion ilicis<\/strong><\/td>\n<td><strong>Quercetalia ilicis<\/strong><\/td>\n<td><strong>Quercetea ilicis<\/strong><\/td>\n<\/tr>\n<tr>\n<td>Communaut\u00e9s du m\u00e9diterran\u00e9en subhumide (avec irradiation thermo-atlantique).<\/td>\n<td>Communaut\u00e9s arbor\u00e9es ferm\u00e9es.<\/td>\n<td>V\u00e9g\u00e9tation arbor\u00e9e ou arbustive m\u00e9diterran\u00e9enne, souvent sempervirente et scl\u00e9rophylle.<\/td>\n<\/tr>\n<\/tbody>\n<\/table>\n<table>\n<tbody>\n<tr>\n<td>Classe<\/td>\n<\/tr>\n<tr>\n<td><strong>Rosmarinetea officinalis<\/strong><\/td>\n<\/tr>\n<tr>\n<td>Garrigues et formations cham\u00e9phytiques m\u00e9diterran\u00e9ennes \u00e0 m\u00e9diterran\u00e9o-atlantiques.<\/td>\n<\/tr>\n<\/tbody>\n<\/table>\n<p><strong><span style=\"text-decoration: underline;\">Taxonomie :<\/span><\/strong><br \/>\n<i>Arisarum vulgare O.Targ.Tozz.<\/i> a pour synonymes (Informations issues de la BDTFX Version 2.0, <a href=\"http:\/\/www.tela-botanica.org\" target=\"_blank\">Tela Botanica<\/a>) :<i><br \/>\n&#8211; Arisarum balansae Schott<br \/>\n&#8211; Arisarum clusii Schott<br \/>\n&#8211; Arisarum crassifolia Schott<br \/>\n&#8211; Arisarum forbesii Schott<br \/>\n&#8211; Arisarum latifolium Bubani<br \/>\n&#8211; Arisarum sibthorpii Schott<br \/>\n&#8211; Arisarum veslingii Schott<br \/>\n&#8211; Arisarum vulgare O.Targ.Tozz. subsp. vulgare<br \/>\n&#8211; Arisarum vulgare subsp. clusii (Schott) K.Richt.<br \/>\n&#8211; Arisarum vulgare subsp. incurvatum Holmboe<br \/>\n&#8211; Arisarum vulgare subsp. veslingii (Schott) K.Richt.<br \/>\n&#8211; Arisarum vulgare subsp. veslingii Holmboe<br \/>\n&#8211; Arum arisarum L.<br \/>\n&#8211; Arum calyptrale Salisb.<br \/>\n&#8211; Arum incurvatum Lam.<br \/>\n&#8211; Balmisa vulgaris Lag.<br \/>\n<\/i><\/p>\n","protected":false},"excerpt":{"rendered":"<p>Une fiche plus r&eacute;cente existe, vous pouvez la consulter ICI Nom : Arisarum vulgare O.Targ.Tozz. ( Gouet \u00e0 capuchon ) Autre(s) nom(s) : Capuchon de moine. Famille : ARACEAE Floraison : Mars &#8211; Mai Forme biologique : G\u00e9ophyte. Description dans &hellip; <a href=\"https:\/\/preservons-la-nature.fr\/blog\/?p=3539\">Continuer la lecture <span class=\"meta-nav\">&rarr;<\/span><\/a><\/p>\n","protected":false},"author":1,"featured_media":0,"comment_status":"open","ping_status":"open","sticky":false,"template":"","format":"standard","meta":{"footnotes":""},"categories":[87],"tags":[33],"class_list":["post-3539","post","type-post","status-publish","format-standard","hentry","category-ficheplante","tag-aracees"],"_links":{"self":[{"href":"https:\/\/preservons-la-nature.fr\/blog\/index.php?rest_route=\/wp\/v2\/posts\/3539","targetHints":{"allow":["GET"]}}],"collection":[{"href":"https:\/\/preservons-la-nature.fr\/blog\/index.php?rest_route=\/wp\/v2\/posts"}],"about":[{"href":"https:\/\/preservons-la-nature.fr\/blog\/index.php?rest_route=\/wp\/v2\/types\/post"}],"author":[{"embeddable":true,"href":"https:\/\/preservons-la-nature.fr\/blog\/index.php?rest_route=\/wp\/v2\/users\/1"}],"replies":[{"embeddable":true,"href":"https:\/\/preservons-la-nature.fr\/blog\/index.php?rest_route=%2Fwp%2Fv2%2Fcomments&post=3539"}],"version-history":[{"count":2,"href":"https:\/\/preservons-la-nature.fr\/blog\/index.php?rest_route=\/wp\/v2\/posts\/3539\/revisions"}],"predecessor-version":[{"id":3544,"href":"https:\/\/preservons-la-nature.fr\/blog\/index.php?rest_route=\/wp\/v2\/posts\/3539\/revisions\/3544"}],"wp:attachment":[{"href":"https:\/\/preservons-la-nature.fr\/blog\/index.php?rest_route=%2Fwp%2Fv2%2Fmedia&parent=3539"}],"wp:term":[{"taxonomy":"category","embeddable":true,"href":"https:\/\/preservons-la-nature.fr\/blog\/index.php?rest_route=%2Fwp%2Fv2%2Fcategories&post=3539"},{"taxonomy":"post_tag","embeddable":true,"href":"https:\/\/preservons-la-nature.fr\/blog\/index.php?rest_route=%2Fwp%2Fv2%2Ftags&post=3539"}],"curies":[{"name":"wp","href":"https:\/\/api.w.org\/{rel}","templated":true}]}}