{"id":3519,"date":"2014-06-04T00:54:41","date_gmt":"2014-06-03T23:54:41","guid":{"rendered":"https:\/\/www.preservons-la-nature.fr\/blog\/?p=3519"},"modified":"2014-05-17T20:56:57","modified_gmt":"2014-05-17T19:56:57","slug":"narcissus-poeticus-subsp-radiiflorus-salisb-baker-narcisse-des-poetes","status":"publish","type":"post","link":"https:\/\/preservons-la-nature.fr\/blog\/?p=3519","title":{"rendered":"Narcissus poeticus subsp. radiiflorus (Salisb.) Baker ( Narcisse des po\u00e8tes  )"},"content":{"rendered":"<p><STRONG>Une fiche plus r&eacute;cente existe, vous pouvez la consulter <a href=\"https:\/\/www.preservons-la-nature.fr\/flore\/taxon\/4607.html\">ICI<\/a><\/STRONG><div id=\"attachment_3520\" style=\"width: 370px\" class=\"wp-caption aligncenter\"><a href=\"https:\/\/www.preservons-la-nature.fr\/blog\/wp-content\/uploads\/2014\/05\/DSC09452.jpg\"><img loading=\"lazy\" decoding=\"async\" aria-describedby=\"caption-attachment-3520\" class=\" wp-image-3520 \" title=\"Narcissus poeticus subsp. radiiflorus (Salisb.) Baker ( Narcisse des po\u00e8tes  )\" alt=\"Narcissus poeticus subsp. radiiflorus (Salisb.) Baker ( Narcisse des po\u00e8tes  )\" src=\"https:\/\/www.preservons-la-nature.fr\/blog\/wp-content\/uploads\/2014\/05\/DSC09452.jpg\" width=\"360\" height=\"540\" srcset=\"https:\/\/preservons-la-nature.fr\/blog\/wp-content\/uploads\/2014\/05\/DSC09452.jpg 400w, https:\/\/preservons-la-nature.fr\/blog\/wp-content\/uploads\/2014\/05\/DSC09452-200x300.jpg 200w\" sizes=\"auto, (max-width: 360px) 100vw, 360px\" \/><\/a><p id=\"caption-attachment-3520\" class=\"wp-caption-text\">Narcissus poeticus subsp. radiiflorus (Salisb.) Baker ( Narcisse des po\u00e8tes )<\/p><\/div><\/p>\n<p><strong><span style=\"text-decoration: underline;\">Nom :<\/span><\/strong> <i>Narcissus poeticus subsp. radiiflorus (Salisb.) Baker<\/i> ( Narcisse des po\u00e8tes\u00a0 )<\/p>\n<p><strong><span style=\"text-decoration: underline;\">Autre(s) nom(s) :<\/span><\/strong><br \/>\nNarcisse \u00e0 fleurs rayonnantes.<\/p>\n<p><strong><span style=\"text-decoration: underline;\">Famille :<\/span><\/strong> AMARYLLIDACEAE<\/p>\n<p><strong><span style=\"text-decoration: underline;\">Floraison :<\/span><\/strong> Mai &#8211; Juillet<\/p>\n<p><strong><span style=\"text-decoration: underline;\">Protection :<\/span><\/strong><br \/>\n&#8211; Convention de Berne (relative \u00e0 la conservation de la vie sauvage et du milieu naturel de l&rsquo;Europe)<br \/>\n&#8211; Liste des esp\u00e8ces v\u00e9g\u00e9tales prot\u00e9g\u00e9es en r\u00e9gion Bourgogne Article 1 (1992)<br \/>\n&#8211; Liste des esp\u00e8ces v\u00e9g\u00e9tales prot\u00e9g\u00e9es en r\u00e9gion Centre Article 1 (1993)<br \/>\n&#8211; Liste des esp\u00e8ces v\u00e9g\u00e9tales prot\u00e9g\u00e9es en r\u00e9gion Champagne-Ardenne Article 1 (1988)<br \/>\n&#8211; Liste rouge europ\u00e9enne IUCN 2012 DD<\/p>\n<p><strong><span style=\"text-decoration: underline;\">Pr\u00e9sent dans le(s) d\u00e9partement(s) suivant(s) :<\/span><\/strong><br \/>\nAlpes-Maritimes, Doubs, Is\u00e8re, Jura, Var.<br \/>\n<div id=\"attachment_3521\" style=\"width: 610px\" class=\"wp-caption aligncenter\"><a href=\"https:\/\/www.preservons-la-nature.fr\/blog\/?attachment_id=3521\" rel=\"attachment wp-att-3521\"><img loading=\"lazy\" decoding=\"async\" aria-describedby=\"caption-attachment-3521\" src=\"https:\/\/www.preservons-la-nature.fr\/blog\/wp-content\/uploads\/2014\/05\/carte28.jpg\" alt=\"R\u00e9partition de Narcissus poeticus subsp. radiiflorus (Salisb.) Baker ( Narcisse des po\u00e8tes  )\" width=\"600\" height=\"600\" class=\"size-full wp-image-3521\" srcset=\"https:\/\/preservons-la-nature.fr\/blog\/wp-content\/uploads\/2014\/05\/carte28.jpg 600w, https:\/\/preservons-la-nature.fr\/blog\/wp-content\/uploads\/2014\/05\/carte28-150x150.jpg 150w, https:\/\/preservons-la-nature.fr\/blog\/wp-content\/uploads\/2014\/05\/carte28-300x300.jpg 300w\" sizes=\"auto, (max-width: 600px) 100vw, 600px\" \/><\/a><p id=\"caption-attachment-3521\" class=\"wp-caption-text\">R\u00e9partition de Narcissus poeticus subsp. radiiflorus (Salisb.) Baker ( Narcisse des po\u00e8tes  )<\/p><\/div><br \/>\n<strong><span style=\"text-decoration: underline;\">Taxonomie :<\/span><\/strong><br \/>\n<i>Narcissus poeticus subsp. radiiflorus (Salisb.) Baker<\/i> a pour synonymes (Informations issues de la BDTFX Version 2.0, <a href=\"http:\/\/www.tela-botanica.org\" target=\"_blank\">Tela Botanica<\/a>) :<i><br \/>\n&#8211; Narcissus angustifolius Curtis<br \/>\n&#8211; Narcissus exertus (Haw.) Pugsley<br \/>\n&#8211; Narcissus majalis var. exertus Haw.<br \/>\n&#8211; Narcissus poeticus proles radiiflorus (Salisb.) Rouy<br \/>\n&#8211; Narcissus poeticus subsp. angustifolius (Curtis) Asch. &amp; Graebn.<br \/>\n&#8211; Narcissus radiiflorus Salisb.<br \/>\n<\/i><\/p>\n","protected":false},"excerpt":{"rendered":"<p>Une fiche plus r&eacute;cente existe, vous pouvez la consulter ICI Nom : Narcissus poeticus subsp. radiiflorus (Salisb.) Baker ( Narcisse des po\u00e8tes\u00a0 ) Autre(s) nom(s) : Narcisse \u00e0 fleurs rayonnantes. Famille : AMARYLLIDACEAE Floraison : Mai &#8211; Juillet Protection : &hellip; <a href=\"https:\/\/preservons-la-nature.fr\/blog\/?p=3519\">Continuer la lecture <span class=\"meta-nav\">&rarr;<\/span><\/a><\/p>\n","protected":false},"author":1,"featured_media":0,"comment_status":"open","ping_status":"open","sticky":false,"template":"","format":"standard","meta":{"footnotes":""},"categories":[102],"tags":[97],"class_list":["post-3519","post","type-post","status-publish","format-standard","hentry","category-fiche-partielle-de-plantes","tag-amaryllidacees"],"_links":{"self":[{"href":"https:\/\/preservons-la-nature.fr\/blog\/index.php?rest_route=\/wp\/v2\/posts\/3519","targetHints":{"allow":["GET"]}}],"collection":[{"href":"https:\/\/preservons-la-nature.fr\/blog\/index.php?rest_route=\/wp\/v2\/posts"}],"about":[{"href":"https:\/\/preservons-la-nature.fr\/blog\/index.php?rest_route=\/wp\/v2\/types\/post"}],"author":[{"embeddable":true,"href":"https:\/\/preservons-la-nature.fr\/blog\/index.php?rest_route=\/wp\/v2\/users\/1"}],"replies":[{"embeddable":true,"href":"https:\/\/preservons-la-nature.fr\/blog\/index.php?rest_route=%2Fwp%2Fv2%2Fcomments&post=3519"}],"version-history":[{"count":1,"href":"https:\/\/preservons-la-nature.fr\/blog\/index.php?rest_route=\/wp\/v2\/posts\/3519\/revisions"}],"predecessor-version":[{"id":3522,"href":"https:\/\/preservons-la-nature.fr\/blog\/index.php?rest_route=\/wp\/v2\/posts\/3519\/revisions\/3522"}],"wp:attachment":[{"href":"https:\/\/preservons-la-nature.fr\/blog\/index.php?rest_route=%2Fwp%2Fv2%2Fmedia&parent=3519"}],"wp:term":[{"taxonomy":"category","embeddable":true,"href":"https:\/\/preservons-la-nature.fr\/blog\/index.php?rest_route=%2Fwp%2Fv2%2Fcategories&post=3519"},{"taxonomy":"post_tag","embeddable":true,"href":"https:\/\/preservons-la-nature.fr\/blog\/index.php?rest_route=%2Fwp%2Fv2%2Ftags&post=3519"}],"curies":[{"name":"wp","href":"https:\/\/api.w.org\/{rel}","templated":true}]}}