{"id":3507,"date":"2014-06-02T00:45:21","date_gmt":"2014-06-01T23:45:21","guid":{"rendered":"https:\/\/www.preservons-la-nature.fr\/blog\/?p=3507"},"modified":"2014-05-17T20:49:16","modified_gmt":"2014-05-17T19:49:16","slug":"gnaphalium-uliginosum-l-gnaphale-des-lieux-humides","status":"publish","type":"post","link":"https:\/\/preservons-la-nature.fr\/blog\/?p=3507","title":{"rendered":"Gnaphalium uliginosum L. ( Gnaphale des lieux humides  )"},"content":{"rendered":"<p><STRONG>Une fiche plus r&eacute;cente existe, vous pouvez la consulter <a href=\"https:\/\/www.preservons-la-nature.fr\/flore\/taxon\/1335.html\">ICI<\/a><\/STRONG><div id=\"attachment_3510\" style=\"width: 650px\" class=\"wp-caption aligncenter\"><a href=\"https:\/\/www.preservons-la-nature.fr\/blog\/wp-content\/uploads\/2014\/05\/DSC07757.jpg\"><img loading=\"lazy\" decoding=\"async\" aria-describedby=\"caption-attachment-3510\" class=\"size-full wp-image-3510\" title=\"Gnaphalium uliginosum L. ( Gnaphale des lieux humides  )\" alt=\"Gnaphalium uliginosum L. ( Gnaphale des lieux humides  )\" src=\"https:\/\/www.preservons-la-nature.fr\/blog\/wp-content\/uploads\/2014\/05\/DSC07757.jpg\" width=\"640\" height=\"426\" srcset=\"https:\/\/preservons-la-nature.fr\/blog\/wp-content\/uploads\/2014\/05\/DSC07757.jpg 800w, https:\/\/preservons-la-nature.fr\/blog\/wp-content\/uploads\/2014\/05\/DSC07757-300x199.jpg 300w\" sizes=\"auto, (max-width: 640px) 100vw, 640px\" \/><\/a><p id=\"caption-attachment-3510\" class=\"wp-caption-text\">Gnaphalium uliginosum L. ( Gnaphale des lieux humides )<\/p><\/div><\/p>\n<p><strong><span style=\"text-decoration: underline;\">Nom :<\/span><\/strong> <i>Gnaphalium uliginosum L.<\/i> ( Gnaphale des lieux humides\u00a0 )<\/p>\n<p><strong><span style=\"text-decoration: underline;\">Autre(s) nom(s) :<\/span><\/strong><br \/>\nGnaphale des marais.<\/p>\n<p><strong><span style=\"text-decoration: underline;\">Famille :<\/span><\/strong> ASTERACEAE<\/p>\n<p><strong><span style=\"text-decoration: underline;\">Floraison :<\/span><\/strong> Juillet &#8211; Octobre<\/p>\n<p><strong><span style=\"text-decoration: underline;\">Protection :<\/span><\/strong><br \/>\n&#8211; Liste des esp\u00e8ces v\u00e9g\u00e9tales prot\u00e9g\u00e9es en r\u00e9gion Provence-Alpes-C\u00f4te-d&rsquo;Azur Article 1 (1994)<\/p>\n<p><strong><span style=\"text-decoration: underline;\">Description dans la flore de Coste :<\/span><\/strong><br \/>\nPlante annuelle \u00e0 tiges de 3-30 cm dress\u00e9es, ascendantes ou \u00e9tal\u00e9es, nombreuses ou solitaires, rameuses souvent d\u00e8s la base, blanches-tomenteuses ; feuilles sessiles, lanc\u00e9ol\u00e9es-lin\u00e9aires ou lin\u00e9aires, att\u00e9nu\u00e9es \u00e0 la base, aigu\u00ebs, tomenteuses, blanches ou verd\u00e2tres ; involucre brun ou jaun\u00e2tre, \u00e0 folioles ext\u00e9rieures velues ; ak\u00e8nes tr\u00e8s petites, finement hispides, tr\u00e8s rarement glabres ; capitules plong\u00e9s par leur base dans un \u00e9pais tomentum blanc, sessiles, r\u00e9unis en glom\u00e9rules tr\u00e8s compacts, terminant la tige et les rameaux, et accompagn\u00e9s de feuilles involucrales lin\u00e9aires qui les d\u00e9passent notablement.<\/p>\n<div id=\"attachment_3508\" style=\"width: 370px\" class=\"wp-caption aligncenter\"><a href=\"https:\/\/www.preservons-la-nature.fr\/blog\/wp-content\/uploads\/2014\/05\/DSC00173.jpg\"><img loading=\"lazy\" decoding=\"async\" aria-describedby=\"caption-attachment-3508\" class=\" wp-image-3508 \" title=\"Gnaphalium uliginosum L. ( Gnaphale des lieux humides  )\" alt=\"Gnaphalium uliginosum L. ( Gnaphale des lieux humides  )\" src=\"https:\/\/www.preservons-la-nature.fr\/blog\/wp-content\/uploads\/2014\/05\/DSC00173.jpg\" width=\"360\" height=\"540\" srcset=\"https:\/\/preservons-la-nature.fr\/blog\/wp-content\/uploads\/2014\/05\/DSC00173.jpg 400w, https:\/\/preservons-la-nature.fr\/blog\/wp-content\/uploads\/2014\/05\/DSC00173-200x300.jpg 200w\" sizes=\"auto, (max-width: 360px) 100vw, 360px\" \/><\/a><p id=\"caption-attachment-3508\" class=\"wp-caption-text\">Gnaphalium uliginosum L. ( Gnaphale des lieux humides )<\/p><\/div>\n<div id=\"attachment_3509\" style=\"width: 650px\" class=\"wp-caption aligncenter\"><a href=\"https:\/\/www.preservons-la-nature.fr\/blog\/wp-content\/uploads\/2014\/05\/DSC06184.jpg\"><img loading=\"lazy\" decoding=\"async\" aria-describedby=\"caption-attachment-3509\" class=\"size-full wp-image-3509\" title=\"Gnaphalium uliginosum L. ( Gnaphale des lieux humides  )\" alt=\"Gnaphalium uliginosum L. ( Gnaphale des lieux humides  )\" src=\"https:\/\/www.preservons-la-nature.fr\/blog\/wp-content\/uploads\/2014\/05\/DSC06184.jpg\" width=\"640\" height=\"426\" srcset=\"https:\/\/preservons-la-nature.fr\/blog\/wp-content\/uploads\/2014\/05\/DSC06184.jpg 800w, https:\/\/preservons-la-nature.fr\/blog\/wp-content\/uploads\/2014\/05\/DSC06184-300x199.jpg 300w\" sizes=\"auto, (max-width: 640px) 100vw, 640px\" \/><\/a><p id=\"caption-attachment-3509\" class=\"wp-caption-text\">Gnaphalium uliginosum L. ( Gnaphale des lieux humides )<\/p><\/div>\n<p><strong><span style=\"text-decoration: underline;\">Pr\u00e9sent dans le(s) d\u00e9partement(s) suivant(s) :<\/span><\/strong><br \/>\nAisne, Allier, Alpes-de-Haute-Provence, Alpes-Maritimes, Ardennes, Aube, Bas-Rhin, Calvados, Cantal, Charente, Charente-Maritime, Cher, Corr\u00e8ze, C\u00f4te-d&rsquo;Or, C\u00f4tes-d&rsquo;Armor, Creuse, Deux-S\u00e8vres, Dordogne, Doubs, Essonne, Eure, Eure-et-Loir, Finist\u00e8re, Haute-Loire, Haute-Marne, Hautes-Alpes, Haute-Sa\u00f4ne, Haute-Savoie, Haute-Vienne, Hauts-de-Seine, Ille-et-Vilaine, Indre, Indre-et-Loire, Is\u00e8re, Jura, Landes, Loire-Atlantique, Loiret, Loir-et-Cher, Lot, Lot-et-Garonne, Loz\u00e8re, Maine-et-Loire, Manche, Marne, Mayenne, Meurthe-et-Moselle, Meuse, Morbihan, Moselle, Ni\u00e8vre, Nord, Oise, Orne, Paris, Pas-de-Calais, Puy-de-D\u00f4me, Sa\u00f4ne-et-Loire, Sarthe, Seine-et-Marne, Seine-Maritime, Seine-Saint-Denis, Somme, Tarn-et-Garonne, Territoire-de-Belfort, Val-de-Marne, Val-d&rsquo;Oise, Vaucluse, Vend\u00e9e, Vienne, Vosges, Yonne, Yvelines.<\/p>\n<div id=\"attachment_3511\" style=\"width: 610px\" class=\"wp-caption aligncenter\"><a href=\"https:\/\/www.preservons-la-nature.fr\/blog\/?attachment_id=3511\" rel=\"attachment wp-att-3511\"><img loading=\"lazy\" decoding=\"async\" aria-describedby=\"caption-attachment-3511\" class=\"size-full wp-image-3511\" alt=\"R\u00e9partition de Gnaphalium uliginosum L. ( Gnaphale des lieux humides  )\" src=\"https:\/\/www.preservons-la-nature.fr\/blog\/wp-content\/uploads\/2014\/05\/carte26.jpg\" width=\"600\" height=\"600\" srcset=\"https:\/\/preservons-la-nature.fr\/blog\/wp-content\/uploads\/2014\/05\/carte26.jpg 600w, https:\/\/preservons-la-nature.fr\/blog\/wp-content\/uploads\/2014\/05\/carte26-150x150.jpg 150w, https:\/\/preservons-la-nature.fr\/blog\/wp-content\/uploads\/2014\/05\/carte26-300x300.jpg 300w\" sizes=\"auto, (max-width: 600px) 100vw, 600px\" \/><\/a><p id=\"caption-attachment-3511\" class=\"wp-caption-text\">R\u00e9partition de Gnaphalium uliginosum L. ( Gnaphale des lieux humides )<\/p><\/div>\n<p><strong><span style=\"text-decoration: underline;\">Phytosociologie :<\/span><i><\/i><\/strong><\/p>\n<table>\n<tbody>\n<tr>\n<td>Alliance<\/td>\n<td>Ordre<\/td>\n<td>Classe<\/td>\n<\/tr>\n<tr>\n<td><strong>Bidention tripartitae<\/strong><\/td>\n<td><strong>Bidentetalia tripartitae<\/strong><\/td>\n<td><strong>Bidentetea tripartitae<\/strong><\/td>\n<\/tr>\n<tr>\n<td>Communaut\u00e9s des sols limoneux et argileux.<\/td>\n<td><\/td>\n<td>V\u00e9g\u00e9tation pionni\u00e8re annuelle et hygrophile des sols enrichis en azote, s&rsquo;ass\u00e9chant partiellement en \u00e9t\u00e9.<\/td>\n<\/tr>\n<\/tbody>\n<\/table>\n<table>\n<tbody>\n<tr>\n<td>Alliance<\/td>\n<td>Ordre<\/td>\n<td>Classe<\/td>\n<\/tr>\n<tr>\n<td><strong>Elatino triandrae-Eleocharition ovatae<\/strong><\/td>\n<td><strong>Elatino triandrae-Cyperetalia fusci<\/strong><\/td>\n<td><strong>Isoeto durieui-Juncetea bufonii<\/strong><\/td>\n<\/tr>\n<tr>\n<td>Communaut\u00e9s continentales des sols oligo- \u00e0 m\u00e9sotrophes.<\/td>\n<td>Communaut\u00e9s hygrophiles m\u00e9diterran\u00e9o-atlantiques \u00e0 continentales, des sols inondables de bas-niveau topographique.<\/td>\n<td>V\u00e9g\u00e9tation pionni\u00e8re riche en annuelles, hygrophile \u00e0 m\u00e9sohygrophile, des sols exond\u00e9s ou humides, oligotrophes \u00e0 m\u00e9so-eutrophes.<\/td>\n<\/tr>\n<\/tbody>\n<\/table>\n<table>\n<tbody>\n<tr>\n<td>Alliance<\/td>\n<td>Ordre<\/td>\n<td>Classe<\/td>\n<\/tr>\n<tr>\n<td><strong>Helochloion schoenoidis<\/strong><\/td>\n<td><strong>Elatino triandrae-Cyperetalia fusci<\/strong><\/td>\n<td><strong>Isoeto durieui-Juncetea bufonii<\/strong><\/td>\n<\/tr>\n<tr>\n<td>Communaut\u00e9s des sols eutrophes.<\/td>\n<td>Communaut\u00e9s hygrophiles m\u00e9diterran\u00e9o-atlantiques \u00e0 continentales, des sols inondables de bas-niveau topographique.<\/td>\n<td>V\u00e9g\u00e9tation pionni\u00e8re riche en annuelles, hygrophile \u00e0 m\u00e9sohygrophile, des sols exond\u00e9s ou humides, oligotrophes \u00e0 m\u00e9so-eutrophes.<\/td>\n<\/tr>\n<\/tbody>\n<\/table>\n<table>\n<tbody>\n<tr>\n<td>Classe<\/td>\n<\/tr>\n<tr>\n<td><strong>Isoeto durieui-Juncetea bufonii<\/strong><\/td>\n<\/tr>\n<tr>\n<td>V\u00e9g\u00e9tation pionni\u00e8re riche en annuelles, hygrophile \u00e0 m\u00e9sohygrophile, des sols exond\u00e9s ou humides, oligotrophes \u00e0 m\u00e9so-eutrophes.<\/td>\n<\/tr>\n<\/tbody>\n<\/table>\n<table>\n<tbody>\n<tr>\n<td>Alliance<\/td>\n<td>Ordre<\/td>\n<td>Classe<\/td>\n<\/tr>\n<tr>\n<td><strong>Radiolion linoidis<\/strong><\/td>\n<td><strong>Nanocyperetalia flavescentis<\/strong><\/td>\n<td><strong>Isoeto durieui-Juncetea bufonii<\/strong><\/td>\n<\/tr>\n<tr>\n<td>Communaut\u00e9s des sols sableux acides m\u00e9sotrophes.<\/td>\n<td>Communaut\u00e9s m\u00e9so-hygrophiles m\u00e9diterran\u00e9o-atlantiques \u00e0 continentales des sols de niveau topographique moyen.<\/td>\n<td>V\u00e9g\u00e9tation pionni\u00e8re riche en annuelles, hygrophile \u00e0 m\u00e9sohygrophile, des sols exond\u00e9s ou humides, oligotrophes \u00e0 m\u00e9so-eutrophes.<\/td>\n<\/tr>\n<\/tbody>\n<\/table>\n<table>\n<tbody>\n<tr>\n<td>Classe<\/td>\n<\/tr>\n<tr>\n<td><strong>Stellarietea mediae<\/strong><\/td>\n<\/tr>\n<tr>\n<td>V\u00e9g\u00e9tation annuelle, nitrophile, commensale des cultures annuelles ou sarcl\u00e9es.<\/td>\n<\/tr>\n<\/tbody>\n<\/table>\n<p><strong><span style=\"text-decoration: underline;\">Taxonomie :<\/span><\/strong><br \/>\n<i>Gnaphalium uliginosum L.<\/i> a pour synonymes (Informations issues de la BDTFX Version 2.0, <a href=\"http:\/\/www.tela-botanica.org\" target=\"_blank\">Tela Botanica<\/a>) :<i><br \/>\n&#8211; Dasyanthus uliginosus (L.) Bubani<br \/>\n&#8211; Filaginella nuda Opiz<br \/>\n&#8211; Filaginella uliginosa (L.) Opiz<br \/>\n&#8211; Gnaphalium aquaticum Mill.<br \/>\n&#8211; Gnaphalium laevissimum Schur<br \/>\n&#8211; Gnaphalium nudum Hoffm. ex J.F.Gmel.<br \/>\n&#8211; Gnaphalium pilulare Wahlenb.<br \/>\n&#8211; Gnaphalium ramosum Lam.<br \/>\n&#8211; Gnaphalium rossicum Kirp.<br \/>\n&#8211; Gnaphalium tomentosum Hoffm. ex J.F.Gmel.<br \/>\n&#8211; Gnaphalium uliginosum L. subsp. uliginosum<br \/>\n&#8211; Gnaphalium uliginosum subsp. nudum (Hoffm.) Nyman<br \/>\n&#8211; Gnaphalium uliginosum subsp. pilulare (Wahlenb.) Nyman<br \/>\n&#8211; Gnaphalium uliginosum var. lasiocarpum Schur<br \/>\n&#8211; Gnaphalium uliginosum var. muricatum Cariot<br \/>\n&#8211; Gnaphalium uliginosum var. nudum (Hoffm.) Lej.<br \/>\n&#8211; Gnaphalium uliginosum var. pilulare W.D.J.Koch<br \/>\n&#8211; Gnaphalium uliginosum var. tomentosum Beck<br \/>\n&#8211; Helichrysum uliginosum (L.) Moench<br \/>\n<\/i><\/p>\n","protected":false},"excerpt":{"rendered":"<p>Une fiche plus r&eacute;cente existe, vous pouvez la consulter ICI Nom : Gnaphalium uliginosum L. ( Gnaphale des lieux humides\u00a0 ) Autre(s) nom(s) : Gnaphale des marais. Famille : ASTERACEAE Floraison : Juillet &#8211; Octobre Protection : &#8211; Liste des &hellip; <a href=\"https:\/\/preservons-la-nature.fr\/blog\/?p=3507\">Continuer la lecture <span class=\"meta-nav\">&rarr;<\/span><\/a><\/p>\n","protected":false},"author":1,"featured_media":0,"comment_status":"open","ping_status":"open","sticky":false,"template":"","format":"standard","meta":{"footnotes":""},"categories":[102],"tags":[48],"class_list":["post-3507","post","type-post","status-publish","format-standard","hentry","category-fiche-partielle-de-plantes","tag-asteracees"],"_links":{"self":[{"href":"https:\/\/preservons-la-nature.fr\/blog\/index.php?rest_route=\/wp\/v2\/posts\/3507","targetHints":{"allow":["GET"]}}],"collection":[{"href":"https:\/\/preservons-la-nature.fr\/blog\/index.php?rest_route=\/wp\/v2\/posts"}],"about":[{"href":"https:\/\/preservons-la-nature.fr\/blog\/index.php?rest_route=\/wp\/v2\/types\/post"}],"author":[{"embeddable":true,"href":"https:\/\/preservons-la-nature.fr\/blog\/index.php?rest_route=\/wp\/v2\/users\/1"}],"replies":[{"embeddable":true,"href":"https:\/\/preservons-la-nature.fr\/blog\/index.php?rest_route=%2Fwp%2Fv2%2Fcomments&post=3507"}],"version-history":[{"count":1,"href":"https:\/\/preservons-la-nature.fr\/blog\/index.php?rest_route=\/wp\/v2\/posts\/3507\/revisions"}],"predecessor-version":[{"id":3512,"href":"https:\/\/preservons-la-nature.fr\/blog\/index.php?rest_route=\/wp\/v2\/posts\/3507\/revisions\/3512"}],"wp:attachment":[{"href":"https:\/\/preservons-la-nature.fr\/blog\/index.php?rest_route=%2Fwp%2Fv2%2Fmedia&parent=3507"}],"wp:term":[{"taxonomy":"category","embeddable":true,"href":"https:\/\/preservons-la-nature.fr\/blog\/index.php?rest_route=%2Fwp%2Fv2%2Fcategories&post=3507"},{"taxonomy":"post_tag","embeddable":true,"href":"https:\/\/preservons-la-nature.fr\/blog\/index.php?rest_route=%2Fwp%2Fv2%2Ftags&post=3507"}],"curies":[{"name":"wp","href":"https:\/\/api.w.org\/{rel}","templated":true}]}}