{"id":3501,"date":"2014-06-01T00:38:01","date_gmt":"2014-05-31T23:38:01","guid":{"rendered":"https:\/\/www.preservons-la-nature.fr\/blog\/?p=3501"},"modified":"2014-05-17T20:41:42","modified_gmt":"2014-05-17T19:41:42","slug":"pseudoturritis-turrita-l-al-shehbaz-arabette-tourette","status":"publish","type":"post","link":"https:\/\/preservons-la-nature.fr\/blog\/?p=3501","title":{"rendered":"Pseudoturritis turrita (L.) Al-Shehbaz ( Arabette tourette )"},"content":{"rendered":"<p><STRONG>Une fiche plus r&eacute;cente existe, vous pouvez la consulter <a href=\"https:\/\/www.preservons-la-nature.fr\/flore\/taxon\/4504.html\">ICI<\/a><\/STRONG><div id=\"attachment_3502\" style=\"width: 370px\" class=\"wp-caption aligncenter\"><a href=\"https:\/\/www.preservons-la-nature.fr\/blog\/wp-content\/uploads\/2014\/05\/DSC6779.jpg\"><img loading=\"lazy\" decoding=\"async\" aria-describedby=\"caption-attachment-3502\" class=\" wp-image-3502 \" title=\"Pseudoturritis turrita (L.) Al-Shehbaz ( Arabette tourette )\" alt=\"Pseudoturritis turrita (L.) Al-Shehbaz ( Arabette tourette )\" src=\"https:\/\/www.preservons-la-nature.fr\/blog\/wp-content\/uploads\/2014\/05\/DSC6779.jpg\" width=\"360\" height=\"540\" srcset=\"https:\/\/preservons-la-nature.fr\/blog\/wp-content\/uploads\/2014\/05\/DSC6779.jpg 400w, https:\/\/preservons-la-nature.fr\/blog\/wp-content\/uploads\/2014\/05\/DSC6779-200x300.jpg 200w\" sizes=\"auto, (max-width: 360px) 100vw, 360px\" \/><\/a><p id=\"caption-attachment-3502\" class=\"wp-caption-text\">Pseudoturritis turrita (L.) Al-Shehbaz ( Arabette tourette )<\/p><\/div><\/p>\n<p><strong><span style=\"text-decoration: underline;\">Nom :<\/span><\/strong> <i>Pseudoturritis turrita (L.) Al-Shehbaz<\/i> ( Arabette tourette )<\/p>\n<p><strong><span style=\"text-decoration: underline;\">Famille :<\/span><\/strong> BRASSICACEAE<\/p>\n<p><strong><span style=\"text-decoration: underline;\">Floraison :<\/span><\/strong> Mai &#8211; Juin<\/p>\n<p><strong><span style=\"text-decoration: underline;\">Forme biologique :<\/span><\/strong><br \/>\nH\u00e9micryptophyte.<\/p>\n<p><strong><span style=\"text-decoration: underline;\">Description dans la flore de Coste :<\/span><\/strong><br \/>\nPlante bisannuelle, velue-h\u00e9riss\u00e9e ; tige de 30 \u00e0 80 cm, dress\u00e9e, robuste, simple ; feuilles radicales obovales ou oblongues, sinu\u00e9es-dent\u00e9es, les caulinaires nombreuses, larges, embrassantes-auricul\u00e9es ; fleurs d&rsquo;un blanc jaun\u00e2tre, assez grandes ; s\u00e9pales \u00e9gaux \u00e0 la base, \u00e9galant le p\u00e9dicelle ; p\u00e9tales \u00e0 limbe assez \u00e9troit, dress\u00e9 ; grappe fructif\u00e8re allong\u00e9e, unilat\u00e9rale, \u00e0 p\u00e9dicelles \u00e9pais, dress\u00e9s ; siliques s&rsquo;arquant progressivement de fa\u00e7on caract\u00e9ristique pour devenir pendantes, longues de 10 \u00e0 15 cm, comprim\u00e9es, bossel\u00e9es ; graines largement ail\u00e9es.<\/p>\n<div id=\"attachment_3503\" style=\"width: 370px\" class=\"wp-caption aligncenter\"><a href=\"https:\/\/www.preservons-la-nature.fr\/blog\/wp-content\/uploads\/2014\/05\/DSC6800.jpg\"><img loading=\"lazy\" decoding=\"async\" aria-describedby=\"caption-attachment-3503\" class=\" wp-image-3503\" title=\"Pseudoturritis turrita (L.) Al-Shehbaz ( Arabette tourette )\" alt=\"Pseudoturritis turrita (L.) Al-Shehbaz ( Arabette tourette )\" src=\"https:\/\/www.preservons-la-nature.fr\/blog\/wp-content\/uploads\/2014\/05\/DSC6800.jpg\" width=\"360\" height=\"540\" srcset=\"https:\/\/preservons-la-nature.fr\/blog\/wp-content\/uploads\/2014\/05\/DSC6800.jpg 400w, https:\/\/preservons-la-nature.fr\/blog\/wp-content\/uploads\/2014\/05\/DSC6800-200x300.jpg 200w\" sizes=\"auto, (max-width: 360px) 100vw, 360px\" \/><\/a><p id=\"caption-attachment-3503\" class=\"wp-caption-text\">Pseudoturritis turrita (L.) Al-Shehbaz ( Arabette tourette )<\/p><\/div>\n<p><strong><span style=\"text-decoration: underline;\">Pr\u00e9sent dans le(s) d\u00e9partement(s) suivant(s) :<\/span><\/strong><br \/>\nAin, Alpes-de-Haute-Provence, Alpes-Maritimes, Ard\u00e8che, Ari\u00e8ge, Aveyron, Bouches-du-Rh\u00f4ne, Cantal, Corr\u00e8ze, C\u00f4te-d&rsquo;Or, Dordogne, Doubs, Dr\u00f4me, Gard, Haute-Loire, Hautes-Alpes, Haute-Savoie, Haut-Rhin, Indre-et-Loire, Is\u00e8re, Jura, Loire, Lot, Loz\u00e8re, Maine-et-Loire, Puy-de-D\u00f4me, Pyr\u00e9n\u00e9es-Orientales, Rh\u00f4ne, Sa\u00f4ne-et-Loire, Savoie, Tarn, Tarn-et-Garonne, Var, Vaucluse, Vosges.<\/p>\n<div id=\"attachment_3504\" style=\"width: 610px\" class=\"wp-caption aligncenter\"><a href=\"https:\/\/www.preservons-la-nature.fr\/blog\/?attachment_id=3504\" rel=\"attachment wp-att-3504\"><img loading=\"lazy\" decoding=\"async\" aria-describedby=\"caption-attachment-3504\" class=\"size-full wp-image-3504\" alt=\"R\u00e9partition d'Pseudoturritis turrita (L.) Al-Shehbaz ( Arabette tourette )\" src=\"https:\/\/www.preservons-la-nature.fr\/blog\/wp-content\/uploads\/2014\/05\/carte25.jpg\" width=\"600\" height=\"600\" srcset=\"https:\/\/preservons-la-nature.fr\/blog\/wp-content\/uploads\/2014\/05\/carte25.jpg 600w, https:\/\/preservons-la-nature.fr\/blog\/wp-content\/uploads\/2014\/05\/carte25-150x150.jpg 150w, https:\/\/preservons-la-nature.fr\/blog\/wp-content\/uploads\/2014\/05\/carte25-300x300.jpg 300w\" sizes=\"auto, (max-width: 600px) 100vw, 600px\" \/><\/a><p id=\"caption-attachment-3504\" class=\"wp-caption-text\">R\u00e9partition d&rsquo;Pseudoturritis turrita (L.) Al-Shehbaz ( Arabette tourette )<\/p><\/div>\n<p><strong><span style=\"text-decoration: underline;\">Phytosociologie :<\/span><i><\/i><\/strong><\/p>\n<table>\n<tbody>\n<tr>\n<td>Alliance<\/td>\n<td>Sous-ordre<\/td>\n<td>Ordre<\/td>\n<td>Classe<\/td>\n<\/tr>\n<tr>\n<td><strong>Cephalanthero rubrae-Fagion sylvaticae<\/strong><\/td>\n<td><strong>Cephalanthero rubrae-Fagenalia sylvaticae<\/strong><\/td>\n<td><strong>Fagetalia sylvaticae<\/strong><\/td>\n<td><strong>Querco roboris-Fagetea sylvaticae<\/strong><\/td>\n<\/tr>\n<tr>\n<td>Communaut\u00e9s m\u00e9sox\u00e9rophiles \u00e0 x\u00e9roclines.<\/td>\n<td>Communaut\u00e9s collin\u00e9ennes et montagnardes, (thermo) x\u00e9ro-, m\u00e9sox\u00e9rophiles, calcaricoles \u00e0 calcicoles.<\/td>\n<td>Communaut\u00e9s collin\u00e9ennes et montagnardes, acidiclines \u00e0 calcicoles, non thermophiles.<\/td>\n<td>For\u00eats temp\u00e9r\u00e9es caducifoli\u00e9es ou mixtes, collin\u00e9ennes et montagnardes (plus rarement subalpines), ainsi que supram\u00e9diterran\u00e9ennes.<\/td>\n<\/tr>\n<\/tbody>\n<\/table>\n<table>\n<tbody>\n<tr>\n<td>Alliance<\/td>\n<td>Ordre<\/td>\n<td>Classe<\/td>\n<\/tr>\n<tr>\n<td><strong>Geranion sanguinei<\/strong><\/td>\n<td><strong>Origanetalia vulgaris<\/strong><\/td>\n<td><strong>Trifolio medii-Geranietea sanguinei<\/strong><\/td>\n<\/tr>\n<tr>\n<td>Communaut\u00e9s thermophiles, plus ou moins x\u00e9rophiles.<\/td>\n<td><\/td>\n<td>Pelouses pr\u00e9foresti\u00e8res h\u00e9liophiles et ourlets parfois h\u00e9misciaphiles, calcicoles \u00e0 acidiclines.<\/td>\n<\/tr>\n<\/tbody>\n<\/table>\n<table>\n<tbody>\n<tr>\n<td>Alliance<\/td>\n<td>Ordre<\/td>\n<td>Classe<\/td>\n<\/tr>\n<tr>\n<td><strong>Lavandulo angustifoliae-Genistion cinereae<\/strong><\/td>\n<td><strong>Ononidetalia striatae<\/strong><\/td>\n<td><strong>Festuco valesiacae-Brometea erecti<\/strong><\/td>\n<\/tr>\n<tr>\n<td>Communaut\u00e9s de garrigues et de landes supra- \u00e0 orom\u00e9diterran\u00e9ennes des Alpes m\u00e9ridionales et de Provence.<\/td>\n<td>Communaut\u00e9s x\u00e9rophiles \u00e0 m\u00e9sox\u00e9rophiles, subm\u00e9diterran\u00e9ennes, et supra- \u00e0 orom\u00e9diterran\u00e9ennes.<\/td>\n<td>Pelouses \u00e0 dominance d\u2019h\u00e9micryptophytes, parfois landines et garrigues sous climat subm\u00e9diterran\u00e9en, x\u00e9rophiles \u00e0 m\u00e9sox\u00e9rophiles, collin\u00e9ennes \u00e0 montagnardes, europ\u00e9ennes et ouest-sib\u00e9riennes, surtout sur substrats carbonat\u00e9s ou basiques.<\/td>\n<\/tr>\n<\/tbody>\n<\/table>\n<table>\n<tbody>\n<tr>\n<td>Ordre<\/td>\n<td>Classe<\/td>\n<\/tr>\n<tr>\n<td><strong>Prunetalia spinosae<\/strong><\/td>\n<td><strong>Crataego monogynae-Prunetea spinosae<\/strong><\/td>\n<\/tr>\n<tr>\n<td>Communaut\u00e9s arbustives non dunaires, des sols carbonat\u00e9s ou plus ou moins d\u00e9satur\u00e9s.<\/td>\n<td>V\u00e9g\u00e9tation principalement europ\u00e9enne de manteaux arbustifs, frutic\u00e9es et haies. Nota : diverses communaut\u00e9s domin\u00e9es par des Rubus (spp.), non encore \u00e9tudi\u00e9es en France, ne sont pas int\u00e9gr\u00e9es \u00e0 la pr\u00e9sente classification.<\/td>\n<\/tr>\n<\/tbody>\n<\/table>\n<table>\n<tbody>\n<tr>\n<td>Alliance<\/td>\n<td>Ordre<\/td>\n<td>Classe<\/td>\n<\/tr>\n<tr>\n<td><strong>Quercion pubescenti-sessiliflorae<\/strong><\/td>\n<td><strong>Quercetalia pubescenti-sessiliflorae<\/strong><\/td>\n<td><strong>Querco roboris-Fagetea sylvaticae<\/strong><\/td>\n<\/tr>\n<tr>\n<td>Communaut\u00e9s supram\u00e9diterran\u00e9ennes avec irradiations septentrionales.<\/td>\n<td>Communaut\u00e9s thermophiles sous influence m\u00e9diterran\u00e9enne \u00e0 thermo-continentale.<\/td>\n<td>For\u00eats temp\u00e9r\u00e9es caducifoli\u00e9es ou mixtes, collin\u00e9ennes et montagnardes (plus rarement subalpines), ainsi que supram\u00e9diterran\u00e9ennes.<\/td>\n<\/tr>\n<\/tbody>\n<\/table>\n<p><strong><span style=\"text-decoration: underline;\">Taxonomie :<\/span><\/strong><br \/>\n<i>Pseudoturritis turrita (L.) Al-Shehbaz<\/i> a pour synonymes (Informations issues de la BDTFX Version 2.0, <a href=\"http:\/\/www.tela-botanica.org\" target=\"_blank\">Tela Botanica<\/a>) :<i><br \/>\n&#8211; Arabis elongata Salisb.<br \/>\n&#8211; Arabis eriocarpa Schur<br \/>\n&#8211; Arabis lateripendens St.-Lag.<br \/>\n&#8211; Arabis major Gray<br \/>\n&#8211; Arabis ochroleuca (Lam.) Lam.<br \/>\n&#8211; Arabis pendula Moritzi<br \/>\n&#8211; Arabis rugosa Moench<br \/>\n&#8211; Arabis turrita L.<br \/>\n&#8211; Arabis turrita var. lasiocarpa Uechtr. ex Rouy &amp; Foucaud<br \/>\n&#8211; Arabis turrita var. leiocarpa Rouy &amp; Foucaud<br \/>\n&#8211; Arabis umbrosa Crantz<br \/>\n&#8211; Erysimum presliana Kuntze<br \/>\n&#8211; Turrita major Wallr.<br \/>\n&#8211; Turritis ochroleuca Lam.<br \/>\n<\/i><\/p>\n","protected":false},"excerpt":{"rendered":"<p>Une fiche plus r&eacute;cente existe, vous pouvez la consulter ICI Nom : Pseudoturritis turrita (L.) Al-Shehbaz ( Arabette tourette ) Famille : BRASSICACEAE Floraison : Mai &#8211; Juin Forme biologique : H\u00e9micryptophyte. Description dans la flore de Coste : Plante &hellip; <a href=\"https:\/\/preservons-la-nature.fr\/blog\/?p=3501\">Continuer la lecture <span class=\"meta-nav\">&rarr;<\/span><\/a><\/p>\n","protected":false},"author":1,"featured_media":0,"comment_status":"open","ping_status":"open","sticky":false,"template":"","format":"standard","meta":{"footnotes":""},"categories":[102],"tags":[26],"class_list":["post-3501","post","type-post","status-publish","format-standard","hentry","category-fiche-partielle-de-plantes","tag-brassicacees"],"_links":{"self":[{"href":"https:\/\/preservons-la-nature.fr\/blog\/index.php?rest_route=\/wp\/v2\/posts\/3501","targetHints":{"allow":["GET"]}}],"collection":[{"href":"https:\/\/preservons-la-nature.fr\/blog\/index.php?rest_route=\/wp\/v2\/posts"}],"about":[{"href":"https:\/\/preservons-la-nature.fr\/blog\/index.php?rest_route=\/wp\/v2\/types\/post"}],"author":[{"embeddable":true,"href":"https:\/\/preservons-la-nature.fr\/blog\/index.php?rest_route=\/wp\/v2\/users\/1"}],"replies":[{"embeddable":true,"href":"https:\/\/preservons-la-nature.fr\/blog\/index.php?rest_route=%2Fwp%2Fv2%2Fcomments&post=3501"}],"version-history":[{"count":2,"href":"https:\/\/preservons-la-nature.fr\/blog\/index.php?rest_route=\/wp\/v2\/posts\/3501\/revisions"}],"predecessor-version":[{"id":3506,"href":"https:\/\/preservons-la-nature.fr\/blog\/index.php?rest_route=\/wp\/v2\/posts\/3501\/revisions\/3506"}],"wp:attachment":[{"href":"https:\/\/preservons-la-nature.fr\/blog\/index.php?rest_route=%2Fwp%2Fv2%2Fmedia&parent=3501"}],"wp:term":[{"taxonomy":"category","embeddable":true,"href":"https:\/\/preservons-la-nature.fr\/blog\/index.php?rest_route=%2Fwp%2Fv2%2Fcategories&post=3501"},{"taxonomy":"post_tag","embeddable":true,"href":"https:\/\/preservons-la-nature.fr\/blog\/index.php?rest_route=%2Fwp%2Fv2%2Ftags&post=3501"}],"curies":[{"name":"wp","href":"https:\/\/api.w.org\/{rel}","templated":true}]}}