{"id":3493,"date":"2014-05-31T00:11:25","date_gmt":"2014-05-30T23:11:25","guid":{"rendered":"https:\/\/www.preservons-la-nature.fr\/blog\/?p=3493"},"modified":"2014-05-17T20:14:31","modified_gmt":"2014-05-17T19:14:31","slug":"aphyllanthes-monspeliensis-l-aphyllanthe-de-montpellier","status":"publish","type":"post","link":"https:\/\/preservons-la-nature.fr\/blog\/?p=3493","title":{"rendered":"Aphyllanthes monspeliensis L. ( Aphyllanthe de Montpellier  )"},"content":{"rendered":"<p><STRONG>Une fiche plus r&eacute;cente existe, vous pouvez la consulter <a href=\"https:\/\/www.preservons-la-nature.fr\/flore\/taxon\/1641.html\">ICI<\/a><\/STRONG><\/p>\n<p><div id=\"attachment_3495\" style=\"width: 650px\" class=\"wp-caption aligncenter\"><a href=\"https:\/\/www.preservons-la-nature.fr\/blog\/wp-content\/uploads\/2014\/05\/DSC01754.jpg\"><img loading=\"lazy\" decoding=\"async\" aria-describedby=\"caption-attachment-3495\" class=\"size-full wp-image-3495\" title=\"Aphyllanthes monspeliensis L. ( Aphyllanthe de Montpellier  )\" alt=\"Aphyllanthes monspeliensis L. ( Aphyllanthe de Montpellier  )\" src=\"https:\/\/www.preservons-la-nature.fr\/blog\/wp-content\/uploads\/2014\/05\/DSC01754.jpg\" width=\"640\" height=\"426\" srcset=\"https:\/\/preservons-la-nature.fr\/blog\/wp-content\/uploads\/2014\/05\/DSC01754.jpg 800w, https:\/\/preservons-la-nature.fr\/blog\/wp-content\/uploads\/2014\/05\/DSC01754-300x199.jpg 300w\" sizes=\"auto, (max-width: 640px) 100vw, 640px\" \/><\/a><p id=\"caption-attachment-3495\" class=\"wp-caption-text\">Aphyllanthes monspeliensis L. ( Aphyllanthe de Montpellier )<\/p><\/div><br \/>\n<strong><span style=\"text-decoration: underline;\">Nom :<\/span><\/strong> <i>Aphyllanthes monspeliensis L.<\/i> ( Aphyllanthe de Montpellier\u00a0 )<\/p>\n<p><strong><span style=\"text-decoration: underline;\">Autre(s) nom(s) :<\/span><\/strong><br \/>\nBragalou, Oeillet bleu de Montpellier.<\/p>\n<p><strong><span style=\"text-decoration: underline;\">Famille :<\/span><\/strong> ASPARAGACEAE<\/p>\n<p><strong><span style=\"text-decoration: underline;\">Floraison :<\/span><\/strong> Avril &#8211; Juillet<\/p>\n<p><strong><span style=\"text-decoration: underline;\">Forme biologique :<\/span><\/strong><br \/>\nH\u00e9micryptophyte.<\/p>\n<p><strong><span style=\"text-decoration: underline;\">Protection :<\/span><\/strong><br \/>\n&#8211; Liste des esp\u00e8ces v\u00e9g\u00e9tales prot\u00e9g\u00e9es en r\u00e9gion Midi-Pyr\u00e9n\u00e9es Article 4 (2004)<br \/>\n&#8211; Liste des esp\u00e8ces v\u00e9g\u00e9tales prot\u00e9g\u00e9es en r\u00e9gion Midi-Pyr\u00e9n\u00e9es Article 5 (2004)<\/p>\n<p><strong><span style=\"text-decoration: underline;\">Description dans la flore de Coste :<\/span><\/strong><br \/>\nPlante vivace de 10-25 cm, glabre, croissant en touffes serr\u00e9es, \u00e0 souche dure et racine fibreuse ; tiges nues, gr\u00eales, raides, stri\u00e9es, glaucescentes, en forme de joncs ; feuilles r\u00e9duites \u00e0 des gaines radicales engainantes ; fleurs bleues, rarement blanches, r\u00e9unies 1-3 en petite t\u00eate entour\u00e9e \u00e0 la base d&rsquo;\u00e9cailles rouss\u00e2tres imbriqu\u00e9es ; p\u00e9rianthe marcescent, en entonnoir, \u00e0 6 divisions rapproch\u00e9es en tube \u00e0 la base, puis \u00e9tal\u00e9es, \u00e0 1 nervure bleu fonc\u00e9 ; \u00e9tamines in\u00e9gales, ins\u00e9r\u00e9es vers la base des p\u00e9tales, \u00e0 filets filiformes glabres ; style filiforme, stigmate trifide; capsule incluse dans un involucre scarieux, trigone-acumin\u00e9e, \u00e0 3 valves et \u00e0 3 loges monospermes; graines ovo\u00efdes, lisses.<br \/>\n<div id=\"attachment_3494\" style=\"width: 650px\" class=\"wp-caption aligncenter\"><a href=\"https:\/\/www.preservons-la-nature.fr\/blog\/wp-content\/uploads\/2014\/05\/DSC6572.jpg\"><img loading=\"lazy\" decoding=\"async\" aria-describedby=\"caption-attachment-3494\" class=\" wp-image-3494 \" title=\"Aphyllanthes monspeliensis L. ( Aphyllanthe de Montpellier  )\" alt=\"Aphyllanthes monspeliensis L. ( Aphyllanthe de Montpellier  )\" src=\"https:\/\/www.preservons-la-nature.fr\/blog\/wp-content\/uploads\/2014\/05\/DSC6572.jpg\" width=\"640\" height=\"426\" srcset=\"https:\/\/preservons-la-nature.fr\/blog\/wp-content\/uploads\/2014\/05\/DSC6572.jpg 800w, https:\/\/preservons-la-nature.fr\/blog\/wp-content\/uploads\/2014\/05\/DSC6572-300x199.jpg 300w\" sizes=\"auto, (max-width: 640px) 100vw, 640px\" \/><\/a><p id=\"caption-attachment-3494\" class=\"wp-caption-text\">Aphyllanthes monspeliensis L. ( Aphyllanthe de Montpellier )<\/p><\/div><br \/>\n<strong><span style=\"text-decoration: underline;\">Pr\u00e9sent dans le(s) d\u00e9partement(s) suivant(s) :<\/span><\/strong><br \/>\nAlpes-de-Haute-Provence, Alpes-Maritimes, Ari\u00e8ge, Aude, Aveyron, Bouches-du-Rh\u00f4ne, Dr\u00f4me, Gard, Gers, Gironde, Haute-Garonne, Hautes-Alpes, H\u00e9rault, Is\u00e8re, Lot, Loz\u00e8re, Pyr\u00e9n\u00e9es-Atlantiques, Pyr\u00e9n\u00e9es-Orientales, Var, Vaucluse.<br \/>\n<div id=\"attachment_3496\" style=\"width: 610px\" class=\"wp-caption aligncenter\"><a href=\"https:\/\/www.preservons-la-nature.fr\/blog\/?attachment_id=3496\" rel=\"attachment wp-att-3496\"><img loading=\"lazy\" decoding=\"async\" aria-describedby=\"caption-attachment-3496\" src=\"https:\/\/www.preservons-la-nature.fr\/blog\/wp-content\/uploads\/2014\/05\/carte24.jpg\" alt=\"R\u00e9partition d&#039;Aphyllanthes monspeliensis L. ( Aphyllanthe de Montpellier  )\" width=\"600\" height=\"600\" class=\"size-full wp-image-3496\" srcset=\"https:\/\/preservons-la-nature.fr\/blog\/wp-content\/uploads\/2014\/05\/carte24.jpg 600w, https:\/\/preservons-la-nature.fr\/blog\/wp-content\/uploads\/2014\/05\/carte24-150x150.jpg 150w, https:\/\/preservons-la-nature.fr\/blog\/wp-content\/uploads\/2014\/05\/carte24-300x300.jpg 300w\" sizes=\"auto, (max-width: 600px) 100vw, 600px\" \/><\/a><p id=\"caption-attachment-3496\" class=\"wp-caption-text\">R\u00e9partition d&rsquo;Aphyllanthes monspeliensis L. ( Aphyllanthe de Montpellier  )<\/p><\/div><br \/>\n<strong><span style=\"text-decoration: underline;\">Phytosociologie :<\/span><i><\/i><\/strong><\/p>\n<table>\n<tbody>\n<tr>\n<td>Alliance<\/td>\n<td>Ordre<\/td>\n<td>Classe<\/td>\n<\/tr>\n<tr>\n<td><strong>Helianthemo italici-Aphyllanthion monspeliensis<\/strong><\/td>\n<td><strong>Rosmarinetalia officinalis<\/strong><\/td>\n<td><strong>Rosmarinetea officinalis<\/strong><\/td>\n<\/tr>\n<tr>\n<td>Communaut\u00e9s m\u00e9so- \u00e0 supram\u00e9diterran\u00e9ennes, riches en h\u00e9micryptophytes, essentiellement languedociennes et de Provence occidentale.<\/td>\n<td>Communaut\u00e9s m\u00e9diterran\u00e9ennes sur sol neutre \u00e0 basique.<\/td>\n<td>Garrigues et formations cham\u00e9phytiques m\u00e9diterran\u00e9ennes \u00e0 m\u00e9diterran\u00e9o-atlantiques.<\/td>\n<\/tr>\n<\/tbody>\n<\/table>\n<table>\n<tbody>\n<tr>\n<td>Alliance<\/td>\n<td>Ordre<\/td>\n<td>Classe<\/td>\n<\/tr>\n<tr>\n<td><strong>Lavandulo angustifoliae-Genistion cinereae<\/strong><\/td>\n<td><strong>Ononidetalia striatae<\/strong><\/td>\n<td><strong>Festuco valesiacae-Brometea erecti<\/strong><\/td>\n<\/tr>\n<tr>\n<td>Communaut\u00e9s de garrigues et de landes supra- \u00e0 orom\u00e9diterran\u00e9ennes des Alpes m\u00e9ridionales et de Provence.<\/td>\n<td>Communaut\u00e9s x\u00e9rophiles \u00e0 m\u00e9sox\u00e9rophiles, subm\u00e9diterran\u00e9ennes, et supra- \u00e0 orom\u00e9diterran\u00e9ennes.<\/td>\n<td>Pelouses \u00e0 dominance d\u2019h\u00e9micryptophytes, parfois landines et garrigues sous climat subm\u00e9diterran\u00e9en, x\u00e9rophiles \u00e0 m\u00e9sox\u00e9rophiles, collin\u00e9ennes \u00e0 montagnardes, europ\u00e9ennes et ouest-sib\u00e9riennes, surtout sur substrats carbonat\u00e9s ou basiques.<\/td>\n<\/tr>\n<\/tbody>\n<\/table>\n<table>\n<tbody>\n<tr>\n<td>Ordre<\/td>\n<td>Classe<\/td>\n<\/tr>\n<tr>\n<td><strong>Ononidetalia striatae<\/strong><\/td>\n<td><strong>Festuco valesiacae-Brometea erecti<\/strong><\/td>\n<\/tr>\n<tr>\n<td>Communaut\u00e9s x\u00e9rophiles \u00e0 m\u00e9sox\u00e9rophiles, subm\u00e9diterran\u00e9ennes, et supra- \u00e0 orom\u00e9diterran\u00e9ennes.<\/td>\n<td>Pelouses \u00e0 dominance d\u2019h\u00e9micryptophytes, parfois landines et garrigues sous climat subm\u00e9diterran\u00e9en, x\u00e9rophiles \u00e0 m\u00e9sox\u00e9rophiles, collin\u00e9ennes \u00e0 montagnardes, europ\u00e9ennes et ouest-sib\u00e9riennes, surtout sur substrats carbonat\u00e9s ou basiques.<\/td>\n<\/tr>\n<\/tbody>\n<\/table>\n<table>\n<tbody>\n<tr>\n<td>Alliance<\/td>\n<td>Ordre<\/td>\n<td>Classe<\/td>\n<\/tr>\n<tr>\n<td><strong>Quercion ilicis<\/strong><\/td>\n<td><strong>Quercetalia ilicis<\/strong><\/td>\n<td><strong>Quercetea ilicis<\/strong><\/td>\n<\/tr>\n<tr>\n<td>Communaut\u00e9s du m\u00e9diterran\u00e9en subhumide (avec irradiation thermo-atlantique).<\/td>\n<td>Communaut\u00e9s arbor\u00e9es ferm\u00e9es.<\/td>\n<td>V\u00e9g\u00e9tation arbor\u00e9e ou arbustive m\u00e9diterran\u00e9enne, souvent sempervirente et scl\u00e9rophylle.<\/td>\n<\/tr>\n<\/tbody>\n<\/table>\n<table>\n<tbody>\n<tr>\n<td>Alliance<\/td>\n<td>Ordre<\/td>\n<td>Classe<\/td>\n<\/tr>\n<tr>\n<td><strong>Quercion pubescenti-sessiliflorae<\/strong><\/td>\n<td><strong>Quercetalia pubescenti-sessiliflorae<\/strong><\/td>\n<td><strong>Querco roboris-Fagetea sylvaticae<\/strong><\/td>\n<\/tr>\n<tr>\n<td>Communaut\u00e9s supram\u00e9diterran\u00e9ennes avec irradiations septentrionales.<\/td>\n<td>Communaut\u00e9s thermophiles sous influence m\u00e9diterran\u00e9enne \u00e0 thermo-continentale.<\/td>\n<td>For\u00eats temp\u00e9r\u00e9es caducifoli\u00e9es ou mixtes, collin\u00e9ennes et montagnardes (plus rarement subalpines), ainsi que supram\u00e9diterran\u00e9ennes.<\/td>\n<\/tr>\n<\/tbody>\n<\/table>\n<table>\n<tbody>\n<tr>\n<td>Classe<\/td>\n<\/tr>\n<tr>\n<td><strong>Rosmarinetea officinalis<\/strong><\/td>\n<\/tr>\n<tr>\n<td>Garrigues et formations cham\u00e9phytiques m\u00e9diterran\u00e9ennes \u00e0 m\u00e9diterran\u00e9o-atlantiques.<\/td>\n<\/tr>\n<\/tbody>\n<\/table>\n<p><strong><span style=\"text-decoration: underline;\">Taxonomie :<\/span><\/strong><br \/>\n<i>Aphyllanthes monspeliensis L.<\/i> a pour synonymes (Informations issues de la BDTFX Version 2.0, <a href=\"http:\/\/www.tela-botanica.org\" target=\"_blank\">Tela Botanica<\/a>) :<i><br \/>\n&#8211; Aphyllanthes caerulea St.-Lag.<br \/>\n&#8211; Aphyllanthes cantabrica Bubani<br \/>\n&#8211; Aphyllanthes juncea Salisb.<br \/>\n&#8211; Aphyllanthes monspeliensium Vill.<br \/>\n<\/i><\/p>\n","protected":false},"excerpt":{"rendered":"<p>Une fiche plus r&eacute;cente existe, vous pouvez la consulter ICI Nom : Aphyllanthes monspeliensis L. ( Aphyllanthe de Montpellier\u00a0 ) Autre(s) nom(s) : Bragalou, Oeillet bleu de Montpellier. Famille : ASPARAGACEAE Floraison : Avril &#8211; Juillet Forme biologique : H\u00e9micryptophyte. &hellip; <a href=\"https:\/\/preservons-la-nature.fr\/blog\/?p=3493\">Continuer la lecture <span class=\"meta-nav\">&rarr;<\/span><\/a><\/p>\n","protected":false},"author":1,"featured_media":0,"comment_status":"open","ping_status":"open","sticky":false,"template":"","format":"standard","meta":{"footnotes":""},"categories":[102],"tags":[112],"class_list":["post-3493","post","type-post","status-publish","format-standard","hentry","category-fiche-partielle-de-plantes","tag-asparagaceae"],"_links":{"self":[{"href":"https:\/\/preservons-la-nature.fr\/blog\/index.php?rest_route=\/wp\/v2\/posts\/3493","targetHints":{"allow":["GET"]}}],"collection":[{"href":"https:\/\/preservons-la-nature.fr\/blog\/index.php?rest_route=\/wp\/v2\/posts"}],"about":[{"href":"https:\/\/preservons-la-nature.fr\/blog\/index.php?rest_route=\/wp\/v2\/types\/post"}],"author":[{"embeddable":true,"href":"https:\/\/preservons-la-nature.fr\/blog\/index.php?rest_route=\/wp\/v2\/users\/1"}],"replies":[{"embeddable":true,"href":"https:\/\/preservons-la-nature.fr\/blog\/index.php?rest_route=%2Fwp%2Fv2%2Fcomments&post=3493"}],"version-history":[{"count":1,"href":"https:\/\/preservons-la-nature.fr\/blog\/index.php?rest_route=\/wp\/v2\/posts\/3493\/revisions"}],"predecessor-version":[{"id":3497,"href":"https:\/\/preservons-la-nature.fr\/blog\/index.php?rest_route=\/wp\/v2\/posts\/3493\/revisions\/3497"}],"wp:attachment":[{"href":"https:\/\/preservons-la-nature.fr\/blog\/index.php?rest_route=%2Fwp%2Fv2%2Fmedia&parent=3493"}],"wp:term":[{"taxonomy":"category","embeddable":true,"href":"https:\/\/preservons-la-nature.fr\/blog\/index.php?rest_route=%2Fwp%2Fv2%2Fcategories&post=3493"},{"taxonomy":"post_tag","embeddable":true,"href":"https:\/\/preservons-la-nature.fr\/blog\/index.php?rest_route=%2Fwp%2Fv2%2Ftags&post=3493"}],"curies":[{"name":"wp","href":"https:\/\/api.w.org\/{rel}","templated":true}]}}