{"id":3482,"date":"2014-05-29T00:36:15","date_gmt":"2014-05-28T23:36:15","guid":{"rendered":"https:\/\/www.preservons-la-nature.fr\/blog\/?p=3482"},"modified":"2014-05-17T18:39:59","modified_gmt":"2014-05-17T17:39:59","slug":"anthriscus-sylvestris-l-hoffm-persil-sauvage-cerfeuil-des-bois","status":"publish","type":"post","link":"https:\/\/preservons-la-nature.fr\/blog\/?p=3482","title":{"rendered":"Anthriscus sylvestris (L.) Hoffm. ( Persil sauvage, Cerfeuil des bois )"},"content":{"rendered":"<p><STRONG>Une fiche plus r&eacute;cente existe, vous pouvez la consulter <a href=\"https:\/\/www.preservons-la-nature.fr\/flore\/taxon\/84.html\">ICI<\/a><\/STRONG><div id=\"attachment_3485\" style=\"width: 650px\" class=\"wp-caption aligncenter\"><a href=\"https:\/\/www.preservons-la-nature.fr\/blog\/wp-content\/uploads\/2014\/05\/DSC04172.jpg\"><img loading=\"lazy\" decoding=\"async\" aria-describedby=\"caption-attachment-3485\" class=\"size-full wp-image-3485\" title=\"Anthriscus sylvestris (L.) Hoffm. ( Persil sauvage, Cerfeuil des bois )\" alt=\"Anthriscus sylvestris (L.) Hoffm. ( Persil sauvage, Cerfeuil des bois )\" src=\"https:\/\/www.preservons-la-nature.fr\/blog\/wp-content\/uploads\/2014\/05\/DSC04172.jpg\" width=\"640\" height=\"426\" srcset=\"https:\/\/preservons-la-nature.fr\/blog\/wp-content\/uploads\/2014\/05\/DSC04172.jpg 800w, https:\/\/preservons-la-nature.fr\/blog\/wp-content\/uploads\/2014\/05\/DSC04172-300x199.jpg 300w\" sizes=\"auto, (max-width: 640px) 100vw, 640px\" \/><\/a><p id=\"caption-attachment-3485\" class=\"wp-caption-text\">Anthriscus sylvestris (L.) Hoffm. ( Persil sauvage, Cerfeuil des bois )<\/p><\/div><\/p>\n<p><strong><span style=\"text-decoration: underline;\">Nom :<\/span><\/strong> <i>Anthriscus sylvestris (L.) Hoffm.<\/i> ( Persil sauvage, Cerfeuil des bois )<\/p>\n<p><strong><span style=\"text-decoration: underline;\">Autre(s) nom(s) :<\/span><\/strong><br \/>\nCerfeuil des bois, Cerfeuil sauvage, Ch\u00e9rophylle sauvage.<\/p>\n<p><strong><span style=\"text-decoration: underline;\">Famille :<\/span><\/strong> APIACEAE<\/p>\n<p><strong><span style=\"text-decoration: underline;\">Forme biologique :<\/span><\/strong><br \/>\nH\u00e9micryptophyte.<\/p>\n<p><strong><span style=\"text-decoration: underline;\">Description dans la flore de Coste :<\/span><\/strong><br \/>\nPlante vivace atteignant 1 m\u00e8tre, glabre dans le haut, poilue int\u00e9rieurement, f\u00e9tide, \u00e0 souche \u00e9paisse et allong\u00e9e ; tige creuse, cannel\u00e9e, \u00e0 noeuds un peu renfl\u00e9s ; feuilles luisantes, les inf\u00e9rieures \u00e0 p\u00e9tiole \u00e9galant environ le limbe ou plus court, tripennatis\u00e9qu\u00e9es, \u00e0 segments oblongs-lanc\u00e9ol\u00e9s, rapproch\u00e9s, subaigus ; fleurs assez grandes, les ext\u00e9rieures rayonnantes ; ombelles assez longuement p\u00e9doncul\u00e9es, terminales, \u00e0 7-16 rayons presque \u00e9gaux ; involucre nul, involucelle \u00e0 5 folioles lanc\u00e9ol\u00e9es, r\u00e9fl\u00e9chies ; styles \u00e9tal\u00e9s-dress\u00e9s ; fruit oblong-lin\u00e9aire, lisse et luisant, \u00e0 bec tr\u00e8s court.<\/p>\n<div id=\"attachment_3483\" style=\"width: 650px\" class=\"wp-caption aligncenter\"><a href=\"https:\/\/www.preservons-la-nature.fr\/blog\/wp-content\/uploads\/2014\/05\/DSC3348.jpg\"><img loading=\"lazy\" decoding=\"async\" aria-describedby=\"caption-attachment-3483\" class=\" wp-image-3483 \" title=\"Anthriscus sylvestris (L.) Hoffm. ( Persil sauvage, Cerfeuil des bois )\" alt=\"Anthriscus sylvestris (L.) Hoffm. ( Persil sauvage, Cerfeuil des bois )\" src=\"https:\/\/www.preservons-la-nature.fr\/blog\/wp-content\/uploads\/2014\/05\/DSC3348.jpg\" width=\"640\" height=\"426\" srcset=\"https:\/\/preservons-la-nature.fr\/blog\/wp-content\/uploads\/2014\/05\/DSC3348.jpg 800w, https:\/\/preservons-la-nature.fr\/blog\/wp-content\/uploads\/2014\/05\/DSC3348-300x199.jpg 300w\" sizes=\"auto, (max-width: 640px) 100vw, 640px\" \/><\/a><p id=\"caption-attachment-3483\" class=\"wp-caption-text\">Anthriscus sylvestris (L.) Hoffm. ( Persil sauvage, Cerfeuil des bois )<\/p><\/div>\n<div id=\"attachment_3484\" style=\"width: 370px\" class=\"wp-caption aligncenter\"><a href=\"https:\/\/www.preservons-la-nature.fr\/blog\/wp-content\/uploads\/2014\/05\/DSC3881.jpg\"><img loading=\"lazy\" decoding=\"async\" aria-describedby=\"caption-attachment-3484\" class=\" wp-image-3484\" title=\"Anthriscus sylvestris (L.) Hoffm. ( Persil sauvage, Cerfeuil des bois )\" alt=\"Anthriscus sylvestris (L.) Hoffm. ( Persil sauvage, Cerfeuil des bois )\" src=\"https:\/\/www.preservons-la-nature.fr\/blog\/wp-content\/uploads\/2014\/05\/DSC3881.jpg\" width=\"360\" height=\"540\" srcset=\"https:\/\/preservons-la-nature.fr\/blog\/wp-content\/uploads\/2014\/05\/DSC3881.jpg 400w, https:\/\/preservons-la-nature.fr\/blog\/wp-content\/uploads\/2014\/05\/DSC3881-200x300.jpg 200w\" sizes=\"auto, (max-width: 360px) 100vw, 360px\" \/><\/a><p id=\"caption-attachment-3484\" class=\"wp-caption-text\">Anthriscus sylvestris (L.) Hoffm. ( Persil sauvage, Cerfeuil des bois )<\/p><\/div>\n<p><strong><span style=\"text-decoration: underline;\">Pr\u00e9sent dans le(s) d\u00e9partement(s) suivant(s) :<\/span><\/strong><br \/>\nAisne, Allier, Alpes-de-Haute-Provence, Alpes-Maritimes, Ardennes, Aube, Aveyron, Bas-Rhin, Bouches-du-Rh\u00f4ne, Calvados, Cantal, Charente, Charente-Maritime, Cher, Corr\u00e8ze, Corse-du-Sud, C\u00f4te-d&rsquo;Or, C\u00f4tes-d&rsquo;Armor, Creuse, Deux-S\u00e8vres, Dordogne, Doubs, Dr\u00f4me, Essonne, Eure, Eure-et-Loir, Finist\u00e8re, Gers, Gironde, Haute-Corse, Haute-Loire, Haute-Marne, Hautes-Alpes, Haute-Sa\u00f4ne, Haute-Savoie, Haute-Vienne, Haut-Rhin, Hauts-de-Seine, H\u00e9rault, Ille-et-Vilaine, Indre, Indre-et-Loire, Is\u00e8re, Jura, Loire-Atlantique, Loiret, Loir-et-Cher, Lot, Lot-et-Garonne, Loz\u00e8re, Maine-et-Loire, Manche, Marne, Mayenne, Meurthe-et-Moselle, Meuse, Morbihan, Moselle, Ni\u00e8vre, Nord, Oise, Orne, Paris, Pas-de-Calais, Puy-de-D\u00f4me, Sa\u00f4ne-et-Loire, Sarthe, Seine-et-Marne, Seine-Maritime, Seine-Saint-Denis, Somme, Tarn, Tarn-et-Garonne, Territoire-de-Belfort, Val-de-Marne, Val-d&rsquo;Oise, Var, Vaucluse, Vend\u00e9e, Vienne, Vosges, Yonne, Yvelines.<\/p>\n<div id=\"attachment_3486\" style=\"width: 610px\" class=\"wp-caption aligncenter\"><a href=\"https:\/\/www.preservons-la-nature.fr\/blog\/?attachment_id=3486\" rel=\"attachment wp-att-3486\"><img loading=\"lazy\" decoding=\"async\" aria-describedby=\"caption-attachment-3486\" class=\"size-full wp-image-3486\" alt=\"R\u00e9partition d'Anthriscus sylvestris (L.) Hoffm. ( Persil sauvage, Cerfeuil des bois )\" src=\"https:\/\/www.preservons-la-nature.fr\/blog\/wp-content\/uploads\/2014\/05\/carte22.jpg\" width=\"600\" height=\"600\" srcset=\"https:\/\/preservons-la-nature.fr\/blog\/wp-content\/uploads\/2014\/05\/carte22.jpg 600w, https:\/\/preservons-la-nature.fr\/blog\/wp-content\/uploads\/2014\/05\/carte22-150x150.jpg 150w, https:\/\/preservons-la-nature.fr\/blog\/wp-content\/uploads\/2014\/05\/carte22-300x300.jpg 300w\" sizes=\"auto, (max-width: 600px) 100vw, 600px\" \/><\/a><p id=\"caption-attachment-3486\" class=\"wp-caption-text\">R\u00e9partition d&rsquo;Anthriscus sylvestris (L.) Hoffm. ( Persil sauvage, Cerfeuil des bois )<\/p><\/div>\n<p><strong><span style=\"text-decoration: underline;\">Phytosociologie :<\/span><i><\/i><\/strong><\/p>\n<table>\n<tbody>\n<tr>\n<td>Alliance<\/td>\n<td>Ordre<\/td>\n<td>Classe<\/td>\n<\/tr>\n<tr>\n<td><strong>Aegopodion podagrariae<\/strong><\/td>\n<td><strong>Galio aparines-Alliarietalia petiolatae<\/strong><\/td>\n<td><strong>Galio aparines-Urticetea dioicae<\/strong><\/td>\n<\/tr>\n<tr>\n<td>Communaut\u00e9s hygroclines, h\u00e9mih\u00e9liophiles.<\/td>\n<td>Communaut\u00e9s des sols bien aliment\u00e9s en eau.<\/td>\n<td>V\u00e9g\u00e9tation d&rsquo;ourlets nitrophiles des sols plus ou moins humides.<\/td>\n<\/tr>\n<\/tbody>\n<\/table>\n<table>\n<tbody>\n<tr>\n<td>Alliance<\/td>\n<td>Sous-ordre<\/td>\n<td>Ordre<\/td>\n<td>Classe<\/td>\n<\/tr>\n<tr>\n<td><strong>Alnion incanae<\/strong><\/td>\n<td><strong>Alno glutinosae-Ulmenalia minoris<\/strong><\/td>\n<td><strong>Populetalia albae<\/strong><\/td>\n<td><strong>Querco roboris-Fagetea sylvaticae<\/strong><\/td>\n<\/tr>\n<tr>\n<td><\/td>\n<td>Communaut\u00e9s de l&rsquo;Europe temp\u00e9r\u00e9e.<\/td>\n<td>Communaut\u00e9s riveraines non mar\u00e9cageuses.<\/td>\n<td>For\u00eats temp\u00e9r\u00e9es caducifoli\u00e9es ou mixtes, collin\u00e9ennes et montagnardes (plus rarement subalpines), ainsi que supram\u00e9diterran\u00e9ennes.<\/td>\n<\/tr>\n<\/tbody>\n<\/table>\n<table>\n<tbody>\n<tr>\n<td>Ordre<\/td>\n<td>Classe<\/td>\n<\/tr>\n<tr>\n<td><strong>Arrhenatheretalia elatioris<\/strong><\/td>\n<td><strong>Arrhenatheretea elatioris<\/strong><\/td>\n<\/tr>\n<tr>\n<td>Prairies principalement fauch\u00e9es.<\/td>\n<td>V\u00e9g\u00e9tation prairiale, plus rarement de pelouses, m\u00e9sophile ou m\u00e9sohygrophile, m\u00e9sotrophe \u00e0 eutrophe.<\/td>\n<\/tr>\n<\/tbody>\n<\/table>\n<table>\n<tbody>\n<tr>\n<td>Alliance<\/td>\n<td>Sous-ordre<\/td>\n<td>Ordre<\/td>\n<td>Classe<\/td>\n<\/tr>\n<tr>\n<td><strong>Carpinion betuli<\/strong><\/td>\n<td><strong>Carpino betuli-Fagenalia sylvaticae<\/strong><\/td>\n<td><strong>Fagetalia sylvaticae<\/strong><\/td>\n<td><strong>Querco roboris-Fagetea sylvaticae<\/strong><\/td>\n<\/tr>\n<tr>\n<td>Communaut\u00e9s sur sols plus ressuy\u00e9s mais sans d\u00e9ficit hydrique marqu\u00e9.<\/td>\n<td>Communaut\u00e9s planitiaires \u00e0 collin\u00e9ennes m\u00e9sohygroclines \u00e0 x\u00e9roclines, acidiclines \u00e0 calcicoles.<\/td>\n<td>Communaut\u00e9s collin\u00e9ennes et montagnardes, acidiclines \u00e0 calcicoles, non thermophiles.<\/td>\n<td>For\u00eats temp\u00e9r\u00e9es caducifoli\u00e9es ou mixtes, collin\u00e9ennes et montagnardes (plus rarement subalpines), ainsi que supram\u00e9diterran\u00e9ennes.<\/td>\n<\/tr>\n<\/tbody>\n<\/table>\n<table>\n<tbody>\n<tr>\n<td>Alliance<\/td>\n<td>Ordre<\/td>\n<td>Classe<\/td>\n<\/tr>\n<tr>\n<td><strong>Convolvulion sepium<\/strong><\/td>\n<td><strong>Convolvuletalia sepium<\/strong><\/td>\n<td><strong>Filipendulo ulmariae-Convolvuletea sepium<\/strong><\/td>\n<\/tr>\n<tr>\n<td>Communaut\u00e9s de la partie moyenne et sup\u00e9rieure des cours d&rsquo;eau et des bordures de lac.<\/td>\n<td><\/td>\n<td>M\u00e9gaphorbiaies planitiaires \u00e0 montagnardes, m\u00e9so-eutrophes, des stations plus ou moins inondables \u00e0 humides.<\/td>\n<\/tr>\n<\/tbody>\n<\/table>\n<table>\n<tbody>\n<tr>\n<td>Ordre<\/td>\n<td>Classe<\/td>\n<\/tr>\n<tr>\n<td><strong>Fagetalia sylvaticae<\/strong><\/td>\n<td><strong>Querco roboris-Fagetea sylvaticae<\/strong><\/td>\n<\/tr>\n<tr>\n<td>Communaut\u00e9s collin\u00e9ennes et montagnardes, acidiclines \u00e0 calcicoles, non thermophiles.<\/td>\n<td>For\u00eats temp\u00e9r\u00e9es caducifoli\u00e9es ou mixtes, collin\u00e9ennes et montagnardes (plus rarement subalpines), ainsi que supram\u00e9diterran\u00e9ennes.<\/td>\n<\/tr>\n<\/tbody>\n<\/table>\n<table>\n<tbody>\n<tr>\n<td>Alliance<\/td>\n<td>Sous-ordre<\/td>\n<td>Ordre<\/td>\n<td>Classe<\/td>\n<\/tr>\n<tr>\n<td><strong>Fraxino excelsioris-Quercion roboris<\/strong><\/td>\n<td><strong>Carpino betuli-Fagenalia sylvaticae<\/strong><\/td>\n<td><strong>Fagetalia sylvaticae<\/strong><\/td>\n<td><strong>Querco roboris-Fagetea sylvaticae<\/strong><\/td>\n<\/tr>\n<tr>\n<td>Communaut\u00e9s des sols \u00e0 bonne r\u00e9serve hydrique.<\/td>\n<td>Communaut\u00e9s planitiaires \u00e0 collin\u00e9ennes m\u00e9sohygroclines \u00e0 x\u00e9roclines, acidiclines \u00e0 calcicoles.<\/td>\n<td>Communaut\u00e9s collin\u00e9ennes et montagnardes, acidiclines \u00e0 calcicoles, non thermophiles.<\/td>\n<td>For\u00eats temp\u00e9r\u00e9es caducifoli\u00e9es ou mixtes, collin\u00e9ennes et montagnardes (plus rarement subalpines), ainsi que supram\u00e9diterran\u00e9ennes.<\/td>\n<\/tr>\n<\/tbody>\n<\/table>\n<table>\n<tbody>\n<tr>\n<td>Ordre<\/td>\n<td>Classe<\/td>\n<\/tr>\n<tr>\n<td><strong>Galio aparines-Alliarietalia petiolatae<\/strong><\/td>\n<td><strong>Galio aparines-Urticetea dioicae<\/strong><\/td>\n<\/tr>\n<tr>\n<td>Communaut\u00e9s des sols bien aliment\u00e9s en eau.<\/td>\n<td>V\u00e9g\u00e9tation d&rsquo;ourlets nitrophiles des sols plus ou moins humides.<\/td>\n<\/tr>\n<\/tbody>\n<\/table>\n<table>\n<tbody>\n<tr>\n<td>Alliance<\/td>\n<td>Ordre<\/td>\n<td>Classe<\/td>\n<\/tr>\n<tr>\n<td><strong>Geo urbani-Alliarion petiolatae<\/strong><\/td>\n<td><strong>Galio aparines-Alliarietalia petiolatae<\/strong><\/td>\n<td><strong>Galio aparines-Urticetea dioicae<\/strong><\/td>\n<\/tr>\n<tr>\n<td>Communaut\u00e9s plus ou moins hygroclines, nitrophiles et sciaphiles.<\/td>\n<td>Communaut\u00e9s des sols bien aliment\u00e9s en eau.<\/td>\n<td>V\u00e9g\u00e9tation d&rsquo;ourlets nitrophiles des sols plus ou moins humides.<\/td>\n<\/tr>\n<\/tbody>\n<\/table>\n<table>\n<tbody>\n<tr>\n<td>Alliance<\/td>\n<td>Ordre<\/td>\n<td>Classe<\/td>\n<\/tr>\n<tr>\n<td><strong>Rumicion pseudalpini<\/strong><\/td>\n<td><strong>Artemisietalia vulgaris<\/strong><\/td>\n<td><strong>Artemisietea vulgaris<\/strong><\/td>\n<\/tr>\n<tr>\n<td>Communaut\u00e9s tr\u00e8s nitrophiles des reposoirs et stations fortement influenc\u00e9es par le b\u00e9tail aux \u00e9tages montagnard et subalpin.<\/td>\n<td>Communaut\u00e9s vivaces m\u00e9sohygrophiles \u00e0 m\u00e9sox\u00e9rophiles.<\/td>\n<td>V\u00e9g\u00e9tation rud\u00e9rale, anthropog\u00e8ne, nitrophile \u00e0 dominance d\u2019esp\u00e8ces vivaces, eurosib\u00e9rienne et m\u00e9diterran\u00e9enne.<\/td>\n<\/tr>\n<\/tbody>\n<\/table>\n<table>\n<tbody>\n<tr>\n<td>Alliance<\/td>\n<td>Ordre<\/td>\n<td>Classe<\/td>\n<\/tr>\n<tr>\n<td><strong>Trifolion medii<\/strong><\/td>\n<td><strong>Origanetalia vulgaris<\/strong><\/td>\n<td><strong>Trifolio medii-Geranietea sanguinei<\/strong><\/td>\n<\/tr>\n<tr>\n<td>Communaut\u00e9s x\u00e9roclines \u00e0 m\u00e9sophiles, m\u00e9sothermes.<\/td>\n<td><\/td>\n<td>Pelouses pr\u00e9foresti\u00e8res h\u00e9liophiles et ourlets parfois h\u00e9misciaphiles, calcicoles \u00e0 acidiclines.<\/td>\n<\/tr>\n<\/tbody>\n<\/table>\n<p><strong><span style=\"text-decoration: underline;\">Taxonomie :<\/span><\/strong><br \/>\n<i>Anthriscus sylvestris (L.) Hoffm.<\/i> a pour synonymes (Informations issues de la BDTFX Version 2.0, <a href=\"http:\/\/www.tela-botanica.org\" target=\"_blank\">Tela Botanica<\/a>) :<i><br \/>\n&#8211; Anthrichaerophyllum loretii (Rouy &amp; E.G.Camus) P.Fourn.<br \/>\n&#8211; Anthriscus graui Sennen<br \/>\n&#8211; Anthriscus mollis Boiss. &amp; Reut.<br \/>\n&#8211; Anthriscus oliveri Sennen<br \/>\n&#8211; Anthriscus procera Besser<br \/>\n&#8211; Cerefolium sylvestre (L.) Besser<br \/>\n&#8211; Chaerefolium sylvestre (L.) Schinz &amp; Thell.<br \/>\n&#8211; Chaerophyllum ghilanicum Stapf &amp; Wettst.<br \/>\n&#8211; Chaerophyllum infestum Salisb.<br \/>\n&#8211; Chaerophyllum sylvestre L.<br \/>\n&#8211; Chaerophyllum x loretii Rouy &amp; E.G.Camus<br \/>\n&#8211; Cicutaria vulgaris H.Koch<br \/>\n&#8211; Myrrhis sylvestris (L.) Spreng.<br \/>\n&#8211; Myrrhoides sylvestre (L.) Kuntze<br \/>\n<\/i><br \/>\n<span style=\"text-decoration: underline;\">Sous-esp\u00e8ces ou vari\u00e9t\u00e9s :<\/span><br \/>\n<i>&#8211; Anthriscus sylvestris (L.) Hoffm. subsp. sylvestris<br \/>\n&#8211; Anthriscus sylvestris subsp. alpina (Vill.) Gremli<br \/>\n<\/i><\/p>\n","protected":false},"excerpt":{"rendered":"<p>Une fiche plus r&eacute;cente existe, vous pouvez la consulter ICI Nom : Anthriscus sylvestris (L.) Hoffm. ( Persil sauvage, Cerfeuil des bois ) Autre(s) nom(s) : Cerfeuil des bois, Cerfeuil sauvage, Ch\u00e9rophylle sauvage. Famille : APIACEAE Forme biologique : H\u00e9micryptophyte. &hellip; <a href=\"https:\/\/preservons-la-nature.fr\/blog\/?p=3482\">Continuer la lecture <span class=\"meta-nav\">&rarr;<\/span><\/a><\/p>\n","protected":false},"author":1,"featured_media":0,"comment_status":"open","ping_status":"open","sticky":false,"template":"","format":"standard","meta":{"footnotes":""},"categories":[102],"tags":[58],"class_list":["post-3482","post","type-post","status-publish","format-standard","hentry","category-fiche-partielle-de-plantes","tag-apiacees"],"_links":{"self":[{"href":"https:\/\/preservons-la-nature.fr\/blog\/index.php?rest_route=\/wp\/v2\/posts\/3482","targetHints":{"allow":["GET"]}}],"collection":[{"href":"https:\/\/preservons-la-nature.fr\/blog\/index.php?rest_route=\/wp\/v2\/posts"}],"about":[{"href":"https:\/\/preservons-la-nature.fr\/blog\/index.php?rest_route=\/wp\/v2\/types\/post"}],"author":[{"embeddable":true,"href":"https:\/\/preservons-la-nature.fr\/blog\/index.php?rest_route=\/wp\/v2\/users\/1"}],"replies":[{"embeddable":true,"href":"https:\/\/preservons-la-nature.fr\/blog\/index.php?rest_route=%2Fwp%2Fv2%2Fcomments&post=3482"}],"version-history":[{"count":1,"href":"https:\/\/preservons-la-nature.fr\/blog\/index.php?rest_route=\/wp\/v2\/posts\/3482\/revisions"}],"predecessor-version":[{"id":3487,"href":"https:\/\/preservons-la-nature.fr\/blog\/index.php?rest_route=\/wp\/v2\/posts\/3482\/revisions\/3487"}],"wp:attachment":[{"href":"https:\/\/preservons-la-nature.fr\/blog\/index.php?rest_route=%2Fwp%2Fv2%2Fmedia&parent=3482"}],"wp:term":[{"taxonomy":"category","embeddable":true,"href":"https:\/\/preservons-la-nature.fr\/blog\/index.php?rest_route=%2Fwp%2Fv2%2Fcategories&post=3482"},{"taxonomy":"post_tag","embeddable":true,"href":"https:\/\/preservons-la-nature.fr\/blog\/index.php?rest_route=%2Fwp%2Fv2%2Ftags&post=3482"}],"curies":[{"name":"wp","href":"https:\/\/api.w.org\/{rel}","templated":true}]}}