{"id":3454,"date":"2014-05-23T00:24:42","date_gmt":"2014-05-22T23:24:42","guid":{"rendered":"https:\/\/www.preservons-la-nature.fr\/blog\/?p=3454"},"modified":"2014-05-17T17:36:46","modified_gmt":"2014-05-17T16:36:46","slug":"allium-triquetrum-l-ail-triquedre","status":"publish","type":"post","link":"https:\/\/preservons-la-nature.fr\/blog\/?p=3454","title":{"rendered":"Allium triquetrum L. ( Ail triqu\u00e8dre )"},"content":{"rendered":"<p><STRONG>Une fiche plus r&eacute;cente existe, vous pouvez la consulter <a href=\"https:\/\/www.preservons-la-nature.fr\/flore\/taxon\/1553.html\">ICI<\/a><\/STRONG><div id=\"attachment_3455\" style=\"width: 370px\" class=\"wp-caption aligncenter\"><a href=\"https:\/\/www.preservons-la-nature.fr\/blog\/wp-content\/uploads\/2014\/05\/DSC08692.jpg\"><img loading=\"lazy\" decoding=\"async\" aria-describedby=\"caption-attachment-3455\" class=\" wp-image-3455 \" title=\"Allium triquetrum L. ( Ail triqu\u00e8dre )\" alt=\"Allium triquetrum L. ( Ail triqu\u00e8dre )\" src=\"https:\/\/www.preservons-la-nature.fr\/blog\/wp-content\/uploads\/2014\/05\/DSC08692.jpg\" width=\"360\" height=\"540\" srcset=\"https:\/\/preservons-la-nature.fr\/blog\/wp-content\/uploads\/2014\/05\/DSC08692.jpg 400w, https:\/\/preservons-la-nature.fr\/blog\/wp-content\/uploads\/2014\/05\/DSC08692-200x300.jpg 200w\" sizes=\"auto, (max-width: 360px) 100vw, 360px\" \/><\/a><p id=\"caption-attachment-3455\" class=\"wp-caption-text\">Allium triquetrum L. ( Ail triqu\u00e8dre )<\/p><\/div><\/p>\n<p><strong><span style=\"text-decoration: underline;\">Nom :<\/span><\/strong> <i>Allium triquetrum L.<\/i> ( Ail triqu\u00e8dre )<\/p>\n<p><strong><span style=\"text-decoration: underline;\">Autre(s) nom(s) :<\/span><\/strong><br \/>\nAil \u00e0 tige triqu\u00e8tre, Ail \u00e0 trois angles.<\/p>\n<p><strong><span style=\"text-decoration: underline;\">Famille :<\/span><\/strong> AMARYLLIDACEAE<\/p>\n<p><strong><span style=\"text-decoration: underline;\">Floraison :<\/span><\/strong> Mars &#8211; Mai<\/p>\n<p><strong><span style=\"text-decoration: underline;\">Forme biologique :<\/span><\/strong><br \/>\nG\u00e9ophyte bulbeux.<\/p>\n<p><strong><span style=\"text-decoration: underline;\">Protection :<\/span><\/strong><br \/>\n&#8211; Liste rouge europ\u00e9enne IUCN 2012 DD<\/p>\n<p><strong><span style=\"text-decoration: underline;\">Description dans la flore de Coste :<\/span><\/strong><br \/>\nPlante vivace de 20-50 cm, glabre, \u00e0 forte odeur d&rsquo;ail, \u00e0 bulbe petit ovo\u00efde blanch\u00e2tre ; tige un peu \u00e9paisse, triqu\u00e8tre \u00e0 3 angles aigus, munie au-dessus de la base de 2-3 feuilles larges de 5-10 mm, planes, glabres, \u00e9galant \u00e0 peu pr\u00e8s la tige ; spathe \u00e0 2 valves lanc\u00e9ol\u00e9es-acumin\u00e9es, plus courtes que les p\u00e9dicelles ; fleurs blanches, grandes, pench\u00e9es, unilat\u00e9rales, en ombelle l\u00e2che ; p\u00e9dicelles in\u00e9gaux, \u00e9paissis au sommet, 1-2 fois plus longs que la fleur ; p\u00e9rianthe cylindrac\u00e9, \u00e0 divisions oblongues-lanc\u00e9ol\u00e9es aigu\u00ebs, \u00e0 la fin conniventes ; \u00e9tamines incluses ; stigmate trifide.<\/p>\n<p><strong><span style=\"text-decoration: underline;\">Pr\u00e9sent dans le(s) d\u00e9partement(s) suivant(s) :<\/span><\/strong><br \/>\nAlpes-Maritimes, Calvados, Corse-du-Sud, C\u00f4tes-d&rsquo;Armor, Finist\u00e8re, Haute-Corse, Hauts-de-Seine, Ille-et-Vilaine, Landes, Loire-Atlantique, Manche, Morbihan, Pyr\u00e9n\u00e9es-Orientales, Sarthe, Var.<\/p>\n<div id=\"attachment_3456\" style=\"width: 610px\" class=\"wp-caption aligncenter\"><a href=\"https:\/\/www.preservons-la-nature.fr\/blog\/?attachment_id=3456\" rel=\"attachment wp-att-3456\"><img loading=\"lazy\" decoding=\"async\" aria-describedby=\"caption-attachment-3456\" class=\"size-full wp-image-3456\" alt=\"R\u00e9partition d'Allium triquetrum L. ( Ail triqu\u00e8dre )\" src=\"https:\/\/www.preservons-la-nature.fr\/blog\/wp-content\/uploads\/2014\/05\/carte17.jpg\" width=\"600\" height=\"600\" srcset=\"https:\/\/preservons-la-nature.fr\/blog\/wp-content\/uploads\/2014\/05\/carte17.jpg 600w, https:\/\/preservons-la-nature.fr\/blog\/wp-content\/uploads\/2014\/05\/carte17-150x150.jpg 150w, https:\/\/preservons-la-nature.fr\/blog\/wp-content\/uploads\/2014\/05\/carte17-300x300.jpg 300w\" sizes=\"auto, (max-width: 600px) 100vw, 600px\" \/><\/a><p id=\"caption-attachment-3456\" class=\"wp-caption-text\">R\u00e9partition d&rsquo;Allium triquetrum L. ( Ail triqu\u00e8dre )<\/p><\/div>\n<p><strong><span style=\"text-decoration: underline;\">Phytosociologie :<\/span><i><\/i><\/strong><\/p>\n<table>\n<tbody>\n<tr>\n<td>Alliance<\/td>\n<td>Ordre<\/td>\n<td>Classe<\/td>\n<\/tr>\n<tr>\n<td><strong>Alnion glutinosae<\/strong><\/td>\n<td><strong>Alnetalia glutinosae<\/strong><\/td>\n<td><strong>Alnetea glutinosae<\/strong><\/td>\n<\/tr>\n<tr>\n<td>Communaut\u00e9s m\u00e9so-eutrophes.<\/td>\n<td>Communaut\u00e9s domin\u00e9es par l&rsquo;aulne glutineux, parfois par le bouleau pubescent.<\/td>\n<td>For\u00eats d&rsquo;aulnes, parfois de bouleaux ou de saules des d\u00e9pressions mar\u00e9cageuses, sur sol engorg\u00e9 une grande partie de l&rsquo;ann\u00e9e ; Europe temp\u00e9r\u00e9e, aux \u00e9tages planitiaire, collin\u00e9en et montagnard.<\/td>\n<\/tr>\n<\/tbody>\n<\/table>\n<table>\n<tbody>\n<tr>\n<td>Alliance<\/td>\n<td>Ordre<\/td>\n<td>Classe<\/td>\n<\/tr>\n<tr>\n<td><strong>Carpinion orientalis<\/strong><\/td>\n<td><strong>Quercetalia pubescenti-sessiliflorae<\/strong><\/td>\n<td><strong>Querco roboris-Fagetea sylvaticae<\/strong><\/td>\n<\/tr>\n<tr>\n<td>Communaut\u00e9s tyrrh\u00e9nio-adriatiques (ultimes irradiations dans les Alpes-Maritimes et la Corse).<\/td>\n<td>Communaut\u00e9s thermophiles sous influence m\u00e9diterran\u00e9enne \u00e0 thermo-continentale.<\/td>\n<td>For\u00eats temp\u00e9r\u00e9es caducifoli\u00e9es ou mixtes, collin\u00e9ennes et montagnardes (plus rarement subalpines), ainsi que supram\u00e9diterran\u00e9ennes.<\/td>\n<\/tr>\n<\/tbody>\n<\/table>\n<table>\n<tbody>\n<tr>\n<td>Ordre<\/td>\n<td>Classe<\/td>\n<\/tr>\n<tr>\n<td><strong>Populetalia albae<\/strong><\/td>\n<td><strong>Querco roboris-Fagetea sylvaticae<\/strong><\/td>\n<\/tr>\n<tr>\n<td>Communaut\u00e9s riveraines non mar\u00e9cageuses.<\/td>\n<td>For\u00eats temp\u00e9r\u00e9es caducifoli\u00e9es ou mixtes, collin\u00e9ennes et montagnardes (plus rarement subalpines), ainsi que supram\u00e9diterran\u00e9ennes.<\/td>\n<\/tr>\n<\/tbody>\n<\/table>\n<table>\n<tbody>\n<tr>\n<td>Sous-alliance<\/td>\n<td>Alliance<\/td>\n<td>Ordre<\/td>\n<td>Classe<\/td>\n<\/tr>\n<tr>\n<td><strong>Quercenion ilicis<\/strong><\/td>\n<td><strong>Quercion ilicis<\/strong><\/td>\n<td><strong>Quercetalia ilicis<\/strong><\/td>\n<td><strong>Quercetea ilicis<\/strong><\/td>\n<\/tr>\n<tr>\n<td>Ch\u00eanaies vertes m\u00e9diterran\u00e9ennes.<\/td>\n<td>Communaut\u00e9s du m\u00e9diterran\u00e9en subhumide (avec irradiation thermo-atlantique).<\/td>\n<td>Communaut\u00e9s arbor\u00e9es ferm\u00e9es.<\/td>\n<td>V\u00e9g\u00e9tation arbor\u00e9e ou arbustive m\u00e9diterran\u00e9enne, souvent sempervirente et scl\u00e9rophylle.<\/td>\n<\/tr>\n<\/tbody>\n<\/table>\n<table>\n<tbody>\n<tr>\n<td>Classe<\/td>\n<\/tr>\n<tr>\n<td><strong>Salicetea purpureae<\/strong><\/td>\n<\/tr>\n<tr>\n<td>V\u00e9g\u00e9tation foresti\u00e8re et arbustive riveraine \u00e0 bois tendre.<\/td>\n<\/tr>\n<\/tbody>\n<\/table>\n<p><strong><span style=\"text-decoration: underline;\">Taxonomie :<\/span><\/strong><br \/>\n<i>Allium triquetrum L.<\/i> a pour synonymes (Informations issues de la BDTFX Version 2.0, <a href=\"http:\/\/www.tela-botanica.org\" target=\"_blank\">Tela Botanica<\/a>) :<i><br \/>\n&#8211; Briseis triquetra (L.) Salisb.<br \/>\n<\/i><\/p>\n","protected":false},"excerpt":{"rendered":"<p>Une fiche plus r&eacute;cente existe, vous pouvez la consulter ICI Nom : Allium triquetrum L. ( Ail triqu\u00e8dre ) Autre(s) nom(s) : Ail \u00e0 tige triqu\u00e8tre, Ail \u00e0 trois angles. Famille : AMARYLLIDACEAE Floraison : Mars &#8211; Mai Forme biologique &hellip; <a href=\"https:\/\/preservons-la-nature.fr\/blog\/?p=3454\">Continuer la lecture <span class=\"meta-nav\">&rarr;<\/span><\/a><\/p>\n","protected":false},"author":1,"featured_media":0,"comment_status":"open","ping_status":"open","sticky":false,"template":"","format":"standard","meta":{"footnotes":""},"categories":[102],"tags":[97],"class_list":["post-3454","post","type-post","status-publish","format-standard","hentry","category-fiche-partielle-de-plantes","tag-amaryllidacees"],"_links":{"self":[{"href":"https:\/\/preservons-la-nature.fr\/blog\/index.php?rest_route=\/wp\/v2\/posts\/3454","targetHints":{"allow":["GET"]}}],"collection":[{"href":"https:\/\/preservons-la-nature.fr\/blog\/index.php?rest_route=\/wp\/v2\/posts"}],"about":[{"href":"https:\/\/preservons-la-nature.fr\/blog\/index.php?rest_route=\/wp\/v2\/types\/post"}],"author":[{"embeddable":true,"href":"https:\/\/preservons-la-nature.fr\/blog\/index.php?rest_route=\/wp\/v2\/users\/1"}],"replies":[{"embeddable":true,"href":"https:\/\/preservons-la-nature.fr\/blog\/index.php?rest_route=%2Fwp%2Fv2%2Fcomments&post=3454"}],"version-history":[{"count":1,"href":"https:\/\/preservons-la-nature.fr\/blog\/index.php?rest_route=\/wp\/v2\/posts\/3454\/revisions"}],"predecessor-version":[{"id":3457,"href":"https:\/\/preservons-la-nature.fr\/blog\/index.php?rest_route=\/wp\/v2\/posts\/3454\/revisions\/3457"}],"wp:attachment":[{"href":"https:\/\/preservons-la-nature.fr\/blog\/index.php?rest_route=%2Fwp%2Fv2%2Fmedia&parent=3454"}],"wp:term":[{"taxonomy":"category","embeddable":true,"href":"https:\/\/preservons-la-nature.fr\/blog\/index.php?rest_route=%2Fwp%2Fv2%2Fcategories&post=3454"},{"taxonomy":"post_tag","embeddable":true,"href":"https:\/\/preservons-la-nature.fr\/blog\/index.php?rest_route=%2Fwp%2Fv2%2Ftags&post=3454"}],"curies":[{"name":"wp","href":"https:\/\/api.w.org\/{rel}","templated":true}]}}