{"id":3450,"date":"2014-05-22T00:53:11","date_gmt":"2014-05-21T23:53:11","guid":{"rendered":"https:\/\/www.preservons-la-nature.fr\/blog\/?p=3450"},"modified":"2014-10-29T12:41:44","modified_gmt":"2014-10-29T11:41:44","slug":"aira-caryophyllea-l-canche-caryophyllee","status":"publish","type":"post","link":"https:\/\/preservons-la-nature.fr\/blog\/?p=3450","title":{"rendered":"Aira caryophyllea L. ( Canche caryophyll\u00e9e )"},"content":{"rendered":"<p><STRONG>Une fiche plus r&eacute;cente existe, vous pouvez la consulter <a href=\"https:\/\/www.preservons-la-nature.fr\/flore\/taxon\/35.html\">ICI<\/a><\/STRONG><\/p>\n<div id=\"attachment_3451\" style=\"width: 370px\" class=\"wp-caption aligncenter\"><a href=\"https:\/\/www.preservons-la-nature.fr\/blog\/wp-content\/uploads\/2014\/05\/DSC00077.jpg\"><img loading=\"lazy\" decoding=\"async\" aria-describedby=\"caption-attachment-3451\" class=\" wp-image-3451  \" title=\"Aira caryophyllea L. ( Canche caryophyll\u00e9e )\" alt=\"Aira caryophyllea L. ( Canche caryophyll\u00e9e )\" src=\"https:\/\/www.preservons-la-nature.fr\/blog\/wp-content\/uploads\/2014\/05\/DSC00077.jpg\" width=\"360\" height=\"540\" srcset=\"https:\/\/preservons-la-nature.fr\/blog\/wp-content\/uploads\/2014\/05\/DSC00077.jpg 400w, https:\/\/preservons-la-nature.fr\/blog\/wp-content\/uploads\/2014\/05\/DSC00077-200x300.jpg 200w\" sizes=\"auto, (max-width: 360px) 100vw, 360px\" \/><\/a><p id=\"caption-attachment-3451\" class=\"wp-caption-text\">Aira caryophyllea L. ( Canche caryophyll\u00e9e )<\/p><\/div>\n<p><strong><span style=\"text-decoration: underline;\">Nom :<\/span><\/strong> <i>Aira caryophyllea L.<\/i> ( Canche caryophyll\u00e9e )<\/p>\n<p><strong><span style=\"text-decoration: underline;\">Autre(s) nom(s) :<\/span><\/strong><br \/>\nFoin-Oeillet.<\/p>\n<p><strong><span style=\"text-decoration: underline;\">Famille :<\/span><\/strong> POACEAE<\/p>\n<p><strong><span style=\"text-decoration: underline;\">Floraison :<\/span><\/strong> Avril &#8211; Juillet<\/p>\n<p><strong><span style=\"text-decoration: underline;\">Forme biologique :<\/span><\/strong><br \/>\nTh\u00e9rophyte.<\/p>\n<p><strong><span style=\"text-decoration: underline;\">Description dans la flore de Coste :<\/span><\/strong><br \/>\nPlante annuelle de 5-35 cm, glabre, \u00e0 racine fibreuse ; tiges gr\u00eales, dress\u00e9es, solitaires ou en touffes peu fournies ; feuilles courtes, s\u00e9tac\u00e9es, \u00e0 gaines presque lisses ; ligule lanc\u00e9ol\u00e9e ; panicule courte, ovale, l\u00e2che, \u00e9tal\u00e9e ou divariqu\u00e9e, \u00e0 rameaux presque lisses ; p\u00e9dicell\u00e9s \u00e9galant l&rsquo;\u00e9pillet ou 1-2 fois plus longs, \u00e9paissis obliquement sous le sommet ; \u00e9pillets d&rsquo;environ 3 mm oblongs, \u00e9vas\u00e9s, \u00e9cart\u00e9s ou un peu rapproch\u00e9s ; fleurs munies de courts poils \u00e0 la base, toutes deux arist\u00e9es ; glumes aigu\u00ebs, denticul\u00e9es, scabres ; glumelle inf\u00e9rieure un peu plus courte que les glumes, acumin\u00e9e, bifide, \u00e0 ar\u00eate presque une fois plus longue que les glumes.<\/p>\n<p><strong><span style=\"text-decoration: underline;\">Pr\u00e9sent dans le(s) d\u00e9partement(s) suivant(s) :<\/span><\/strong><br \/>\nAisne, Allier, Alpes-de-Haute-Provence, Alpes-Maritimes, Ardennes, Aube, Aveyron, Bas-Rhin, Bouches-du-Rh\u00f4ne, Calvados, Cantal, Charente, Charente-Maritime, Cher, Corr\u00e8ze, Corse-du-Sud, C\u00f4te-d&rsquo;Or, C\u00f4tes-d&rsquo;Armor, Creuse, Deux-S\u00e8vres, Dordogne, Essonne, Eure, Eure-et-Loir, Finist\u00e8re, Haute-Corse, Haute-Loire, Haute-Marne, Hautes-Alpes, Haute-Sa\u00f4ne, Haute-Vienne, Hauts-de-Seine, Ille-et-Vilaine, Indre, Indre-et-Loire, Is\u00e8re, Jura, Landes, Loire-Atlantique, Loiret, Loir-et-Cher, Lot, Loz\u00e8re, Maine-et-Loire, Manche, Marne, Mayenne, Meurthe-et-Moselle, Morbihan, Moselle, Ni\u00e8vre, Nord, Oise, Orne, Paris, Pas-de-Calais, Puy-de-D\u00f4me, Pyr\u00e9n\u00e9es-Atlantiques, Sa\u00f4ne-et-Loire, Sarthe, Seine-et-Marne, Seine-Maritime, Somme, Tarn-et-Garonne, Territoire-de-Belfort, Val-d&rsquo;Oise, Var, Vaucluse, Vend\u00e9e, Vienne, Vosges, Yonne, Yvelines.<br \/>\n<div id=\"attachment_3452\" style=\"width: 610px\" class=\"wp-caption aligncenter\"><a href=\"https:\/\/www.preservons-la-nature.fr\/blog\/?attachment_id=3452\" rel=\"attachment wp-att-3452\"><img loading=\"lazy\" decoding=\"async\" aria-describedby=\"caption-attachment-3452\" src=\"https:\/\/www.preservons-la-nature.fr\/blog\/wp-content\/uploads\/2014\/05\/carte16.jpg\" alt=\"R\u00e9partition d&#039;Aira caryophyllea L. ( Canche caryophyll\u00e9e )\" width=\"600\" height=\"600\" class=\"size-full wp-image-3452\" srcset=\"https:\/\/preservons-la-nature.fr\/blog\/wp-content\/uploads\/2014\/05\/carte16.jpg 600w, https:\/\/preservons-la-nature.fr\/blog\/wp-content\/uploads\/2014\/05\/carte16-150x150.jpg 150w, https:\/\/preservons-la-nature.fr\/blog\/wp-content\/uploads\/2014\/05\/carte16-300x300.jpg 300w\" sizes=\"auto, (max-width: 600px) 100vw, 600px\" \/><\/a><p id=\"caption-attachment-3452\" class=\"wp-caption-text\">R\u00e9partition d&rsquo;Aira caryophyllea L. ( Canche caryophyll\u00e9e )<\/p><\/div><br \/>\n<strong><span style=\"text-decoration: underline;\">Phytosociologie :<\/span><i><\/i><\/strong><\/p>\n<table>\n<tbody>\n<tr>\n<td>Ordre<\/td>\n<td>Classe<\/td>\n<\/tr>\n<tr>\n<td><strong>Corynephoretalia canescentis<\/strong><\/td>\n<td><strong>Koelerio glaucae-Corynephoretea canescentis<\/strong><\/td>\n<\/tr>\n<tr>\n<td>Communaut\u00e9s tr\u00e8s ouvertes de l&rsquo;int\u00e9rieur des terres, souvent riches en Lichens et Bryophytes.<\/td>\n<td>Pelouses pionni\u00e8res, \u00e0 dominance d\u2019h\u00e9micryptophytes (plus ou moins riches en annuelles), atlantiques \u00e0 m\u00e9dioeurop\u00e9ennes, sur sables plus ou moins stabilis\u00e9s.<\/td>\n<\/tr>\n<\/tbody>\n<\/table>\n<table>\n<tbody>\n<tr>\n<td>Ordre<\/td>\n<td>Classe<\/td>\n<\/tr>\n<tr>\n<td><strong>Helianthemetalia guttati<\/strong><\/td>\n<td><strong>Helianthemetea guttati<\/strong><\/td>\n<\/tr>\n<tr>\n<td>Communaut\u00e9s non littorales.<\/td>\n<td>V\u00e9g\u00e9tations annuelles acidiphiles des sols souvent sableux, oligotrophes, et des lithosols.<\/td>\n<\/tr>\n<\/tbody>\n<\/table>\n<table>\n<tbody>\n<tr>\n<td>Alliance<\/td>\n<td>Ordre<\/td>\n<td>Classe<\/td>\n<\/tr>\n<tr>\n<td><strong>Polycarpion tetraphylli<\/strong><\/td>\n<td><strong>Polygono arenastri-Poetalia annuae<\/strong><\/td>\n<td><strong>Polygono arenastri-Poetea annuae<\/strong><\/td>\n<\/tr>\n<tr>\n<td>Communaut\u00e9s m\u00e9diterran\u00e9ennes occidentales pr\u00e9-estivales \u00e0 irradiation thermoatlantique.<\/td>\n<td>Communaut\u00e9s eurosib\u00e9riennes et m\u00e9diterran\u00e9ennes.<\/td>\n<td>V\u00e9g\u00e9tation annuelle subnitrophile des stations hyperpi\u00e9tin\u00e9es.<\/td>\n<\/tr>\n<\/tbody>\n<\/table>\n<table>\n<tbody>\n<tr>\n<td>Alliance<\/td>\n<td>Ordre<\/td>\n<td>Classe<\/td>\n<\/tr>\n<tr>\n<td><strong>Saginion maritimae<\/strong><\/td>\n<td><strong>Saginetalia maritimae<\/strong><\/td>\n<td><strong>Saginetea maritimae<\/strong><\/td>\n<\/tr>\n<tr>\n<td>Communaut\u00e9s subhalophiles principalement atlantiques, parfois m\u00e9diterran\u00e9ennes.<\/td>\n<td>Communaut\u00e9s vernales sur substrat d\u00e9cap\u00e9 des contacts dunes\/pr\u00e9s-sal\u00e9s ou sur placages ar\u00e9nac\u00e9s des falaises en zone d\u2019embruns.<\/td>\n<td>V\u00e9g\u00e9tation de petites annuelles halophiles \u00e0 subhalophiles (parfois subnitrophiles) des sols sablo-limoneux ou graveleux, secs en \u00e9t\u00e9, des littoraux atlantiques et m\u00e9diterran\u00e9ens.<\/td>\n<\/tr>\n<\/tbody>\n<\/table>\n<table>\n<tbody>\n<tr>\n<td>Alliance<\/td>\n<td>Ordre<\/td>\n<td>Classe<\/td>\n<\/tr>\n<tr>\n<td><strong>Sedion anglici<\/strong><\/td>\n<td><strong>Sedo albi-Scleranthetalia biennis<\/strong><\/td>\n<td><strong>Sedo albi-Scleranthetea biennis<\/strong><\/td>\n<\/tr>\n<tr>\n<td>Communaut\u00e9s atlantiques (surtout Massif armoricain).<\/td>\n<td>Communaut\u00e9s silicicoles.<\/td>\n<td>V\u00e9g\u00e9tation pionni\u00e8re \u00e0 dominance de vivaces (souvent crassulescentes) de dalles rocheuses plus ou moins horizontales, atlantique \u00e0 m\u00e9dioeurop\u00e9enne, souvent montagnarde.<\/td>\n<\/tr>\n<\/tbody>\n<\/table>\n<table>\n<tbody>\n<tr>\n<td>Alliance<\/td>\n<td>Ordre<\/td>\n<td>Classe<\/td>\n<\/tr>\n<tr>\n<td><strong>Thero-Airion<\/strong><\/td>\n<td><strong>Helianthemetalia guttati<\/strong><\/td>\n<td><strong>Helianthemetea guttati<\/strong><\/td>\n<\/tr>\n<tr>\n<td>Communaut\u00e9s vernales \u00e0 estivales des sols x\u00e9riques, atlantiques \u00e0 m\u00e9dioeurop\u00e9ennes, sur sables, ar\u00e8nes et dalles siliceuses.<\/td>\n<td>Communaut\u00e9s non littorales.<\/td>\n<td>V\u00e9g\u00e9tations annuelles acidiphiles des sols souvent sableux, oligotrophes, et des lithosols.<\/td>\n<\/tr>\n<\/tbody>\n<\/table>\n<p><strong><span style=\"text-decoration: underline;\">Taxonomie :<\/span><\/strong><br \/>\n<i>Aira caryophyllea L.<\/i> a pour synonymes (Informations issues de la BDTFX Version 2.0, <a href=\"http:\/\/www.tela-botanica.org\" target=\"_blank\">Tela Botanica<\/a>) :<i><br \/>\n&#8211; Agrostis caryophyllea (L.) Salisb.<br \/>\n&#8211; Aira caryophyllea L. subsp. caryophyllea<br \/>\n&#8211; Aira caryophyllea subsp. anceps (Ces., Pass. &amp; Gibelli) Arcang.<br \/>\n&#8211; Aira caryophyllea subsp. patulipes (Jord. ex Boreau) K.Richt.<br \/>\n&#8211; Aira caryophyllea subsp. plesiantha (Jord. ex Boreau) K.Richt.<br \/>\n&#8211; Aira caryophyllea var. anceps Ces., Pass. &amp; Gibelli<br \/>\n&#8211; Aira caryophyllea var. curta (Jord. ex Boreau) Gaut.<br \/>\n&#8211; Aira caryophyllea var. divaricata (F.W.Schultz) Husn.<br \/>\n&#8211; Aira caryophyllea var. divaricata Br\u00e9b.<br \/>\n&#8211; Aira caryophyllea var. divergens N.H.F.Desp.<br \/>\n&#8211; Aira caryophyllea var. expansa K.Koch<br \/>\n&#8211; Aira caryophyllea var. hostii (Steud.) Rouy<br \/>\n&#8211; Aira caryophyllea var. minor Brongn.<br \/>\n&#8211; Aira caryophyllea var. minor Pauquy<br \/>\n&#8211; Aira caryophyllea var. patulipes (Jord. ex Boreau) Syme<br \/>\n&#8211; Aira caryophyllea var. patulipes Legrand<br \/>\n&#8211; Aira caryophyllea var. saxatilis Salzm. ex Trin.<br \/>\n&#8211; Aira caryophyllea var. suzana Podp.<br \/>\n&#8211; Aira curta Jord. ex Boreau<br \/>\n&#8211; Aira curta Jord. ex Debeaux<br \/>\n&#8211; Aira divaricata Loisel.<br \/>\n&#8211; Aira eduardii Reut. ex Duval-Jouve<br \/>\n&#8211; Aira hostii Steud.<br \/>\n&#8211; Aira latigluma Steud.<br \/>\n&#8211; Aira patulipes Jord. ex Boreau<br \/>\n&#8211; Aira plesiantha Jord. ex Boreau<br \/>\n&#8211; Aira praecox var. caryophyllea (L.) Royer<br \/>\n&#8211; Aira praecox var. multiculmis (Dumort.) Royer<br \/>\n&#8211; Aira rigida Dulac<br \/>\n&#8211; Airella caryophyllea (L.) Dumort. ex E.Salisb. &amp; al.<br \/>\n&#8211; Airopsis caryophyllea (L.) Fr.<br \/>\n&#8211; Aspris caryophyllea (L.) Nash<br \/>\n&#8211; Avena caryophyllea (L.) Weber<br \/>\n&#8211; Avena caryophyllea var. divaricata F.W.Schultz<br \/>\n&#8211; Avenastrum caryophylleum (L.) Jess.<br \/>\n&#8211; Fussia caryophyllea (L.) Schur<br \/>\n&#8211; Salmasia vulgaris Bubani<br \/>\n<\/i><\/p>\n","protected":false},"excerpt":{"rendered":"<p>Une fiche plus r&eacute;cente existe, vous pouvez la consulter ICI Nom : Aira caryophyllea L. ( Canche caryophyll\u00e9e ) Autre(s) nom(s) : Foin-Oeillet. Famille : POACEAE Floraison : Avril &#8211; Juillet Forme biologique : Th\u00e9rophyte. Description dans la flore de &hellip; <a href=\"https:\/\/preservons-la-nature.fr\/blog\/?p=3450\">Continuer la lecture <span class=\"meta-nav\">&rarr;<\/span><\/a><\/p>\n","protected":false},"author":1,"featured_media":0,"comment_status":"open","ping_status":"open","sticky":false,"template":"","format":"standard","meta":{"footnotes":""},"categories":[102],"tags":[80],"class_list":["post-3450","post","type-post","status-publish","format-standard","hentry","category-fiche-partielle-de-plantes","tag-poacees"],"_links":{"self":[{"href":"https:\/\/preservons-la-nature.fr\/blog\/index.php?rest_route=\/wp\/v2\/posts\/3450","targetHints":{"allow":["GET"]}}],"collection":[{"href":"https:\/\/preservons-la-nature.fr\/blog\/index.php?rest_route=\/wp\/v2\/posts"}],"about":[{"href":"https:\/\/preservons-la-nature.fr\/blog\/index.php?rest_route=\/wp\/v2\/types\/post"}],"author":[{"embeddable":true,"href":"https:\/\/preservons-la-nature.fr\/blog\/index.php?rest_route=\/wp\/v2\/users\/1"}],"replies":[{"embeddable":true,"href":"https:\/\/preservons-la-nature.fr\/blog\/index.php?rest_route=%2Fwp%2Fv2%2Fcomments&post=3450"}],"version-history":[{"count":3,"href":"https:\/\/preservons-la-nature.fr\/blog\/index.php?rest_route=\/wp\/v2\/posts\/3450\/revisions"}],"predecessor-version":[{"id":4122,"href":"https:\/\/preservons-la-nature.fr\/blog\/index.php?rest_route=\/wp\/v2\/posts\/3450\/revisions\/4122"}],"wp:attachment":[{"href":"https:\/\/preservons-la-nature.fr\/blog\/index.php?rest_route=%2Fwp%2Fv2%2Fmedia&parent=3450"}],"wp:term":[{"taxonomy":"category","embeddable":true,"href":"https:\/\/preservons-la-nature.fr\/blog\/index.php?rest_route=%2Fwp%2Fv2%2Fcategories&post=3450"},{"taxonomy":"post_tag","embeddable":true,"href":"https:\/\/preservons-la-nature.fr\/blog\/index.php?rest_route=%2Fwp%2Fv2%2Ftags&post=3450"}],"curies":[{"name":"wp","href":"https:\/\/api.w.org\/{rel}","templated":true}]}}