{"id":3445,"date":"2014-05-21T00:37:51","date_gmt":"2014-05-20T23:37:51","guid":{"rendered":"https:\/\/www.preservons-la-nature.fr\/blog\/?p=3445"},"modified":"2014-05-17T06:41:13","modified_gmt":"2014-05-17T05:41:13","slug":"aegilops-geniculata-roth-aegilops-a-inflorescence-ovale","status":"publish","type":"post","link":"https:\/\/preservons-la-nature.fr\/blog\/?p=3445","title":{"rendered":"Aegilops geniculata Roth ( A\u00e9gilops \u00e0 inflorescence ovale )"},"content":{"rendered":"<p><STRONG>Une fiche plus r&eacute;cente existe, vous pouvez la consulter <a href=\"https:\/\/www.preservons-la-nature.fr\/flore\/taxon\/1495.html\">ICI<\/a><\/STRONG><div id=\"attachment_3446\" style=\"width: 370px\" class=\"wp-caption aligncenter\"><a href=\"https:\/\/www.preservons-la-nature.fr\/blog\/wp-content\/uploads\/2014\/05\/DSC01953.jpg\"><img loading=\"lazy\" decoding=\"async\" aria-describedby=\"caption-attachment-3446\" class=\" wp-image-3446 \" title=\"Aegilops geniculata Roth ( A\u00e9gilops \u00e0 inflorescence ovale )\" alt=\"Aegilops geniculata Roth ( A\u00e9gilops \u00e0 inflorescence ovale )\" src=\"https:\/\/www.preservons-la-nature.fr\/blog\/wp-content\/uploads\/2014\/05\/DSC01953.jpg\" width=\"360\" height=\"540\" srcset=\"https:\/\/preservons-la-nature.fr\/blog\/wp-content\/uploads\/2014\/05\/DSC01953.jpg 400w, https:\/\/preservons-la-nature.fr\/blog\/wp-content\/uploads\/2014\/05\/DSC01953-200x300.jpg 200w\" sizes=\"auto, (max-width: 360px) 100vw, 360px\" \/><\/a><p id=\"caption-attachment-3446\" class=\"wp-caption-text\">Aegilops geniculata Roth ( A\u00e9gilops \u00e0 inflorescence ovale )<\/p><\/div><\/p>\n<p><strong><span style=\"text-decoration: underline;\">Nom :<\/span><\/strong> <i>Aegilops geniculata Roth<\/i> ( A\u00e9gilops \u00e0 inflorescence ovale )<\/p>\n<p><strong><span style=\"text-decoration: underline;\">Autre(s) nom(s) :<\/span><\/strong><br \/>\n\u00c9gilope ovale.<\/p>\n<p><strong><span style=\"text-decoration: underline;\">Famille :<\/span><\/strong> POACEAE<\/p>\n<p><strong><span style=\"text-decoration: underline;\">Floraison :<\/span><\/strong> Mai &#8211; Juillet<\/p>\n<p><strong><span style=\"text-decoration: underline;\">Forme biologique :<\/span><\/strong><br \/>\nTh\u00e9rophyte.<\/p>\n<p><strong><span style=\"text-decoration: underline;\">Protection :<\/span><\/strong><br \/>\n&#8211; Liste rouge europ\u00e9enne IUCN 2012 LC<\/p>\n<p><strong><span style=\"text-decoration: underline;\">Description dans la flore de Coste :<\/span><\/strong><br \/>\nPlante annuelle de 10-40 cm, velue, \u00e0 racine fibreuse ; tiges en touffe, genouill\u00e9es-ascendantes ; feuilles planes, rudes ; \u00e9pi court (1-2 cm), ovale, non fragile, d&rsquo;un vert p\u00e2le ou glauque ; \u00e9pillets 2-4, dont 1 ou 2 sup\u00e9rieurs petites st\u00e9riles et 2 inf\u00e9rieurs gros, fertiles, imbriqu\u00e9s, ovo\u00efdes, brusquement renfl\u00e9s-ventrus au milieu ; munis chacun d&rsquo;environ 12 ar\u00eates \u00e9tal\u00e9es, longues de 2-3 cm, scabres d\u00e8s la base ; glumes ventrues, \u00e0 4 ar\u00eates presque \u00e9gales ; glumelle inf\u00e9rieure \u00e0 2 ar\u00eates longues ; 1 ou 2 \u00e9pillets rudimentaires \u00e0 la base de l&rsquo;\u00e9pi.<\/p>\n<div id=\"attachment_3447\" style=\"width: 370px\" class=\"wp-caption aligncenter\"><a href=\"https:\/\/www.preservons-la-nature.fr\/blog\/wp-content\/uploads\/2014\/05\/DSC02453.jpg\"><img loading=\"lazy\" decoding=\"async\" aria-describedby=\"caption-attachment-3447\" class=\" wp-image-3447\" title=\"Aegilops geniculata Roth ( A\u00e9gilops \u00e0 inflorescence ovale )\" alt=\"Aegilops geniculata Roth ( A\u00e9gilops \u00e0 inflorescence ovale )\" src=\"https:\/\/www.preservons-la-nature.fr\/blog\/wp-content\/uploads\/2014\/05\/DSC02453.jpg\" width=\"360\" height=\"540\" srcset=\"https:\/\/preservons-la-nature.fr\/blog\/wp-content\/uploads\/2014\/05\/DSC02453.jpg 400w, https:\/\/preservons-la-nature.fr\/blog\/wp-content\/uploads\/2014\/05\/DSC02453-200x300.jpg 200w\" sizes=\"auto, (max-width: 360px) 100vw, 360px\" \/><\/a><p id=\"caption-attachment-3447\" class=\"wp-caption-text\">Aegilops geniculata Roth ( A\u00e9gilops \u00e0 inflorescence ovale )<\/p><\/div>\n<p><strong><span style=\"text-decoration: underline;\">Pr\u00e9sent dans le(s) d\u00e9partement(s) suivant(s) :<\/span><\/strong><br \/>\nAlpes-de-Haute-Provence, Alpes-Maritimes, Aveyron, Bouches-du-Rh\u00f4ne, Corr\u00e8ze, Corse-du-Sud, Haute-Corse, Hautes-Alpes, Is\u00e8re, Lot, Lot-et-Garonne, Pyr\u00e9n\u00e9es-Orientales, Tarn, Tarn-et-Garonne, Var, Vaucluse.<\/p>\n<div id=\"attachment_3448\" style=\"width: 610px\" class=\"wp-caption aligncenter\"><a href=\"https:\/\/www.preservons-la-nature.fr\/blog\/?attachment_id=3448\" rel=\"attachment wp-att-3448\"><img loading=\"lazy\" decoding=\"async\" aria-describedby=\"caption-attachment-3448\" class=\"size-full wp-image-3448\" alt=\"R\u00e9partition d'Aegilops geniculata Roth ( A\u00e9gilops \u00e0 inflorescence ovale )\" src=\"https:\/\/www.preservons-la-nature.fr\/blog\/wp-content\/uploads\/2014\/05\/carte15.jpg\" width=\"600\" height=\"600\" srcset=\"https:\/\/preservons-la-nature.fr\/blog\/wp-content\/uploads\/2014\/05\/carte15.jpg 600w, https:\/\/preservons-la-nature.fr\/blog\/wp-content\/uploads\/2014\/05\/carte15-150x150.jpg 150w, https:\/\/preservons-la-nature.fr\/blog\/wp-content\/uploads\/2014\/05\/carte15-300x300.jpg 300w\" sizes=\"auto, (max-width: 600px) 100vw, 600px\" \/><\/a><p id=\"caption-attachment-3448\" class=\"wp-caption-text\">R\u00e9partition d&rsquo;Aegilops geniculata Roth ( A\u00e9gilops \u00e0 inflorescence ovale )<\/p><\/div>\n<p><strong><span style=\"text-decoration: underline;\">Phytosociologie :<\/span><i><\/i><\/strong><\/p>\n<table>\n<tbody>\n<tr>\n<td>Classe<\/td>\n<\/tr>\n<tr>\n<td><strong>Lygeo sparti-Stipetea tenacissimae<\/strong><\/td>\n<\/tr>\n<tr>\n<td>V\u00e9g\u00e9tation de garrigues et d&rsquo;ourlets m\u00e9diterran\u00e9ens riches en gramin\u00e9es vivaces, sur sols basiques.<\/td>\n<\/tr>\n<\/tbody>\n<\/table>\n<table>\n<tbody>\n<tr>\n<td>Alliance<\/td>\n<td>Ordre<\/td>\n<td>Classe<\/td>\n<\/tr>\n<tr>\n<td><strong>Ononidion striatae<\/strong><\/td>\n<td><strong>Ononidetalia striatae<\/strong><\/td>\n<td><strong>Festuco valesiacae-Brometea erecti<\/strong><\/td>\n<\/tr>\n<tr>\n<td>Communaut\u00e9s x\u00e9rophiles ; tr\u00e8s r\u00e9pandues dans les Causses, les Corbi\u00e8res et en Haute-Provence.<\/td>\n<td>Communaut\u00e9s x\u00e9rophiles \u00e0 m\u00e9sox\u00e9rophiles, subm\u00e9diterran\u00e9ennes, et supra- \u00e0 orom\u00e9diterran\u00e9ennes.<\/td>\n<td>Pelouses \u00e0 dominance d\u2019h\u00e9micryptophytes, parfois landines et garrigues sous climat subm\u00e9diterran\u00e9en, x\u00e9rophiles \u00e0 m\u00e9sox\u00e9rophiles, collin\u00e9ennes \u00e0 montagnardes, europ\u00e9ennes et ouest-sib\u00e9riennes, surtout sur substrats carbonat\u00e9s ou basiques.<\/td>\n<\/tr>\n<\/tbody>\n<\/table>\n<table>\n<tbody>\n<tr>\n<td>Alliance<\/td>\n<td>Ordre<\/td>\n<td>Classe<\/td>\n<\/tr>\n<tr>\n<td><strong>Roemerion hybridae<\/strong><\/td>\n<td><strong>Centaureetalia cyani<\/strong><\/td>\n<td><strong>Stellarietea mediae<\/strong><\/td>\n<\/tr>\n<tr>\n<td>Communaut\u00e9s surtout m\u00e9diterran\u00e9ennes.<\/td>\n<td>Communaut\u00e9s des cultures et moissons sur sol neutro-alcalin.<\/td>\n<td>V\u00e9g\u00e9tation annuelle, nitrophile, commensale des cultures annuelles ou sarcl\u00e9es.<\/td>\n<\/tr>\n<\/tbody>\n<\/table>\n<table>\n<tbody>\n<tr>\n<td>Alliance<\/td>\n<td>Ordre<\/td>\n<td>Classe<\/td>\n<\/tr>\n<tr>\n<td><strong>Xerobromion erecti<\/strong><\/td>\n<td><strong>Brometalia erecti<\/strong><\/td>\n<td><strong>Festuco valesiacae-Brometea erecti<\/strong><\/td>\n<\/tr>\n<tr>\n<td>Communaut\u00e9s x\u00e9rophiles plus ou moins ouvertes, de caract\u00e8re subm\u00e9diterran\u00e9en.<\/td>\n<td>Communaut\u00e9s atlantiques \u00e0 subatlantiques.<\/td>\n<td>Pelouses \u00e0 dominance d\u2019h\u00e9micryptophytes, parfois landines et garrigues sous climat subm\u00e9diterran\u00e9en, x\u00e9rophiles \u00e0 m\u00e9sox\u00e9rophiles, collin\u00e9ennes \u00e0 montagnardes, europ\u00e9ennes et ouest-sib\u00e9riennes, surtout sur substrats carbonat\u00e9s ou basiques.<\/td>\n<\/tr>\n<\/tbody>\n<\/table>\n<p><strong><span style=\"text-decoration: underline;\">Taxonomie :<\/span><\/strong><br \/>\n<i>Aegilops geniculata Roth<\/i> a pour synonymes (Informations issues de la BDTFX Version 2.0, <a href=\"http:\/\/www.tela-botanica.org\" target=\"_blank\">Tela Botanica<\/a>) :<i><br \/>\n&#8211; Aegilops brachyathera Pomel<br \/>\n&#8211; Aegilops divaricata Jord. &amp; Fourr.<br \/>\n&#8211; Aegilops echinus Godr.<br \/>\n&#8211; Aegilops erigens Jord. &amp; Fourr.<br \/>\n&#8211; Aegilops erratica Jord. &amp; Fourr.<br \/>\n&#8211; Aegilops microstachys Jord. &amp; Fourr.<br \/>\n&#8211; Aegilops nigricans Jord. &amp; Fourr.<br \/>\n&#8211; Aegilops notarisii Clementi<br \/>\n&#8211; Aegilops ovata L.<br \/>\n&#8211; Aegilops ovata L. subsp. ovata<br \/>\n&#8211; Aegilops ovata subsp. brachyathera (Pomel) Trab.<br \/>\n&#8211; Aegilops ovata var. echinus (Godr.) Eig<br \/>\n&#8211; Aegilops ovata var. erigens (Jord.) Gaut.<br \/>\n&#8211; Aegilops ovata var. geniculata (Roth) Pers.<br \/>\n&#8211; Aegilops ovata var. nigricans (Jord.) Gaut.<br \/>\n&#8211; Aegilops ovata var. virescens (Jord.) Gaut.<br \/>\n&#8211; Aegilops parvula Jord. &amp; Fourr.<br \/>\n&#8211; Aegilops procera Jord. &amp; Fourr.<br \/>\n&#8211; Aegilops pubiglumis Jord. &amp; Fourr.<br \/>\n&#8211; Aegilops sicula Jord. &amp; Fourr.<br \/>\n&#8211; Aegilops vagans Jord. &amp; Fourr.<br \/>\n&#8211; Aegilops virescens Jord. &amp; Fourr.<br \/>\n&#8211; Frumentum ovatum (L.) E.H.L.Krause<br \/>\n&#8211; Phleum aegilops Scop.<br \/>\n&#8211; Triticum ovatum (L.) Gren. &amp; Godr.<br \/>\n&#8211; Triticum ovatum (L.) Raspail<br \/>\n&#8211; Triticum sylvestre Bubani<br \/>\n&#8211; Triticum vagans (Jord. &amp; Fourr.) Greuter<br \/>\n<\/i><\/p>\n","protected":false},"excerpt":{"rendered":"<p>Une fiche plus r&eacute;cente existe, vous pouvez la consulter ICI Nom : Aegilops geniculata Roth ( A\u00e9gilops \u00e0 inflorescence ovale ) Autre(s) nom(s) : \u00c9gilope ovale. Famille : POACEAE Floraison : Mai &#8211; Juillet Forme biologique : Th\u00e9rophyte. Protection : &hellip; <a href=\"https:\/\/preservons-la-nature.fr\/blog\/?p=3445\">Continuer la lecture <span class=\"meta-nav\">&rarr;<\/span><\/a><\/p>\n","protected":false},"author":1,"featured_media":0,"comment_status":"open","ping_status":"open","sticky":false,"template":"","format":"standard","meta":{"footnotes":""},"categories":[102],"tags":[80],"class_list":["post-3445","post","type-post","status-publish","format-standard","hentry","category-fiche-partielle-de-plantes","tag-poacees"],"_links":{"self":[{"href":"https:\/\/preservons-la-nature.fr\/blog\/index.php?rest_route=\/wp\/v2\/posts\/3445","targetHints":{"allow":["GET"]}}],"collection":[{"href":"https:\/\/preservons-la-nature.fr\/blog\/index.php?rest_route=\/wp\/v2\/posts"}],"about":[{"href":"https:\/\/preservons-la-nature.fr\/blog\/index.php?rest_route=\/wp\/v2\/types\/post"}],"author":[{"embeddable":true,"href":"https:\/\/preservons-la-nature.fr\/blog\/index.php?rest_route=\/wp\/v2\/users\/1"}],"replies":[{"embeddable":true,"href":"https:\/\/preservons-la-nature.fr\/blog\/index.php?rest_route=%2Fwp%2Fv2%2Fcomments&post=3445"}],"version-history":[{"count":1,"href":"https:\/\/preservons-la-nature.fr\/blog\/index.php?rest_route=\/wp\/v2\/posts\/3445\/revisions"}],"predecessor-version":[{"id":3449,"href":"https:\/\/preservons-la-nature.fr\/blog\/index.php?rest_route=\/wp\/v2\/posts\/3445\/revisions\/3449"}],"wp:attachment":[{"href":"https:\/\/preservons-la-nature.fr\/blog\/index.php?rest_route=%2Fwp%2Fv2%2Fmedia&parent=3445"}],"wp:term":[{"taxonomy":"category","embeddable":true,"href":"https:\/\/preservons-la-nature.fr\/blog\/index.php?rest_route=%2Fwp%2Fv2%2Fcategories&post=3445"},{"taxonomy":"post_tag","embeddable":true,"href":"https:\/\/preservons-la-nature.fr\/blog\/index.php?rest_route=%2Fwp%2Fv2%2Ftags&post=3445"}],"curies":[{"name":"wp","href":"https:\/\/api.w.org\/{rel}","templated":true}]}}